{"id":13422,"date":"2021-03-10T11:32:55","date_gmt":"2021-03-10T14:32:55","guid":{"rendered":"https:\/\/abrelivros.org.br\/site\/?p=13422"},"modified":"2021-03-10T11:32:55","modified_gmt":"2021-03-10T14:32:55","slug":"pec-emergencial-passa-em-primeiro-turno-na-camara","status":"publish","type":"post","link":"https:\/\/abrelivros.org.br\/site\/pec-emergencial-passa-em-primeiro-turno-na-camara\/","title":{"rendered":"PEC Emergencial passa, em primeiro turno, na C\u00e2mara"},"content":{"rendered":"<p>Medida que viabiliza uma nova rodada do aux\u00edlio emergencial prop\u00f5e uma minirreforma tribut\u00e1ria e presidente da Rep\u00fablica ter\u00e1 seis meses para indicar quais setores ter\u00e3o benef\u00edcios fiscais cortados. O livro pode ser um deles.<!--more--><\/p>\n<p>Na madrugada de ter\u00e7a para quarta-feira, a C\u00e2mara dos Deputados aprovou, em primeiro turno, o texto da PEC Emergencial, que busca meios de viabilizar o aux\u00edlio emergencial durante essa segunda onda da pandemia do novo coronav\u00edrus.<\/p>\n<p>Pelo texto, o governo ter\u00e1 R$ 44 bilh\u00f5es para uma nova rodada do aux\u00edlio emergencial. No entanto, a proposta n\u00e3o adianta o valor, o n\u00famero de parcelas e nem quem ser\u00e1 beneficiado no novo programa emergencial.<\/p>\n<p>Um dos pontos da proposta \u00e9 uma minirreforma tribut\u00e1ria que d\u00e1 ao presidente da Rep\u00fablica seis meses para apresentar um plano de redu\u00e7\u00e3o gradual de incentivos e benef\u00edcios a diversos setores. A PEC protege as zonas francas, institui\u00e7\u00f5es filantr\u00f3picas, fundos constitucionais, itens da cesta b\u00e1sica e bolsas de estudos para estudantes de cursos superiores.<\/p>\n<p>Na semana passada, quando o texto estava tramitando pelo Senado, Jean Paul Prates, presidente da Frente Parlamentar Mista em Defesa do Livro, da Leitura e das Bibliotecas <a href=\"https:\/\/www.publishnews.com.br\/materias\/2021\/03\/03\/senador-alerta-que-pec-emergencial-pode-ser-mais-uma-ameaca-a-desoneracao-do-livro\" target=\"_blank\" rel=\"noopener noreferrer\">alertou que a emenda \u00e0 Constitui\u00e7\u00e3o pode afetar a desonera\u00e7\u00e3o de PIS Cofins conquistada pelo setor livreiro em 2004<\/a>.<\/p>\n<p>No primeiro turno da vota\u00e7\u00e3o, n\u00e3o houve altera\u00e7\u00f5es do texto original, que veio do Senado. A mat\u00e9ria dever\u00e1 ser novamente apreciada pelos deputados. Caso haja alguma mudan\u00e7a, ela dever\u00e1 voltar ao Senado antes da san\u00e7\u00e3o presidencial.<\/p>\n","protected":false},"excerpt":{"rendered":"<p>Medida que viabiliza uma nova rodada do aux\u00edlio emergencial prop\u00f5e uma minirreforma tribut\u00e1ria e presidente da Rep\u00fablica ter\u00e1 seis meses para indicar quais setores ter\u00e3o benef\u00edcios fiscais cortados. O livro pode ser um deles.<\/p>\n","protected":false},"author":4,"featured_media":0,"comment_status":"closed","ping_status":"closed","sticky":false,"template":"","format":"standard","meta":{"footnotes":"","_links_to":"","_links_to_target":""},"categories":[9],"tags":[],"class_list":["post-13422","post","type-post","status-publish","format-standard","hentry","category-noticias-da-imprensa"],"yoast_head":"<!-- This site is optimized with the Yoast SEO plugin v15.1 - https:\/\/yoast.com\/wordpress\/plugins\/seo\/ -->\n<title>PEC Emergencial passa, em primeiro turno, na C\u00e2mara &raquo; Abrelivros<\/title>\n<meta name=\"robots\" content=\"index, follow, max-snippet:-1, max-image-preview:large, max-video-preview:-1\" \/>\n<link rel=\"canonical\" href=\"https:\/\/abrelivros.org.br\/site\/pec-emergencial-passa-em-primeiro-turno-na-camara\/\" \/>\n<meta property=\"og:locale\" content=\"pt_BR\" \/>\n<meta property=\"og:type\" content=\"article\" \/>\n<meta property=\"og:title\" content=\"PEC Emergencial passa, em primeiro turno, na C\u00e2mara &raquo; Abrelivros\" \/>\n<meta property=\"og:description\" content=\"Medida que viabiliza uma nova rodada do aux\u00edlio emergencial prop\u00f5e uma minirreforma tribut\u00e1ria e presidente da Rep\u00fablica ter\u00e1 seis meses para indicar quais setores ter\u00e3o benef\u00edcios fiscais cortados. O livro pode ser um deles.\" \/>\n<meta property=\"og:url\" content=\"https:\/\/abrelivros.org.br\/site\/pec-emergencial-passa-em-primeiro-turno-na-camara\/\" \/>\n<meta property=\"og:site_name\" content=\"Abrelivros\" \/>\n<meta property=\"article:published_time\" content=\"2021-03-10T14:32:55+00:00\" \/>\n<meta name=\"twitter:card\" content=\"summary_large_image\" \/>\n<script type=\"application\/ld+json\" class=\"yoast-schema-graph\">{\"@context\":\"https:\/\/schema.org\",\"@graph\":[{\"@type\":\"WebSite\",\"@id\":\"https:\/\/abrelivros.org.br\/site\/#website\",\"url\":\"https:\/\/abrelivros.org.br\/site\/\",\"name\":\"Abrelivros\",\"description\":\"\",\"potentialAction\":[{\"@type\":\"SearchAction\",\"target\":\"https:\/\/abrelivros.org.br\/site\/?s={search_term_string}\",\"query-input\":\"required name=search_term_string\"}],\"inLanguage\":\"pt-BR\"},{\"@type\":\"WebPage\",\"@id\":\"https:\/\/abrelivros.org.br\/site\/pec-emergencial-passa-em-primeiro-turno-na-camara\/#webpage\",\"url\":\"https:\/\/abrelivros.org.br\/site\/pec-emergencial-passa-em-primeiro-turno-na-camara\/\",\"name\":\"PEC Emergencial passa, em primeiro turno, na C\\u00e2mara &raquo; Abrelivros\",\"isPartOf\":{\"@id\":\"https:\/\/abrelivros.org.br\/site\/#website\"},\"datePublished\":\"2021-03-10T14:32:55+00:00\",\"dateModified\":\"2021-03-10T14:32:55+00:00\",\"author\":{\"@id\":\"https:\/\/abrelivros.org.br\/site\/#\/schema\/person\/65db80e26409802ce15ac5feec6a15fd\"},\"breadcrumb\":{\"@id\":\"https:\/\/abrelivros.org.br\/site\/pec-emergencial-passa-em-primeiro-turno-na-camara\/#breadcrumb\"},\"inLanguage\":\"pt-BR\",\"potentialAction\":[{\"@type\":\"ReadAction\",\"target\":[\"https:\/\/abrelivros.org.br\/site\/pec-emergencial-passa-em-primeiro-turno-na-camara\/\"]}]},{\"@type\":\"BreadcrumbList\",\"@id\":\"https:\/\/abrelivros.org.br\/site\/pec-emergencial-passa-em-primeiro-turno-na-camara\/#breadcrumb\",\"itemListElement\":[{\"@type\":\"ListItem\",\"position\":1,\"item\":{\"@type\":\"WebPage\",\"@id\":\"https:\/\/abrelivros.org.br\/site\/\",\"url\":\"https:\/\/abrelivros.org.br\/site\/\",\"name\":\"In\\u00edcio\"}},{\"@type\":\"ListItem\",\"position\":2,\"item\":{\"@type\":\"WebPage\",\"@id\":\"https:\/\/abrelivros.org.br\/site\/category\/noticias\/\",\"url\":\"https:\/\/abrelivros.org.br\/site\/category\/noticias\/\",\"name\":\"Not\\u00edcias\"}},{\"@type\":\"ListItem\",\"position\":3,\"item\":{\"@type\":\"WebPage\",\"@id\":\"https:\/\/abrelivros.org.br\/site\/category\/noticias\/noticias-da-imprensa\/\",\"url\":\"https:\/\/abrelivros.org.br\/site\/category\/noticias\/noticias-da-imprensa\/\",\"name\":\"Not\\u00edcias da imprensa\"}},{\"@type\":\"ListItem\",\"position\":4,\"item\":{\"@type\":\"WebPage\",\"@id\":\"https:\/\/abrelivros.org.br\/site\/pec-emergencial-passa-em-primeiro-turno-na-camara\/\",\"url\":\"https:\/\/abrelivros.org.br\/site\/pec-emergencial-passa-em-primeiro-turno-na-camara\/\",\"name\":\"PEC Emergencial passa, em primeiro turno, na C\\u00e2mara\"}}]},{\"@type\":\"Person\",\"@id\":\"https:\/\/abrelivros.org.br\/site\/#\/schema\/person\/65db80e26409802ce15ac5feec6a15fd\",\"name\":\"Reda\\u00e7\\u00e3o Abrelivros\",\"image\":{\"@type\":\"ImageObject\",\"@id\":\"https:\/\/abrelivros.org.br\/site\/#personlogo\",\"inLanguage\":\"pt-BR\",\"url\":\"https:\/\/secure.gravatar.com\/avatar\/c4e57f9c7e3482965bd428192061218520756c39080b1d1820b679fa5e9af192?s=96&d=mm&r=g\",\"caption\":\"Reda\\u00e7\\u00e3o Abrelivros\"}}]}<\/script>\n<!-- \/ Yoast SEO plugin. -->","_links":{"self":[{"href":"https:\/\/abrelivros.org.br\/site\/wp-json\/wp\/v2\/posts\/13422","targetHints":{"allow":["GET"]}}],"collection":[{"href":"https:\/\/abrelivros.org.br\/site\/wp-json\/wp\/v2\/posts"}],"about":[{"href":"https:\/\/abrelivros.org.br\/site\/wp-json\/wp\/v2\/types\/post"}],"author":[{"embeddable":true,"href":"https:\/\/abrelivros.org.br\/site\/wp-json\/wp\/v2\/users\/4"}],"replies":[{"embeddable":true,"href":"https:\/\/abrelivros.org.br\/site\/wp-json\/wp\/v2\/comments?post=13422"}],"version-history":[{"count":1,"href":"https:\/\/abrelivros.org.br\/site\/wp-json\/wp\/v2\/posts\/13422\/revisions"}],"predecessor-version":[{"id":13423,"href":"https:\/\/abrelivros.org.br\/site\/wp-json\/wp\/v2\/posts\/13422\/revisions\/13423"}],"wp:attachment":[{"href":"https:\/\/abrelivros.org.br\/site\/wp-json\/wp\/v2\/media?parent=13422"}],"wp:term":[{"taxonomy":"category","embeddable":true,"href":"https:\/\/abrelivros.org.br\/site\/wp-json\/wp\/v2\/categories?post=13422"},{"taxonomy":"post_tag","embeddable":true,"href":"https:\/\/abrelivros.org.br\/site\/wp-json\/wp\/v2\/tags?post=13422"}],"curies":[{"name":"wp","href":"https:\/\/api.w.org\/{rel}","templated":true}]}}