{"id":13407,"date":"2021-03-09T14:17:40","date_gmt":"2021-03-09T17:17:40","guid":{"rendered":"https:\/\/abrelivros.org.br\/site\/?p=13407"},"modified":"2021-03-09T14:17:40","modified_gmt":"2021-03-09T17:17:40","slug":"reabertura-das-escolas-e-consenso-em-debate-mas-medicos-pedem-cautela-com-momento-atual","status":"publish","type":"post","link":"https:\/\/abrelivros.org.br\/site\/reabertura-das-escolas-e-consenso-em-debate-mas-medicos-pedem-cautela-com-momento-atual\/","title":{"rendered":"Reabertura das escolas \u00e9 consenso em debate, mas m\u00e9dicos pedem cautela com momento atual"},"content":{"rendered":"<p>Deputados e especialistas em sa\u00fade e educa\u00e7\u00e3o foram un\u00e2nimes ao afirmar, nesta segunda-feira (8), que os estabelecimentos de ensino devem sempre, em qualquer situa\u00e7\u00e3o, ser os \u00faltimos a fechar e os primeiros a reabrir. Na avalia\u00e7\u00e3o deles, isso vale mesmo para cen\u00e1rios de pandemia, como o atual.<!--more--><\/p>\n<p>\u201cOs n\u00fameros mostram que as crian\u00e7as s\u00e3o menos afetadas pelo coronav\u00edrus e transmitem menos [a Covid-19]. As escolas, desde que respeitem os protocolos sanit\u00e1rios, s\u00e3o vistas em muitos pa\u00edses como os lugares mais seguros\u201d, afirmou a representante do Unicef\u2013Brasil, Florence Bauer, que participou, por videoconfer\u00eancia, de debate na C\u00e2mara dos Deputados sobre o retorno das aulas presenciais no Pa\u00eds.<\/p>\n<p>Segundo Bauer, enquanto na m\u00e9dia mundial as crian\u00e7as ficaram, desde o in\u00edcio da pandemia, 22 semanas fora da escola, no Brasil, estima-se um per\u00edodo superior a um ano (52 semanas). \u201cTemos evid\u00eancias que mostram que n\u00e3o houve aumento da transmiss\u00e3o do v\u00edrus de aluno para aluno, de aluno para adultos e que n\u00e3o tem correla\u00e7\u00e3o entre a reabertura das escolas e o aumento de casos de Covid-19 na comunidade\u201d, disse.<\/p>\n<p>Al\u00e9m do impacto na aprendizagem, considerando o aumento da evas\u00e3o escolar no per\u00edodo \u2013 de 1,2 milh\u00e3o de estudantes para cerca de 5,5 milh\u00f5es hoje \u2013 o fechamento das escolas, de acordo com ela, tem impacto na nutri\u00e7\u00e3o, na sa\u00fade e na seguran\u00e7a de crian\u00e7as e adolescentes, sobretudo as mais vulner\u00e1veis.<\/p>\n<p><strong>Atividade essencial<\/strong><br \/>\nO ponto central do debate, promovido pela Comiss\u00e3o Externa de Pol\u00edticas para a Primeira Inf\u00e2ncia e pela Frente Parlamentar da Educa\u00e7\u00e3o, foi o Projeto de Lei 5594\/20, das deputadas<a href=\"https:\/\/www.camara.leg.br\/deputados\/204528\" target=\"_blank\" rel=\"noopener noreferrer\"> Adriana Ventura (Novo-SP)<\/a>, <a href=\"https:\/\/www.camara.leg.br\/deputados\/204377\" target=\"_blank\" rel=\"noopener noreferrer\">Paula Belmonte (Cidadania-DF)<\/a> e <a href=\"https:\/\/www.camara.leg.br\/deputados\/204400\" target=\"_blank\" rel=\"noopener noreferrer\">Aline Sleutjes (PSL-PR)<\/a>. O texto inclui a educa\u00e7\u00e3o no rol de atividades essenciais durante a pandemia de Covid-19.<\/p>\n<p>Paula Belmonte, que presidiu a reuni\u00e3o, informou que a proposta j\u00e1 conta com assinaturas suficientes para que um pedido de urg\u00eancia seja apresentado ao Plen\u00e1rio.<\/p>\n<p>Para Adriana Ventura, a situa\u00e7\u00e3o dos alunos pobres \u00e9 a mais cr\u00edtica, uma vez que o isolamento for\u00e7ado pode representar uma maior exposi\u00e7\u00e3o a situa\u00e7\u00f5es de risco, como a viol\u00eancia dom\u00e9stica. \u201cCrian\u00e7as extremamente pobres ou v\u00e3o para rua ou ficam em um quarto com mais 12\u201d, disse. \u201cN\u00e3o \u00e9 s\u00f3 por tudo que representa uma escola ou uma creche aberta, mas pela quest\u00e3o da alimenta\u00e7\u00e3o, do est\u00edmulo ao aprendizado e de um ambiente seguro.\u201d<\/p>\n<p>Secret\u00e1rio de Educa\u00e7\u00e3o do Estado de S\u00e3o Paulo, Rossieli Soares da Silva informou que, desde dezembro do ano passado, o governo paulista j\u00e1 considera a educa\u00e7\u00e3o como atividade essencial, n\u00e3o podendo ser interrompida mesmo durante os per\u00edodos mais cr\u00edticos da pandemia. Atualmente, com o n\u00famero de casos em alta no estado, as institui\u00e7\u00f5es de ensino est\u00e3o autorizadas a funcionar com at\u00e9 35% das matr\u00edculas no modelo presencial.<\/p>\n<p>\u201cA escola tem de ficar aberta, h\u00e1 alunos que n\u00e3o t\u00eam o que comer em casa. Sou um defensor do uso de tecnologias, mas tem gente que n\u00e3o consegue apreender no m\u00e9todo online. Escola n\u00e3o \u00e9 local de transmiss\u00e3o, \u00e9 um ambiente controlado. Sabemos quem entra e quem sai\u201d, argumentou Silva.<\/p>\n<p>Aline Sleutjes relatou o aumento de 64% nos caos de viol\u00eancia contra crian\u00e7as durante o per\u00edodo de fechamento das escolas. \u201cOs conselhos tutelares est\u00e3o de cabelo em p\u00e9. Muitas crian\u00e7as sendo abusadas, violentadas\u201d, declarou a deputada. \u201cTemos dados e informa\u00e7\u00f5es que nos permitem saber que a escola n\u00e3o \u00e9 lugar de risco, \u00e9 um lugar seguro\u201d, acrescentou.<\/p>\n<p><strong>Colapso na sa\u00fade<\/strong><br \/>\nApesar de tamb\u00e9m considerar a volta \u00e0s aulas uma prioridade, o presidente da sociedade pedi\u00e1trica do Distrito Federal, Denis Alexander, ponderou que a reabertura das escolas deve levar em considera\u00e7\u00e3o o cen\u00e1rio epidemiol\u00f3gico de cada localidade.<\/p>\n<p>\u201cProvavelmente, o ambiente da escola vai ser muito mais seguro para muitas crian\u00e7as. A abertura \u00e9 imperativa\u201d, comentou. Alexander, no entanto, ressaltou que a reabertura dos col\u00e9gios n\u00e3o pode desconsiderar o colapso dos sistemas de sa\u00fade de algumas cidades. \u201cOs hospitais est\u00e3o cheios aqui no DF, com quase 100% de ocupa\u00e7\u00e3o, se tivermos necessidade de interna\u00e7\u00e3o, vamos ter problemas s\u00e9rios\u201d, alertou.<\/p>\n<p>Diretora da sociedade pedi\u00e1trica do DF, a m\u00e9dica Andreia Jacomo confirmou que o fechamento de escolas cria uma s\u00e9rie de complica\u00e7\u00f5es para muitas crian\u00e7as, por\u00e9m refor\u00e7ou o pedido de aten\u00e7\u00e3o dos parlamentares quanto ao momento exato de decidir pela reabertura. \u201cEstamos em pleno colapso do sistema da sa\u00fade. N\u00e3o h\u00e1 mais leitos para o tratamento da Covid-19 em hospitais de diversas cidades\u201d, ressaltou.<\/p>\n<p>Ela tamb\u00e9m refor\u00e7ou o entendimento de que crian\u00e7as e adolescentes, embora quase sempre apresentem sintomas levas da doen\u00e7a, podem igualmente transmiti-la. \u201cA grande encrenca da Covid-19 \u00e9 que os assintom\u00e1ticos a transmitem. Por isso, devemos garantir que todos usem m\u00e1scaras, exatamente para evitar transmiss\u00f5es entre os assintom\u00e1ticos.\u201d<\/p>\n","protected":false},"excerpt":{"rendered":"<p>Deputados e especialistas em sa\u00fade e educa\u00e7\u00e3o foram un\u00e2nimes ao afirmar, nesta segunda-feira (8), que os estabelecimentos de ensino devem sempre, em qualquer situa\u00e7\u00e3o, ser os \u00faltimos a fechar e os primeiros a reabrir. Na avalia\u00e7\u00e3o deles, isso vale mesmo para cen\u00e1rios de pandemia, como o atual.<\/p>\n","protected":false},"author":4,"featured_media":0,"comment_status":"closed","ping_status":"closed","sticky":false,"template":"","format":"standard","meta":{"footnotes":"","_links_to":"","_links_to_target":""},"categories":[9],"tags":[],"class_list":["post-13407","post","type-post","status-publish","format-standard","hentry","category-noticias-da-imprensa"],"yoast_head":"<!-- This site is optimized with the Yoast SEO plugin v15.1 - https:\/\/yoast.com\/wordpress\/plugins\/seo\/ -->\n<title>Reabertura das escolas \u00e9 consenso em debate, mas m\u00e9dicos pedem cautela com momento atual &raquo; Abrelivros<\/title>\n<meta name=\"robots\" content=\"index, follow, max-snippet:-1, max-image-preview:large, max-video-preview:-1\" \/>\n<link rel=\"canonical\" href=\"https:\/\/abrelivros.org.br\/site\/reabertura-das-escolas-e-consenso-em-debate-mas-medicos-pedem-cautela-com-momento-atual\/\" \/>\n<meta property=\"og:locale\" content=\"pt_BR\" \/>\n<meta property=\"og:type\" content=\"article\" \/>\n<meta property=\"og:title\" content=\"Reabertura das escolas \u00e9 consenso em debate, mas m\u00e9dicos pedem cautela com momento atual &raquo; Abrelivros\" \/>\n<meta property=\"og:description\" content=\"Deputados e especialistas em sa\u00fade e educa\u00e7\u00e3o foram un\u00e2nimes ao afirmar, nesta segunda-feira (8), que os estabelecimentos de ensino devem sempre, em qualquer situa\u00e7\u00e3o, ser os \u00faltimos a fechar e os primeiros a reabrir. Na avalia\u00e7\u00e3o deles, isso vale mesmo para cen\u00e1rios de pandemia, como o atual.\" \/>\n<meta property=\"og:url\" content=\"https:\/\/abrelivros.org.br\/site\/reabertura-das-escolas-e-consenso-em-debate-mas-medicos-pedem-cautela-com-momento-atual\/\" \/>\n<meta property=\"og:site_name\" content=\"Abrelivros\" \/>\n<meta property=\"article:published_time\" content=\"2021-03-09T17:17:40+00:00\" \/>\n<meta name=\"twitter:card\" content=\"summary_large_image\" \/>\n<script type=\"application\/ld+json\" class=\"yoast-schema-graph\">{\"@context\":\"https:\/\/schema.org\",\"@graph\":[{\"@type\":\"WebSite\",\"@id\":\"https:\/\/abrelivros.org.br\/site\/#website\",\"url\":\"https:\/\/abrelivros.org.br\/site\/\",\"name\":\"Abrelivros\",\"description\":\"\",\"potentialAction\":[{\"@type\":\"SearchAction\",\"target\":\"https:\/\/abrelivros.org.br\/site\/?s={search_term_string}\",\"query-input\":\"required name=search_term_string\"}],\"inLanguage\":\"pt-BR\"},{\"@type\":\"WebPage\",\"@id\":\"https:\/\/abrelivros.org.br\/site\/reabertura-das-escolas-e-consenso-em-debate-mas-medicos-pedem-cautela-com-momento-atual\/#webpage\",\"url\":\"https:\/\/abrelivros.org.br\/site\/reabertura-das-escolas-e-consenso-em-debate-mas-medicos-pedem-cautela-com-momento-atual\/\",\"name\":\"Reabertura das escolas \\u00e9 consenso em debate, mas m\\u00e9dicos pedem cautela com momento atual &raquo; Abrelivros\",\"isPartOf\":{\"@id\":\"https:\/\/abrelivros.org.br\/site\/#website\"},\"datePublished\":\"2021-03-09T17:17:40+00:00\",\"dateModified\":\"2021-03-09T17:17:40+00:00\",\"author\":{\"@id\":\"https:\/\/abrelivros.org.br\/site\/#\/schema\/person\/65db80e26409802ce15ac5feec6a15fd\"},\"breadcrumb\":{\"@id\":\"https:\/\/abrelivros.org.br\/site\/reabertura-das-escolas-e-consenso-em-debate-mas-medicos-pedem-cautela-com-momento-atual\/#breadcrumb\"},\"inLanguage\":\"pt-BR\",\"potentialAction\":[{\"@type\":\"ReadAction\",\"target\":[\"https:\/\/abrelivros.org.br\/site\/reabertura-das-escolas-e-consenso-em-debate-mas-medicos-pedem-cautela-com-momento-atual\/\"]}]},{\"@type\":\"BreadcrumbList\",\"@id\":\"https:\/\/abrelivros.org.br\/site\/reabertura-das-escolas-e-consenso-em-debate-mas-medicos-pedem-cautela-com-momento-atual\/#breadcrumb\",\"itemListElement\":[{\"@type\":\"ListItem\",\"position\":1,\"item\":{\"@type\":\"WebPage\",\"@id\":\"https:\/\/abrelivros.org.br\/site\/\",\"url\":\"https:\/\/abrelivros.org.br\/site\/\",\"name\":\"In\\u00edcio\"}},{\"@type\":\"ListItem\",\"position\":2,\"item\":{\"@type\":\"WebPage\",\"@id\":\"https:\/\/abrelivros.org.br\/site\/category\/noticias\/\",\"url\":\"https:\/\/abrelivros.org.br\/site\/category\/noticias\/\",\"name\":\"Not\\u00edcias\"}},{\"@type\":\"ListItem\",\"position\":3,\"item\":{\"@type\":\"WebPage\",\"@id\":\"https:\/\/abrelivros.org.br\/site\/category\/noticias\/noticias-da-imprensa\/\",\"url\":\"https:\/\/abrelivros.org.br\/site\/category\/noticias\/noticias-da-imprensa\/\",\"name\":\"Not\\u00edcias da imprensa\"}},{\"@type\":\"ListItem\",\"position\":4,\"item\":{\"@type\":\"WebPage\",\"@id\":\"https:\/\/abrelivros.org.br\/site\/reabertura-das-escolas-e-consenso-em-debate-mas-medicos-pedem-cautela-com-momento-atual\/\",\"url\":\"https:\/\/abrelivros.org.br\/site\/reabertura-das-escolas-e-consenso-em-debate-mas-medicos-pedem-cautela-com-momento-atual\/\",\"name\":\"Reabertura das escolas \\u00e9 consenso em debate, mas m\\u00e9dicos pedem cautela com momento atual\"}}]},{\"@type\":\"Person\",\"@id\":\"https:\/\/abrelivros.org.br\/site\/#\/schema\/person\/65db80e26409802ce15ac5feec6a15fd\",\"name\":\"Reda\\u00e7\\u00e3o Abrelivros\",\"image\":{\"@type\":\"ImageObject\",\"@id\":\"https:\/\/abrelivros.org.br\/site\/#personlogo\",\"inLanguage\":\"pt-BR\",\"url\":\"https:\/\/secure.gravatar.com\/avatar\/c4e57f9c7e3482965bd428192061218520756c39080b1d1820b679fa5e9af192?s=96&d=mm&r=g\",\"caption\":\"Reda\\u00e7\\u00e3o Abrelivros\"}}]}<\/script>\n<!-- \/ Yoast SEO plugin. -->","_links":{"self":[{"href":"https:\/\/abrelivros.org.br\/site\/wp-json\/wp\/v2\/posts\/13407","targetHints":{"allow":["GET"]}}],"collection":[{"href":"https:\/\/abrelivros.org.br\/site\/wp-json\/wp\/v2\/posts"}],"about":[{"href":"https:\/\/abrelivros.org.br\/site\/wp-json\/wp\/v2\/types\/post"}],"author":[{"embeddable":true,"href":"https:\/\/abrelivros.org.br\/site\/wp-json\/wp\/v2\/users\/4"}],"replies":[{"embeddable":true,"href":"https:\/\/abrelivros.org.br\/site\/wp-json\/wp\/v2\/comments?post=13407"}],"version-history":[{"count":1,"href":"https:\/\/abrelivros.org.br\/site\/wp-json\/wp\/v2\/posts\/13407\/revisions"}],"predecessor-version":[{"id":13408,"href":"https:\/\/abrelivros.org.br\/site\/wp-json\/wp\/v2\/posts\/13407\/revisions\/13408"}],"wp:attachment":[{"href":"https:\/\/abrelivros.org.br\/site\/wp-json\/wp\/v2\/media?parent=13407"}],"wp:term":[{"taxonomy":"category","embeddable":true,"href":"https:\/\/abrelivros.org.br\/site\/wp-json\/wp\/v2\/categories?post=13407"},{"taxonomy":"post_tag","embeddable":true,"href":"https:\/\/abrelivros.org.br\/site\/wp-json\/wp\/v2\/tags?post=13407"}],"curies":[{"name":"wp","href":"https:\/\/api.w.org\/{rel}","templated":true}]}}