{"id":13405,"date":"2021-03-09T14:10:11","date_gmt":"2021-03-09T17:10:11","guid":{"rendered":"https:\/\/abrelivros.org.br\/site\/?p=13405"},"modified":"2021-03-09T14:10:11","modified_gmt":"2021-03-09T17:10:11","slug":"escolas-de-sp-registraram-21-mortes-e-4-084-casos-de-covid-19-em-um-mes-diz-governo","status":"publish","type":"post","link":"https:\/\/abrelivros.org.br\/site\/escolas-de-sp-registraram-21-mortes-e-4-084-casos-de-covid-19-em-um-mes-diz-governo\/","title":{"rendered":"Escolas de SP registraram 21 mortes e 4.084 casos de Covid-19 em um m\u00eas, diz governo"},"content":{"rendered":"<p>No primeiro m\u00eas de retorno das <a href=\"https:\/\/www1.folha.uol.com.br\/educacao\/2021\/02\/como-serao-as-aulas-presenciais-nas-escolas-de-sao-paulo.shtml\" target=\"_blank\" rel=\"noopener noreferrer\">aulas presenciais<\/a> em S\u00e3o Paulo, as escolas p\u00fablicas e particulares registraram 4.084 <a href=\"https:\/\/agora.folha.uol.com.br\/sao-paulo\/2021\/02\/escolas-estaduais-registraram-77-casos-de-covid-na-primeira-semana-de-aulas-em-sp.shtml\" target=\"_blank\" rel=\"noopener noreferrer\">casos confirmados<\/a> de Covid-19 e a morte de 21 pessoas \u2014entre alunos, professores e funcion\u00e1rios\u2014 em decorr\u00eancia da doen\u00e7a.<!--more--><\/p>\n<p>Ao todo foram registrados 24.345 casos suspeitos de coronav\u00edrus nas unidades escolares. Os dados da escolas municipais da capital n\u00e3o s\u00e3o registrados no sistema estadual.<\/p>\n<p>Os dados s\u00e3o da Secretaria Estadual de Educa\u00e7\u00e3o, que criou o Simed, sistema de notifica\u00e7\u00e3o obrigat\u00f3rio para as escolas particulares e estaduais para casos suspeitos e confirmados da doen\u00e7a.<\/p>\n<p>A maioria dos casos confirmados (59%) est\u00e1 em escolas estaduais, seguido pelos col\u00e9gios particulares (37%) e pelas unidades municipais (3%), com a ressalva de n\u00e3o entrarem na conta as da capital. Al\u00e9m disso, das 645 cidades paulistas, 400 s\u00e3o obrigadas a notificar os casos no Simed por terem seus sistemas de ensino regulados pelo estado.<\/p>\n<p>Dos 21 \u00f3bitos, 19 s\u00e3o de servidores e dois de alunos. A secretaria n\u00e3o informou como esse saldo se divide entre escolas p\u00fablicas ou particulares. Dos mortos, 13 tinham doen\u00e7as cr\u00f4nicas consideradas comorbidades, e oito, n\u00e3o.<\/p>\n<p>Segundo o boletim epidemiol\u00f3gico da Secretaria de Educa\u00e7\u00e3o, os dados do primeiro m\u00eas de aulas presenciais mostram que a taxa de casos confirmados \u00e9 muito inferior a observada no estado. Os n\u00fameros observados nas escolas mostram uma incid\u00eancia de 41 casos por grupo de 100 mil \u2014em S\u00e3o Paulo, a propor\u00e7\u00e3o geral \u00e9 de 1.393 por 100 mil.<\/p>\n<p>\u201cA taxa de incid\u00eancia notificada pelas escolas p\u00fablicas e privadas foi 33 vezes menor do que a do Estado. Tal fato est\u00e1 em conson\u00e2ncia com as evid\u00eancias cient\u00edficas que apontam que os n\u00fameros de contamina\u00e7\u00e3o relativos \u00e0queles que frequentam o ambiente escolar s\u00e3o sempre inferiores aos da transmiss\u00e3o comunit\u00e1ria\u201d, diz o boletim.<\/p>\n<p>Entre os casos confirmados da doen\u00e7a, 62% foram registrados em funcion\u00e1rios e 38% em estudantes. A maioria dos contaminados (62%) s\u00e3o mulheres.<\/p>\n<p>Das mulheres infectadas pelo v\u00edrus, a faixa et\u00e1ria mais afetada foi a de 40 a 49 anos, que responde por 26% dos casos. Entre os homens, a faixa mais afetada \u00e9 a de 15 a 19 anos, com 22,9%.<\/p>\n<p>O n\u00famero de alunos e funcion\u00e1rios que frequentaram as escolas no \u00faltimo m\u00eas n\u00e3o \u00e9 informado no boletim. Desde o in\u00edcio do ano, as unidades escolares est\u00e3o autorizadas a oferecer atividades presenciais.<\/p>\n<p>Atualmente, com o estado na <a href=\"https:\/\/www1.folha.uol.com.br\/equilibrioesaude\/2021\/03\/fase-vermelha-no-estado-de-sp-comeca-a-meia-noite-de-sabado-6.shtml\" target=\"_blank\" rel=\"noopener noreferrer\">fase vermelha<\/a> diante da piora da pandemia, elas s\u00f3 podem funcionar com at\u00e9 35% dos alunos. Apesar de autorizadas, algumas escolas particulares optaram por suspender as aulas presenciais. Na rede estadual, a orienta\u00e7\u00e3o \u00e9 para que atendam apenas os estudantes mais vulner\u00e1veis.<\/p>\n<p>Os dados do Simed tamb\u00e9m mostram que h\u00e1 maior concentra\u00e7\u00e3o de casos nas regi\u00f5es de <a href=\"https:\/\/www1.folha.uol.com.br\/equilibrioesaude\/2021\/03\/araraquara-bate-recorde-de-mortes-por-covid-19-em-um-unico-dia.shtml\" target=\"_blank\" rel=\"noopener noreferrer\">Araraquara<\/a> e S\u00e3o Jos\u00e9 do Rio Preto, onde a taxa de transmiss\u00e3o da doen\u00e7a na comunidade em geral est\u00e1 mais elevada.<\/p>\n<p>O boletim divulgado nesta segunda (8) mostra que o n\u00famero de casos confirmados nas escolas seguiu a<a href=\"https:\/\/www1.folha.uol.com.br\/equilibrioesaude\/2021\/03\/brasil-bate-10o-recorde-consecutivo-de-media-movel-de-mortes-por-covid-com-1540-obitos.shtml\" target=\"_blank\" rel=\"noopener noreferrer\"> tend\u00eancia de eleva\u00e7\u00e3o das contamina\u00e7\u00f5es registradas em todo o estado<\/a>. Na primeira semana de fevereiro, quando as aulas come\u00e7aram, foram 295 casos positivos. Na primeira semana de mar\u00e7o, o n\u00famero subiu para 1.130.<\/p>\n<p>Desde o in\u00edcio do ano letivo, \u00e9 a segunda vez que a secretaria divulga dados de contamina\u00e7\u00e3o nas escolas. A \u00faltima atualiza\u00e7\u00e3o era de 13 de mar\u00e7o, quando as aulas na rede estadual tinham come\u00e7ado h\u00e1 menos de uma semana.<\/p>\n<p>Apesar da comunica\u00e7\u00e3o obrigat\u00f3ria de casos por parte das escolas, a secretaria n\u00e3o tem divulgado os dados de forma peri\u00f3dica para acompanhamento das fam\u00edlias, funcion\u00e1rios e diretores. Para especialistas em educa\u00e7\u00e3o, a divulga\u00e7\u00e3o sistem\u00e1tica dessas informa\u00e7\u00f5es poderia contribuir para que a comunidade sentisse maior seguran\u00e7a no retorno \u00e0s aulas.<\/p>\n<p>&#8220;O que aprendemos com a experi\u00eancia dos pa\u00edses europeus \u00e9 que os alunos s\u00f3 voltam quando h\u00e1 confian\u00e7a no ambiente escolar&#8221;, diz Jo\u00e3o Marcelo Borges, pesquisador do Centro de Desenvolvimento da Gest\u00e3o P\u00fablica e Pol\u00edticas Educacionais, da Funda\u00e7\u00e3o Get\u00falio Vargas.<\/p>\n<p>&#8220;Para isso, \u00e9 importante que os professores e pais saibam o que est\u00e1 acontecendo, que os dados sejam divulgados de forma transparente e frequente.&#8221;<\/p>\n<p>Desde o in\u00edcio do ano letivo em 8 de fevereiro, os professores da rede estadual est\u00e3o em greve. Nesta segunda, os docentes de escolas particulares tamb\u00e9m aprovaram paralisa\u00e7\u00e3o a partir de quinta (11) diante da escalada de casos de Covid-19.<\/p>\n","protected":false},"excerpt":{"rendered":"<p>No primeiro m\u00eas de retorno das aulas presenciais em S\u00e3o Paulo, as escolas p\u00fablicas e particulares registraram 4.084 casos confirmados de Covid-19 e a morte de 21 pessoas \u2014entre alunos, professores e funcion\u00e1rios\u2014 em decorr\u00eancia da doen\u00e7a.<\/p>\n","protected":false},"author":4,"featured_media":0,"comment_status":"closed","ping_status":"closed","sticky":false,"template":"","format":"standard","meta":{"footnotes":"","_links_to":"","_links_to_target":""},"categories":[9],"tags":[],"class_list":["post-13405","post","type-post","status-publish","format-standard","hentry","category-noticias-da-imprensa"],"yoast_head":"<!-- This site is optimized with the Yoast SEO plugin v15.1 - https:\/\/yoast.com\/wordpress\/plugins\/seo\/ -->\n<title>Escolas de SP registraram 21 mortes e 4.084 casos de Covid-19 em um m\u00eas, diz governo &raquo; Abrelivros<\/title>\n<meta name=\"robots\" content=\"index, follow, max-snippet:-1, max-image-preview:large, max-video-preview:-1\" \/>\n<link rel=\"canonical\" href=\"https:\/\/abrelivros.org.br\/site\/escolas-de-sp-registraram-21-mortes-e-4-084-casos-de-covid-19-em-um-mes-diz-governo\/\" \/>\n<meta property=\"og:locale\" content=\"pt_BR\" \/>\n<meta property=\"og:type\" content=\"article\" \/>\n<meta property=\"og:title\" content=\"Escolas de SP registraram 21 mortes e 4.084 casos de Covid-19 em um m\u00eas, diz governo &raquo; Abrelivros\" \/>\n<meta property=\"og:description\" content=\"No primeiro m\u00eas de retorno das aulas presenciais em S\u00e3o Paulo, as escolas p\u00fablicas e particulares registraram 4.084 casos confirmados de Covid-19 e a morte de 21 pessoas \u2014entre alunos, professores e funcion\u00e1rios\u2014 em decorr\u00eancia da doen\u00e7a.\" \/>\n<meta property=\"og:url\" content=\"https:\/\/abrelivros.org.br\/site\/escolas-de-sp-registraram-21-mortes-e-4-084-casos-de-covid-19-em-um-mes-diz-governo\/\" \/>\n<meta property=\"og:site_name\" content=\"Abrelivros\" \/>\n<meta property=\"article:published_time\" content=\"2021-03-09T17:10:11+00:00\" \/>\n<meta name=\"twitter:card\" content=\"summary_large_image\" \/>\n<script type=\"application\/ld+json\" class=\"yoast-schema-graph\">{\"@context\":\"https:\/\/schema.org\",\"@graph\":[{\"@type\":\"WebSite\",\"@id\":\"https:\/\/abrelivros.org.br\/site\/#website\",\"url\":\"https:\/\/abrelivros.org.br\/site\/\",\"name\":\"Abrelivros\",\"description\":\"\",\"potentialAction\":[{\"@type\":\"SearchAction\",\"target\":\"https:\/\/abrelivros.org.br\/site\/?s={search_term_string}\",\"query-input\":\"required name=search_term_string\"}],\"inLanguage\":\"pt-BR\"},{\"@type\":\"WebPage\",\"@id\":\"https:\/\/abrelivros.org.br\/site\/escolas-de-sp-registraram-21-mortes-e-4-084-casos-de-covid-19-em-um-mes-diz-governo\/#webpage\",\"url\":\"https:\/\/abrelivros.org.br\/site\/escolas-de-sp-registraram-21-mortes-e-4-084-casos-de-covid-19-em-um-mes-diz-governo\/\",\"name\":\"Escolas de SP registraram 21 mortes e 4.084 casos de Covid-19 em um m\\u00eas, diz governo &raquo; Abrelivros\",\"isPartOf\":{\"@id\":\"https:\/\/abrelivros.org.br\/site\/#website\"},\"datePublished\":\"2021-03-09T17:10:11+00:00\",\"dateModified\":\"2021-03-09T17:10:11+00:00\",\"author\":{\"@id\":\"https:\/\/abrelivros.org.br\/site\/#\/schema\/person\/65db80e26409802ce15ac5feec6a15fd\"},\"breadcrumb\":{\"@id\":\"https:\/\/abrelivros.org.br\/site\/escolas-de-sp-registraram-21-mortes-e-4-084-casos-de-covid-19-em-um-mes-diz-governo\/#breadcrumb\"},\"inLanguage\":\"pt-BR\",\"potentialAction\":[{\"@type\":\"ReadAction\",\"target\":[\"https:\/\/abrelivros.org.br\/site\/escolas-de-sp-registraram-21-mortes-e-4-084-casos-de-covid-19-em-um-mes-diz-governo\/\"]}]},{\"@type\":\"BreadcrumbList\",\"@id\":\"https:\/\/abrelivros.org.br\/site\/escolas-de-sp-registraram-21-mortes-e-4-084-casos-de-covid-19-em-um-mes-diz-governo\/#breadcrumb\",\"itemListElement\":[{\"@type\":\"ListItem\",\"position\":1,\"item\":{\"@type\":\"WebPage\",\"@id\":\"https:\/\/abrelivros.org.br\/site\/\",\"url\":\"https:\/\/abrelivros.org.br\/site\/\",\"name\":\"In\\u00edcio\"}},{\"@type\":\"ListItem\",\"position\":2,\"item\":{\"@type\":\"WebPage\",\"@id\":\"https:\/\/abrelivros.org.br\/site\/category\/noticias\/\",\"url\":\"https:\/\/abrelivros.org.br\/site\/category\/noticias\/\",\"name\":\"Not\\u00edcias\"}},{\"@type\":\"ListItem\",\"position\":3,\"item\":{\"@type\":\"WebPage\",\"@id\":\"https:\/\/abrelivros.org.br\/site\/category\/noticias\/noticias-da-imprensa\/\",\"url\":\"https:\/\/abrelivros.org.br\/site\/category\/noticias\/noticias-da-imprensa\/\",\"name\":\"Not\\u00edcias da imprensa\"}},{\"@type\":\"ListItem\",\"position\":4,\"item\":{\"@type\":\"WebPage\",\"@id\":\"https:\/\/abrelivros.org.br\/site\/escolas-de-sp-registraram-21-mortes-e-4-084-casos-de-covid-19-em-um-mes-diz-governo\/\",\"url\":\"https:\/\/abrelivros.org.br\/site\/escolas-de-sp-registraram-21-mortes-e-4-084-casos-de-covid-19-em-um-mes-diz-governo\/\",\"name\":\"Escolas de SP registraram 21 mortes e 4.084 casos de Covid-19 em um m\\u00eas, diz governo\"}}]},{\"@type\":\"Person\",\"@id\":\"https:\/\/abrelivros.org.br\/site\/#\/schema\/person\/65db80e26409802ce15ac5feec6a15fd\",\"name\":\"Reda\\u00e7\\u00e3o Abrelivros\",\"image\":{\"@type\":\"ImageObject\",\"@id\":\"https:\/\/abrelivros.org.br\/site\/#personlogo\",\"inLanguage\":\"pt-BR\",\"url\":\"https:\/\/secure.gravatar.com\/avatar\/c4e57f9c7e3482965bd428192061218520756c39080b1d1820b679fa5e9af192?s=96&d=mm&r=g\",\"caption\":\"Reda\\u00e7\\u00e3o Abrelivros\"}}]}<\/script>\n<!-- \/ Yoast SEO plugin. -->","_links":{"self":[{"href":"https:\/\/abrelivros.org.br\/site\/wp-json\/wp\/v2\/posts\/13405","targetHints":{"allow":["GET"]}}],"collection":[{"href":"https:\/\/abrelivros.org.br\/site\/wp-json\/wp\/v2\/posts"}],"about":[{"href":"https:\/\/abrelivros.org.br\/site\/wp-json\/wp\/v2\/types\/post"}],"author":[{"embeddable":true,"href":"https:\/\/abrelivros.org.br\/site\/wp-json\/wp\/v2\/users\/4"}],"replies":[{"embeddable":true,"href":"https:\/\/abrelivros.org.br\/site\/wp-json\/wp\/v2\/comments?post=13405"}],"version-history":[{"count":1,"href":"https:\/\/abrelivros.org.br\/site\/wp-json\/wp\/v2\/posts\/13405\/revisions"}],"predecessor-version":[{"id":13406,"href":"https:\/\/abrelivros.org.br\/site\/wp-json\/wp\/v2\/posts\/13405\/revisions\/13406"}],"wp:attachment":[{"href":"https:\/\/abrelivros.org.br\/site\/wp-json\/wp\/v2\/media?parent=13405"}],"wp:term":[{"taxonomy":"category","embeddable":true,"href":"https:\/\/abrelivros.org.br\/site\/wp-json\/wp\/v2\/categories?post=13405"},{"taxonomy":"post_tag","embeddable":true,"href":"https:\/\/abrelivros.org.br\/site\/wp-json\/wp\/v2\/tags?post=13405"}],"curies":[{"name":"wp","href":"https:\/\/api.w.org\/{rel}","templated":true}]}}