{"id":13402,"date":"2021-03-08T14:21:24","date_gmt":"2021-03-08T17:21:24","guid":{"rendered":"https:\/\/abrelivros.org.br\/site\/?p=13402"},"modified":"2021-03-08T14:21:24","modified_gmt":"2021-03-08T17:21:24","slug":"conteudos-digitais-a-grande-novidade-do-pnld-2023","status":"publish","type":"post","link":"https:\/\/abrelivros.org.br\/site\/conteudos-digitais-a-grande-novidade-do-pnld-2023\/","title":{"rendered":"Conte\u00fados digitais: a grande novidade do PNLD 2023"},"content":{"rendered":"<p>Um dos grandes catalisadores do mercado de livros educacionais s\u00e3o as compras governamentais, mais especificamente o Programa Nacional do Livro e do Material Did\u00e1tico (PNLD), um dos maiores programas de distribui\u00e7\u00e3o de livros do mundo.<!--more--><\/p>\n<p>O edital do PNLD 2023 j\u00e1 est\u00e1 no ar e causou surpresa ao deixar de exigir itens de observ\u00e2ncia a princ\u00edpios \u00e9ticos e democr\u00e1ticos. Mas uma das principais novidades relacionados a esse edital era uma bola contada e bastante esperada por editores: pela primeira vez o FNDE comprar\u00e1 livros digitais para os alunos das redes p\u00fablicas de ensino de todo o Brasil.<\/p>\n<p>Para falar sobre o impacto dessa decis\u00e3o na ind\u00fastria do livro, o Podcast do PublishNews recebeu Gabriela Dias, especialista em conte\u00fado multiplataforma, tecnologia educacional e inova\u00e7\u00e3o, e Paulo Henrique Santo Pedro, co-fundador da F\u00eanix Editorial, empresa especializada em solu\u00e7\u00f5es tecnol\u00f3gicas no mercado editorial.<\/p>\n<p>Na vis\u00e3o de Gabriela, as mudan\u00e7as nesse novo edital podem ser vistas como uma nova virada depois de anos de editais pedindo poucas altera\u00e7\u00f5es. \u201cEscrevi uma coluna para o PublishNews em 2012 que se chamava <a href=\"https:\/\/www.publishnews.com.br\/materias\/2012\/01\/19\/66760-o-ano-da-virada\" target=\"_blank\" rel=\"noopener noreferrer\">O ano da virada<\/a> e \u00e9 engra\u00e7ado como estamos em fevereiro de 2021 e esse t\u00edtulo poderia servir da mesma maneira\u201d, brincou.<\/p>\n<p>J\u00e1 Paulo elogiou a decis\u00e3o do MEC de trazer mais mudan\u00e7as para o edital, que no decorrer dos anos, vinha apresentando mais inova\u00e7\u00f5es na quest\u00e3o de acessibilidade e digitaliza\u00e7\u00e3o. Ele falou tamb\u00e9m sobre a ado\u00e7\u00e3o do HTML5 como formato padr\u00e3o para os livros. \u201cEu encaro isso como olhar direito para o futuro\u201d, declarou.<\/p>\n<p>No bate-papo, al\u00e9m do impacto, eles falaram sobre os desafios, as dificuldades e os caminhos a serem trilhados no PNLD 2023.<\/p>\n","protected":false},"excerpt":{"rendered":"<p>Um dos grandes catalisadores do mercado de livros educacionais s\u00e3o as compras governamentais, mais especificamente o Programa Nacional do Livro e do Material Did\u00e1tico (PNLD), um dos maiores programas de distribui\u00e7\u00e3o de livros do mundo.<\/p>\n","protected":false},"author":4,"featured_media":0,"comment_status":"closed","ping_status":"closed","sticky":false,"template":"","format":"standard","meta":{"footnotes":"","_links_to":"","_links_to_target":""},"categories":[9,10],"tags":[],"class_list":["post-13402","post","type-post","status-publish","format-standard","hentry","category-noticias-da-imprensa","category-pnld-programa-nacional-do-livro-e-do-material-didatico"],"yoast_head":"<!-- This site is optimized with the Yoast SEO plugin v15.1 - https:\/\/yoast.com\/wordpress\/plugins\/seo\/ -->\n<title>Conte\u00fados digitais: a grande novidade do PNLD 2023 &raquo; Abrelivros<\/title>\n<meta name=\"robots\" content=\"index, follow, max-snippet:-1, max-image-preview:large, max-video-preview:-1\" \/>\n<link rel=\"canonical\" href=\"https:\/\/abrelivros.org.br\/site\/conteudos-digitais-a-grande-novidade-do-pnld-2023\/\" \/>\n<meta property=\"og:locale\" content=\"pt_BR\" \/>\n<meta property=\"og:type\" content=\"article\" \/>\n<meta property=\"og:title\" content=\"Conte\u00fados digitais: a grande novidade do PNLD 2023 &raquo; Abrelivros\" \/>\n<meta property=\"og:description\" content=\"Um dos grandes catalisadores do mercado de livros educacionais s\u00e3o as compras governamentais, mais especificamente o Programa Nacional do Livro e do Material Did\u00e1tico (PNLD), um dos maiores programas de distribui\u00e7\u00e3o de livros do mundo.\" \/>\n<meta property=\"og:url\" content=\"https:\/\/abrelivros.org.br\/site\/conteudos-digitais-a-grande-novidade-do-pnld-2023\/\" \/>\n<meta property=\"og:site_name\" content=\"Abrelivros\" \/>\n<meta property=\"article:published_time\" content=\"2021-03-08T17:21:24+00:00\" \/>\n<meta name=\"twitter:card\" content=\"summary_large_image\" \/>\n<script type=\"application\/ld+json\" class=\"yoast-schema-graph\">{\"@context\":\"https:\/\/schema.org\",\"@graph\":[{\"@type\":\"WebSite\",\"@id\":\"https:\/\/abrelivros.org.br\/site\/#website\",\"url\":\"https:\/\/abrelivros.org.br\/site\/\",\"name\":\"Abrelivros\",\"description\":\"\",\"potentialAction\":[{\"@type\":\"SearchAction\",\"target\":\"https:\/\/abrelivros.org.br\/site\/?s={search_term_string}\",\"query-input\":\"required name=search_term_string\"}],\"inLanguage\":\"pt-BR\"},{\"@type\":\"WebPage\",\"@id\":\"https:\/\/abrelivros.org.br\/site\/conteudos-digitais-a-grande-novidade-do-pnld-2023\/#webpage\",\"url\":\"https:\/\/abrelivros.org.br\/site\/conteudos-digitais-a-grande-novidade-do-pnld-2023\/\",\"name\":\"Conte\\u00fados digitais: a grande novidade do PNLD 2023 &raquo; Abrelivros\",\"isPartOf\":{\"@id\":\"https:\/\/abrelivros.org.br\/site\/#website\"},\"datePublished\":\"2021-03-08T17:21:24+00:00\",\"dateModified\":\"2021-03-08T17:21:24+00:00\",\"author\":{\"@id\":\"https:\/\/abrelivros.org.br\/site\/#\/schema\/person\/65db80e26409802ce15ac5feec6a15fd\"},\"breadcrumb\":{\"@id\":\"https:\/\/abrelivros.org.br\/site\/conteudos-digitais-a-grande-novidade-do-pnld-2023\/#breadcrumb\"},\"inLanguage\":\"pt-BR\",\"potentialAction\":[{\"@type\":\"ReadAction\",\"target\":[\"https:\/\/abrelivros.org.br\/site\/conteudos-digitais-a-grande-novidade-do-pnld-2023\/\"]}]},{\"@type\":\"BreadcrumbList\",\"@id\":\"https:\/\/abrelivros.org.br\/site\/conteudos-digitais-a-grande-novidade-do-pnld-2023\/#breadcrumb\",\"itemListElement\":[{\"@type\":\"ListItem\",\"position\":1,\"item\":{\"@type\":\"WebPage\",\"@id\":\"https:\/\/abrelivros.org.br\/site\/\",\"url\":\"https:\/\/abrelivros.org.br\/site\/\",\"name\":\"In\\u00edcio\"}},{\"@type\":\"ListItem\",\"position\":2,\"item\":{\"@type\":\"WebPage\",\"@id\":\"https:\/\/abrelivros.org.br\/site\/category\/noticias\/\",\"url\":\"https:\/\/abrelivros.org.br\/site\/category\/noticias\/\",\"name\":\"Not\\u00edcias\"}},{\"@type\":\"ListItem\",\"position\":3,\"item\":{\"@type\":\"WebPage\",\"@id\":\"https:\/\/abrelivros.org.br\/site\/category\/noticias\/noticias-da-imprensa\/\",\"url\":\"https:\/\/abrelivros.org.br\/site\/category\/noticias\/noticias-da-imprensa\/\",\"name\":\"Not\\u00edcias da imprensa\"}},{\"@type\":\"ListItem\",\"position\":4,\"item\":{\"@type\":\"WebPage\",\"@id\":\"https:\/\/abrelivros.org.br\/site\/conteudos-digitais-a-grande-novidade-do-pnld-2023\/\",\"url\":\"https:\/\/abrelivros.org.br\/site\/conteudos-digitais-a-grande-novidade-do-pnld-2023\/\",\"name\":\"Conte\\u00fados digitais: a grande novidade do PNLD 2023\"}}]},{\"@type\":\"Person\",\"@id\":\"https:\/\/abrelivros.org.br\/site\/#\/schema\/person\/65db80e26409802ce15ac5feec6a15fd\",\"name\":\"Reda\\u00e7\\u00e3o Abrelivros\",\"image\":{\"@type\":\"ImageObject\",\"@id\":\"https:\/\/abrelivros.org.br\/site\/#personlogo\",\"inLanguage\":\"pt-BR\",\"url\":\"https:\/\/secure.gravatar.com\/avatar\/c4e57f9c7e3482965bd428192061218520756c39080b1d1820b679fa5e9af192?s=96&d=mm&r=g\",\"caption\":\"Reda\\u00e7\\u00e3o Abrelivros\"}}]}<\/script>\n<!-- \/ Yoast SEO plugin. -->","_links":{"self":[{"href":"https:\/\/abrelivros.org.br\/site\/wp-json\/wp\/v2\/posts\/13402","targetHints":{"allow":["GET"]}}],"collection":[{"href":"https:\/\/abrelivros.org.br\/site\/wp-json\/wp\/v2\/posts"}],"about":[{"href":"https:\/\/abrelivros.org.br\/site\/wp-json\/wp\/v2\/types\/post"}],"author":[{"embeddable":true,"href":"https:\/\/abrelivros.org.br\/site\/wp-json\/wp\/v2\/users\/4"}],"replies":[{"embeddable":true,"href":"https:\/\/abrelivros.org.br\/site\/wp-json\/wp\/v2\/comments?post=13402"}],"version-history":[{"count":1,"href":"https:\/\/abrelivros.org.br\/site\/wp-json\/wp\/v2\/posts\/13402\/revisions"}],"predecessor-version":[{"id":13403,"href":"https:\/\/abrelivros.org.br\/site\/wp-json\/wp\/v2\/posts\/13402\/revisions\/13403"}],"wp:attachment":[{"href":"https:\/\/abrelivros.org.br\/site\/wp-json\/wp\/v2\/media?parent=13402"}],"wp:term":[{"taxonomy":"category","embeddable":true,"href":"https:\/\/abrelivros.org.br\/site\/wp-json\/wp\/v2\/categories?post=13402"},{"taxonomy":"post_tag","embeddable":true,"href":"https:\/\/abrelivros.org.br\/site\/wp-json\/wp\/v2\/tags?post=13402"}],"curies":[{"name":"wp","href":"https:\/\/api.w.org\/{rel}","templated":true}]}}