{"id":13400,"date":"2021-03-08T14:15:12","date_gmt":"2021-03-08T17:15:12","guid":{"rendered":"https:\/\/abrelivros.org.br\/site\/?p=13400"},"modified":"2021-03-08T14:15:12","modified_gmt":"2021-03-08T17:15:12","slug":"apanhadao-pesquisa-mostra-que-brasileiro-aumentou-gastos-com-midia-em-casa-incluindo-livros","status":"publish","type":"post","link":"https:\/\/abrelivros.org.br\/site\/apanhadao-pesquisa-mostra-que-brasileiro-aumentou-gastos-com-midia-em-casa-incluindo-livros\/","title":{"rendered":"Apanhad\u00e3o: Pesquisa mostra que brasileiro aumentou gastos com m\u00eddia em casa, incluindo livros"},"content":{"rendered":"<p>Mat\u00e9ria do <a href=\"https:\/\/www.estadao.com.br\/infograficos\/brasil,no-isolamento-social-da-pandemia-televisao-musica-e-livros-viram-amigos-de-todas-as-horas,1153705?utm_campaign=apanhadao_08032021_-_teste&amp;utm_medium=email&amp;utm_source=RD+Station\" target=\"_blank\" rel=\"noopener noreferrer\">Estad\u00e3o<\/a> fez um levantamento sobre os novos h\u00e1bitos dos brasileiros durante a pandemia. A conclus\u00e3o \u00e9 que durante o isolamento, s\u00e9ries de televis\u00e3o e livros viraram os amigos pra todas as horas.<!--more--> Segundo pesquisa da consultoria Oliver Wyman, se 70% dos brasileiros reduziram muito ou levemente os gastos com entretenimento fora de casa no ano passado, a quarentena levou 29% dos entrevistados a aumentarem suas despesas com m\u00eddia em casa \u2013 televis\u00e3o, streaming, m\u00fasica e livros, por exemplo.<\/p>\n<p>Na sexta (5), o governo Bolsonaro publicou uma portaria que impede que propostas culturais que pleiteiam incentivo via Lei Rouanet sejam analisadas e aprovadas nos pr\u00f3ximos 15 dias caso elas envolvam \u201cintera\u00e7\u00e3o presencial\u201d e sejam de estados onde atualmente vigoram medidas de restri\u00e7\u00e3o de circula\u00e7\u00e3o, toque de recolher ou lockdown. Um dos locais atingidos diretamente pela portaria \u00e9 S\u00e3o Paulo, que entrou na fase vermelha no s\u00e1bado. Produtores culturais ouvidos pela Folha afirmam que, com tudo fechado, a portaria n\u00e3o traz consequ\u00eancias no curto prazo. No longo prazo, por\u00e9m, ela pode atrasar ainda mais a retomada da economia numa eventual melhora do cen\u00e1rio de crise do coronav\u00edrus. A suspens\u00e3o de Rouanet \u00e9 in\u00f3cua agora, mas ter\u00e1 efeitos em seis meses, analisou a <a href=\"https:\/\/www1.folha.uol.com.br\/ilustrada\/2021\/03\/suspensao-de-rouanet-e-inocua-agora-mas-tera-efeitos-em-seis-meses-dizem-produtores.shtml?utm_campaign=apanhadao_08032021_-_teste&amp;utm_medium=email&amp;utm_source=RD+Station\" target=\"_blank\" rel=\"noopener noreferrer\">Folha<\/a>.<\/p>\n<p>A coluna da <a href=\"https:\/\/www1.folha.uol.com.br\/colunas\/monicabergamo\/2021\/03\/setor-cultural-teme-paralisacao-da-rouanet-com-fim-de-mandato-em-comissao.shtml?utm_campaign=apanhadao_08032021_-_teste&amp;utm_medium=email&amp;utm_source=RD+Station\" target=\"_blank\" rel=\"noopener noreferrer\">M\u00f4nica Bergamo<\/a> tamb\u00e9m falou sobre o assunto. Segundo ela, o setor cultural teme a paraliza\u00e7\u00e3o da Rouanet com fim do mandato da Comiss\u00e3o Nacional de Incentivo \u00e0 Cultura, que ser\u00e1 encerrado neste m\u00eas. At\u00e9 agora, n\u00e3o h\u00e1 previs\u00e3o de publica\u00e7\u00e3o de edital para selecionar a nova composi\u00e7\u00e3o do comit\u00ea para o bi\u00eanio 2021-2022.<\/p>\n<p>O <a href=\"https:\/\/valor.globo.com\/empresas\/noticia\/2021\/03\/06\/saraiva-pede-pelo-menos-r-190-milhes-por-23-lojas.ghtml?utm_campaign=apanhadao_08032021_-_teste&amp;utm_medium=email&amp;utm_source=RD+Station\" target=\"_blank\" rel=\"noopener noreferrer\">Valor<\/a> informou que a Saraiva pede, pelo menos, R$ 190 milh\u00f5es por 23 lojas, no entanto, de acordo com a apura\u00e7\u00e3o do pr\u00f3prio jornal, embora a Saraiva j\u00e1 vem buscando interessados no pacote de lojas e de seu site h\u00e1 mais de um ano, n\u00e3o houve avan\u00e7os numa negocia\u00e7\u00e3o. Fundos e empresas do setor j\u00e1 teriam sido sondados para avaliar a opera\u00e7\u00e3o, mas a crise ap\u00f3s 2020, que afetou consumo e ampliou a oferta de lojas no varejo, acabou desestimulando um acordo.<\/p>\n<p>A nova livraria Gato sem rabo foi destaque na <a href=\"https:\/\/cultura.estadao.com.br\/blogs\/babel\/um-livro-por-semana-45-nova-geracao-as-29-poetas-hoje\/?utm_campaign=apanhadao_08032021_-_teste&amp;utm_medium=email&amp;utm_source=RD+Station\" target=\"_blank\" rel=\"noopener noreferrer\">coluna da Babel<\/a>. Idealizada por Johanna Stein, a livraria dedicada a livros escritos por mulheres deve inaugurar em abril, na rua Amaral Gurgel, 338. Em 65 m\u00b2, ela vai abrigar 5 mil exemplares de 1.500 t\u00edtulos, al\u00e9m de um pequeno caf\u00e9 operado pelo restaurante Cora, que funciona no mesmo pr\u00e9dio, e espa\u00e7o para evento.<\/p>\n<p>No prelo das editoras, a coluna destacou a Oficina Raquel, que estreia na HQ em maio com A liga das superfeministas, obra da francesa Mirion Malle para crian\u00e7as e pais.<\/p>\n<p>Na <a href=\"https:\/\/www1.folha.uol.com.br\/colunas\/walter-porto\/2021\/03\/critico-mario-pedrosa-ganhara-biografia-por-jornalista-gaucho.shtml?utm_campaign=apanhadao_08032021_-_teste&amp;utm_medium=email&amp;utm_source=RD+Station\" target=\"_blank\" rel=\"noopener noreferrer\">Painel das Letras<\/a>, mais prelo. A Record vai lan\u00e7ar a biografia de M\u00e1rio Pedrosa que vem sendo preparada pelo jornalista ga\u00facho Luiz Ant\u00f4nio Araujo. A previs\u00e3o \u00e9 que o livro sobre o cr\u00edtico de arte e militante de esquerda saia em 2023. A Todavia vai lan\u00e7ar, em 2022, a tradu\u00e7\u00e3o de The odd woman and the city (a mulher peculiar e a cidade), de Vivian Gornick. E um conto de Lygia Fagundes Telles encomendado e publicado por uma revista nos anos 1980 sair\u00e1 em livro pela primeira vez, como parte da homenagem da Festa Liter\u00e1ria Internacional da Mantiqueira \u00e0 escritora. A obra chama A espera.<\/p>\n<p>A <a href=\"https:\/\/www.cnnbrasil.com.br\/entretenimento\/2021\/03\/07\/livros-classicos-sobre-mulheres-inspiram-geracoes-e-seguem-entre-mais-vendidos?utm_campaign=apanhadao_08032021_-_teste&amp;utm_medium=email&amp;utm_source=RD+Station\" target=\"_blank\" rel=\"noopener noreferrer\">CNN Brasil<\/a> listou livros cl\u00e1ssicos sobre mulheres que inspiram gera\u00e7\u00f5es e seguem entre mais vendidos. Obras lan\u00e7adas anos, d\u00e9cadas e at\u00e9 s\u00e9culos atr\u00e1s retratam luta por igualdade entre g\u00eaneros ao longo da hist\u00f3ria e encabe\u00e7am listas de vendas no Brasil. Entre eles est\u00e3o Mulheres que correm com os lobos (Rocco), de Clarissa Pinkol\u00e1 Est\u00e9s; O conto da Aia (Rocco), de Margaret Atwood; e O morro dos ventos uivantes (Principis), de Emily Bronte.<\/p>\n","protected":false},"excerpt":{"rendered":"<p>Mat\u00e9ria do Estad\u00e3o fez um levantamento sobre os novos h\u00e1bitos dos brasileiros durante a pandemia. A conclus\u00e3o \u00e9 que durante o isolamento, s\u00e9ries de televis\u00e3o e livros viraram os amigos pra todas as horas.<\/p>\n","protected":false},"author":4,"featured_media":0,"comment_status":"closed","ping_status":"closed","sticky":false,"template":"","format":"standard","meta":{"footnotes":"","_links_to":"","_links_to_target":""},"categories":[9],"tags":[],"class_list":["post-13400","post","type-post","status-publish","format-standard","hentry","category-noticias-da-imprensa"],"yoast_head":"<!-- This site is optimized with the Yoast SEO plugin v15.1 - https:\/\/yoast.com\/wordpress\/plugins\/seo\/ -->\n<title>Apanhad\u00e3o: Pesquisa mostra que brasileiro aumentou gastos com m\u00eddia em casa, incluindo livros &raquo; Abrelivros<\/title>\n<meta name=\"robots\" content=\"index, follow, max-snippet:-1, max-image-preview:large, max-video-preview:-1\" \/>\n<link rel=\"canonical\" href=\"https:\/\/abrelivros.org.br\/site\/apanhadao-pesquisa-mostra-que-brasileiro-aumentou-gastos-com-midia-em-casa-incluindo-livros\/\" \/>\n<meta property=\"og:locale\" content=\"pt_BR\" \/>\n<meta property=\"og:type\" content=\"article\" \/>\n<meta property=\"og:title\" content=\"Apanhad\u00e3o: Pesquisa mostra que brasileiro aumentou gastos com m\u00eddia em casa, incluindo livros &raquo; Abrelivros\" \/>\n<meta property=\"og:description\" content=\"Mat\u00e9ria do Estad\u00e3o fez um levantamento sobre os novos h\u00e1bitos dos brasileiros durante a pandemia. A conclus\u00e3o \u00e9 que durante o isolamento, s\u00e9ries de televis\u00e3o e livros viraram os amigos pra todas as horas.\" \/>\n<meta property=\"og:url\" content=\"https:\/\/abrelivros.org.br\/site\/apanhadao-pesquisa-mostra-que-brasileiro-aumentou-gastos-com-midia-em-casa-incluindo-livros\/\" \/>\n<meta property=\"og:site_name\" content=\"Abrelivros\" \/>\n<meta property=\"article:published_time\" content=\"2021-03-08T17:15:12+00:00\" \/>\n<meta name=\"twitter:card\" content=\"summary_large_image\" \/>\n<script type=\"application\/ld+json\" class=\"yoast-schema-graph\">{\"@context\":\"https:\/\/schema.org\",\"@graph\":[{\"@type\":\"WebSite\",\"@id\":\"https:\/\/abrelivros.org.br\/site\/#website\",\"url\":\"https:\/\/abrelivros.org.br\/site\/\",\"name\":\"Abrelivros\",\"description\":\"\",\"potentialAction\":[{\"@type\":\"SearchAction\",\"target\":\"https:\/\/abrelivros.org.br\/site\/?s={search_term_string}\",\"query-input\":\"required name=search_term_string\"}],\"inLanguage\":\"pt-BR\"},{\"@type\":\"WebPage\",\"@id\":\"https:\/\/abrelivros.org.br\/site\/apanhadao-pesquisa-mostra-que-brasileiro-aumentou-gastos-com-midia-em-casa-incluindo-livros\/#webpage\",\"url\":\"https:\/\/abrelivros.org.br\/site\/apanhadao-pesquisa-mostra-que-brasileiro-aumentou-gastos-com-midia-em-casa-incluindo-livros\/\",\"name\":\"Apanhad\\u00e3o: Pesquisa mostra que brasileiro aumentou gastos com m\\u00eddia em casa, incluindo livros &raquo; Abrelivros\",\"isPartOf\":{\"@id\":\"https:\/\/abrelivros.org.br\/site\/#website\"},\"datePublished\":\"2021-03-08T17:15:12+00:00\",\"dateModified\":\"2021-03-08T17:15:12+00:00\",\"author\":{\"@id\":\"https:\/\/abrelivros.org.br\/site\/#\/schema\/person\/65db80e26409802ce15ac5feec6a15fd\"},\"breadcrumb\":{\"@id\":\"https:\/\/abrelivros.org.br\/site\/apanhadao-pesquisa-mostra-que-brasileiro-aumentou-gastos-com-midia-em-casa-incluindo-livros\/#breadcrumb\"},\"inLanguage\":\"pt-BR\",\"potentialAction\":[{\"@type\":\"ReadAction\",\"target\":[\"https:\/\/abrelivros.org.br\/site\/apanhadao-pesquisa-mostra-que-brasileiro-aumentou-gastos-com-midia-em-casa-incluindo-livros\/\"]}]},{\"@type\":\"BreadcrumbList\",\"@id\":\"https:\/\/abrelivros.org.br\/site\/apanhadao-pesquisa-mostra-que-brasileiro-aumentou-gastos-com-midia-em-casa-incluindo-livros\/#breadcrumb\",\"itemListElement\":[{\"@type\":\"ListItem\",\"position\":1,\"item\":{\"@type\":\"WebPage\",\"@id\":\"https:\/\/abrelivros.org.br\/site\/\",\"url\":\"https:\/\/abrelivros.org.br\/site\/\",\"name\":\"In\\u00edcio\"}},{\"@type\":\"ListItem\",\"position\":2,\"item\":{\"@type\":\"WebPage\",\"@id\":\"https:\/\/abrelivros.org.br\/site\/category\/noticias\/\",\"url\":\"https:\/\/abrelivros.org.br\/site\/category\/noticias\/\",\"name\":\"Not\\u00edcias\"}},{\"@type\":\"ListItem\",\"position\":3,\"item\":{\"@type\":\"WebPage\",\"@id\":\"https:\/\/abrelivros.org.br\/site\/category\/noticias\/noticias-da-imprensa\/\",\"url\":\"https:\/\/abrelivros.org.br\/site\/category\/noticias\/noticias-da-imprensa\/\",\"name\":\"Not\\u00edcias da imprensa\"}},{\"@type\":\"ListItem\",\"position\":4,\"item\":{\"@type\":\"WebPage\",\"@id\":\"https:\/\/abrelivros.org.br\/site\/apanhadao-pesquisa-mostra-que-brasileiro-aumentou-gastos-com-midia-em-casa-incluindo-livros\/\",\"url\":\"https:\/\/abrelivros.org.br\/site\/apanhadao-pesquisa-mostra-que-brasileiro-aumentou-gastos-com-midia-em-casa-incluindo-livros\/\",\"name\":\"Apanhad\\u00e3o: Pesquisa mostra que brasileiro aumentou gastos com m\\u00eddia em casa, incluindo livros\"}}]},{\"@type\":\"Person\",\"@id\":\"https:\/\/abrelivros.org.br\/site\/#\/schema\/person\/65db80e26409802ce15ac5feec6a15fd\",\"name\":\"Reda\\u00e7\\u00e3o Abrelivros\",\"image\":{\"@type\":\"ImageObject\",\"@id\":\"https:\/\/abrelivros.org.br\/site\/#personlogo\",\"inLanguage\":\"pt-BR\",\"url\":\"https:\/\/secure.gravatar.com\/avatar\/c4e57f9c7e3482965bd428192061218520756c39080b1d1820b679fa5e9af192?s=96&d=mm&r=g\",\"caption\":\"Reda\\u00e7\\u00e3o Abrelivros\"}}]}<\/script>\n<!-- \/ Yoast SEO plugin. -->","_links":{"self":[{"href":"https:\/\/abrelivros.org.br\/site\/wp-json\/wp\/v2\/posts\/13400","targetHints":{"allow":["GET"]}}],"collection":[{"href":"https:\/\/abrelivros.org.br\/site\/wp-json\/wp\/v2\/posts"}],"about":[{"href":"https:\/\/abrelivros.org.br\/site\/wp-json\/wp\/v2\/types\/post"}],"author":[{"embeddable":true,"href":"https:\/\/abrelivros.org.br\/site\/wp-json\/wp\/v2\/users\/4"}],"replies":[{"embeddable":true,"href":"https:\/\/abrelivros.org.br\/site\/wp-json\/wp\/v2\/comments?post=13400"}],"version-history":[{"count":1,"href":"https:\/\/abrelivros.org.br\/site\/wp-json\/wp\/v2\/posts\/13400\/revisions"}],"predecessor-version":[{"id":13401,"href":"https:\/\/abrelivros.org.br\/site\/wp-json\/wp\/v2\/posts\/13400\/revisions\/13401"}],"wp:attachment":[{"href":"https:\/\/abrelivros.org.br\/site\/wp-json\/wp\/v2\/media?parent=13400"}],"wp:term":[{"taxonomy":"category","embeddable":true,"href":"https:\/\/abrelivros.org.br\/site\/wp-json\/wp\/v2\/categories?post=13400"},{"taxonomy":"post_tag","embeddable":true,"href":"https:\/\/abrelivros.org.br\/site\/wp-json\/wp\/v2\/tags?post=13400"}],"curies":[{"name":"wp","href":"https:\/\/api.w.org\/{rel}","templated":true}]}}