{"id":13398,"date":"2021-03-08T14:09:26","date_gmt":"2021-03-08T17:09:26","guid":{"rendered":"https:\/\/abrelivros.org.br\/site\/?p=13398"},"modified":"2021-03-08T14:09:26","modified_gmt":"2021-03-08T17:09:26","slug":"ministerio-da-educacao-parabeniza-mulheres-neste-8-de-marco","status":"publish","type":"post","link":"https:\/\/abrelivros.org.br\/site\/ministerio-da-educacao-parabeniza-mulheres-neste-8-de-marco\/","title":{"rendered":"Minist\u00e9rio da Educa\u00e7\u00e3o parabeniza mulheres neste 8 de mar\u00e7o"},"content":{"rendered":"<p>Em tempos de pandemia, n\u00e3o \u00e9 poss\u00edvel reunir pessoas para celebra\u00e7\u00f5es, mas, este 8 de mar\u00e7o, Dia Internacional da Mulher, foi lembrado pelo ministro da Educa\u00e7\u00e3o, Milton Ribeiro, que ressaltou a import\u00e2ncia de cada mulher, em especial, as trabalhadoras da educa\u00e7\u00e3o.<!--more--> \u201cAgrade\u00e7o imensamente a dedica\u00e7\u00e3o de cada professora, diretora, merendeira, secret\u00e1ria e a todas as profissionais que t\u00eam trabalhado ainda mais para que a educa\u00e7\u00e3o em nosso pa\u00eds n\u00e3o pare, mesmo nesse tempo complexo, em que tudo mudou\u201d, disse o ministro.<\/p>\n<p>Milton Ribeiro lembrou que a pandemia mudou a forma como est\u00e3o sendo educadas as crian\u00e7as e jovens. \u201cA profissional da educa\u00e7\u00e3o, est\u00e1 sendo muito talentosa em se reinventar para se adaptar a essa nova realidade. Deixo um grande abra\u00e7o a voc\u00eas, a todas as mulheres que cuidam da educa\u00e7\u00e3o do povo brasileiro, comentou Ribeiro.<\/p>\n<p>Aline de Menezes, 42 anos, \u00e9 um bom exemplo de como a mulher teve que se reinventar com a pandemia. M\u00e3e da pequena Camila, 05 anos, Aline \u00e9 professora de Artes e diretora do Jardim de Inf\u00e2ncia 02 do Cruzeiro, institui\u00e7\u00e3o p\u00fablica de Bras\u00edlia. Ela se divide entre as fun\u00e7\u00f5es de mulher, m\u00e3e, esposa, dona de casa, e profissional da educa\u00e7\u00e3o. Ah, ela tamb\u00e9m \u00e9 transplantada de uma das c\u00f3rneas desde 2006. Com muito bom humor, explica que quando a mulher nasce ningu\u00e9m pergunta se ela consegue. \u201cAs coisas v\u00e3o surgindo e temos que dar conta. J\u00e1 nascemos assim. N\u00e3o encaramos as nossas dificuldades f\u00edsicas, profissionais, ou de sa\u00fade como problemas que nos impe\u00e7am de realizar as coisas. Ser professora e trabalhar com educa\u00e7\u00e3o sempre foi meu sonho e eu me realizo diariamente\u201d, comentou a professora.<\/p>\n<p>A diretora do jardim de inf\u00e2ncia informou, a carga de trabalho remoto aumentou consideravelmente com a pandemia e que todos os pais, professores e a equipe da Secretaria de Educa\u00e7\u00e3o do DF tem o n\u00famero de celular dela e que este toca in\u00fameras vezes durante os dias, incluindo os finais de semana. Para ela, \u201cisso faz parte do processo\u201d.<\/p>\n<p>Aline comentou que o que mais chamou sua aten\u00e7\u00e3o durante a pandemia foi a rela\u00e7\u00e3o fam\u00edlia\/escola, pois os professores desenvolveram um grupo de trabalho envolvendo atividades com as fam\u00edlias. \u201cCriamos uma rela\u00e7\u00e3o de afetividade com os pais. Fizemos lives debatendo com profissionais de sa\u00fade e educa\u00e7\u00e3o o desenvolvimento infantil, dificuldades, facilidades, o que podemos fazer para auxiliar a fam\u00edlia nesse momento t\u00e3o delicado que vivemos. Com isso, conseguimos que esses pais se tornassem nossos parceiros e aliados\u201d, explicou a diretora.<\/p>\n<p>A professora ainda enfatizou que as mulheres t\u00eam a capacidade de se reinventar todos os dias. \u201cSomos brasileiras, casadas, solteiras e nunca podemos desistam de n\u00f3s. Sempre nos olharmos no espelho e cuidar de n\u00f3s. Se fizermos isso, poderemos fazer tudo o que quisermos. Porque n\u00f3s realmente somos capazes\u201d, comentou Aline de Menezes.<\/p>\n<p>Izabel Lima, Secretaria de Educa\u00e7\u00e3o B\u00e1sica (Seb\/MEC), enfatizou que a mulher brasileira est\u00e1 se tornando protagonista da educa\u00e7\u00e3o brasileira. Segundo o Censo Escolar de 2020, as mulheres s\u00e3o maioria entre os 2.189.005 docentes da educa\u00e7\u00e3o b\u00e1sica. Na educa\u00e7\u00e3o infantil, elas representam 96,4%, o maior percentual no ensino regular, nos anos iniciais e finais do ensino fundamental, s\u00e3o, respectivamente, 88,1% e 66,8%, e, no ensino m\u00e9dio, elas s\u00e3o 57,8% dos docentes.<\/p>\n<p>Em 2020, as mulheres ocuparam, tamb\u00e9m, a maioria dos cargos de dire\u00e7\u00e3o das escolas brasileiras. O Censo mostrou que, do total de 161.237 diretores nas 179.533 escolas, 80,6% s\u00e3o do sexo feminino.<\/p>\n<p>A presen\u00e7a feminina majorit\u00e1ria tamb\u00e9m se repete dentro de sala de aula, na qual as meninas s\u00e3o maioria na educa\u00e7\u00e3o b\u00e1sica. Al\u00e9m, inclusive, de estarem apresentando uma taxa acelerada de crescimento no desempenho em provas, como a do Sistema de Avalia\u00e7\u00e3o da Educa\u00e7\u00e3o B\u00e1sica (Saeb).<\/p>\n<p>A Secret\u00e1ria de Educa\u00e7\u00e3o B\u00e1sica comentou que os dados n\u00e3o deixam d\u00favidas quanto ao crescimento da presen\u00e7a feminina nas institui\u00e7\u00f5es de ensino e, tamb\u00e9m, como a presen\u00e7a e determina\u00e7\u00e3o das mulheres est\u00e3o fazendo a diferen\u00e7a na educa\u00e7\u00e3o brasileira. \u201cComo uma mulher apaixonada pelo tema educa\u00e7\u00e3o, tenho muito orgulho de poder ver a determina\u00e7\u00e3o, for\u00e7a e coragem com que as mulheres est\u00e3o enfrentando os desafios da vida para conseguir estudar ou para poder, por meio do trabalho, proporcionar aos filhos a possibilidade de estudar. Parab\u00e9ns a todas as alunas, docentes, diretoras e a todas as mulheres que contribuem de alguma forma para a educa\u00e7\u00e3o brasileira\u201d opinou Izabel Lima.<\/p>\n<p>Para Ilda Ribeiro Peliz, Secret\u00e1ria de Modalidades Especializadas de Educa\u00e7\u00e3o (Semesp\/MEC), a mulher brasileira vem escrevendo sua hist\u00f3ria de conquistas e sucesso. \u201cHoje possu\u00edmos motivos para comemora\u00e7\u00e3o, pois temos mulheres que j\u00e1 conquistaram seus espa\u00e7os desejados, independente da \u00e1rea de atua\u00e7\u00e3o. Mas \u00e9 na educa\u00e7\u00e3o que ela \u00e9 a musa que brilha\u201d, lembrou Peliz.<\/p>\n<p>A Secret\u00e1ria destacou que n\u00e3o havia escolas para as mulheres at\u00e9 1863 e que atualmente elas s\u00e3o maioria no ensino m\u00e9dio, profissional e superior. \u201cA presen\u00e7a feminina na educa\u00e7\u00e3o apresenta avan\u00e7os crescentes, inegavelmente, a relev\u00e2ncia da mulher \u00e9 cotidiana e sua imprescindibilidade ser\u00e1 eterna. A mulher \u00e9 um ser aben\u00e7oado, que tem naturalmente a voca\u00e7\u00e3o para cuidar do outro e o dom do amor incondicional. Essas caracter\u00edsticas genu\u00ednas agregam valores e qualidade no desempenho da atividade de educadora. Para esta atividade, n\u00e3o basta deter o conhecimento, talento e t\u00edtulos, o acolhimento e a amorosidade s\u00e3o, tamb\u00e9m, fundamentais e marcantes. Espero que as mulheres continuem acreditando no sonho de que \u00e9 poss\u00edvel chegar aonde elas quiserem e merecem estar. Parab\u00e9ns, mulheres especiais que verdadeiramente transformam vidas\u201d, comentou Ilda Peliz.<\/p>\n","protected":false},"excerpt":{"rendered":"<p>Em tempos de pandemia, n\u00e3o \u00e9 poss\u00edvel reunir pessoas para celebra\u00e7\u00f5es, mas, este 8 de mar\u00e7o, Dia Internacional da Mulher, foi lembrado pelo ministro da Educa\u00e7\u00e3o, Milton Ribeiro, que ressaltou a import\u00e2ncia de cada mulher, em especial, as trabalhadoras da educa\u00e7\u00e3o.<\/p>\n","protected":false},"author":4,"featured_media":0,"comment_status":"closed","ping_status":"closed","sticky":false,"template":"","format":"standard","meta":{"footnotes":"","_links_to":"","_links_to_target":""},"categories":[9],"tags":[],"class_list":["post-13398","post","type-post","status-publish","format-standard","hentry","category-noticias-da-imprensa"],"yoast_head":"<!-- This site is optimized with the Yoast SEO plugin v15.1 - https:\/\/yoast.com\/wordpress\/plugins\/seo\/ -->\n<title>Minist\u00e9rio da Educa\u00e7\u00e3o parabeniza mulheres neste 8 de mar\u00e7o &raquo; Abrelivros<\/title>\n<meta name=\"robots\" content=\"index, follow, max-snippet:-1, max-image-preview:large, max-video-preview:-1\" \/>\n<link rel=\"canonical\" href=\"https:\/\/abrelivros.org.br\/site\/ministerio-da-educacao-parabeniza-mulheres-neste-8-de-marco\/\" \/>\n<meta property=\"og:locale\" content=\"pt_BR\" \/>\n<meta property=\"og:type\" content=\"article\" \/>\n<meta property=\"og:title\" content=\"Minist\u00e9rio da Educa\u00e7\u00e3o parabeniza mulheres neste 8 de mar\u00e7o &raquo; Abrelivros\" \/>\n<meta property=\"og:description\" content=\"Em tempos de pandemia, n\u00e3o \u00e9 poss\u00edvel reunir pessoas para celebra\u00e7\u00f5es, mas, este 8 de mar\u00e7o, Dia Internacional da Mulher, foi lembrado pelo ministro da Educa\u00e7\u00e3o, Milton Ribeiro, que ressaltou a import\u00e2ncia de cada mulher, em especial, as trabalhadoras da educa\u00e7\u00e3o.\" \/>\n<meta property=\"og:url\" content=\"https:\/\/abrelivros.org.br\/site\/ministerio-da-educacao-parabeniza-mulheres-neste-8-de-marco\/\" \/>\n<meta property=\"og:site_name\" content=\"Abrelivros\" \/>\n<meta property=\"article:published_time\" content=\"2021-03-08T17:09:26+00:00\" \/>\n<meta name=\"twitter:card\" content=\"summary_large_image\" \/>\n<script type=\"application\/ld+json\" class=\"yoast-schema-graph\">{\"@context\":\"https:\/\/schema.org\",\"@graph\":[{\"@type\":\"WebSite\",\"@id\":\"https:\/\/abrelivros.org.br\/site\/#website\",\"url\":\"https:\/\/abrelivros.org.br\/site\/\",\"name\":\"Abrelivros\",\"description\":\"\",\"potentialAction\":[{\"@type\":\"SearchAction\",\"target\":\"https:\/\/abrelivros.org.br\/site\/?s={search_term_string}\",\"query-input\":\"required name=search_term_string\"}],\"inLanguage\":\"pt-BR\"},{\"@type\":\"WebPage\",\"@id\":\"https:\/\/abrelivros.org.br\/site\/ministerio-da-educacao-parabeniza-mulheres-neste-8-de-marco\/#webpage\",\"url\":\"https:\/\/abrelivros.org.br\/site\/ministerio-da-educacao-parabeniza-mulheres-neste-8-de-marco\/\",\"name\":\"Minist\\u00e9rio da Educa\\u00e7\\u00e3o parabeniza mulheres neste 8 de mar\\u00e7o &raquo; Abrelivros\",\"isPartOf\":{\"@id\":\"https:\/\/abrelivros.org.br\/site\/#website\"},\"datePublished\":\"2021-03-08T17:09:26+00:00\",\"dateModified\":\"2021-03-08T17:09:26+00:00\",\"author\":{\"@id\":\"https:\/\/abrelivros.org.br\/site\/#\/schema\/person\/65db80e26409802ce15ac5feec6a15fd\"},\"breadcrumb\":{\"@id\":\"https:\/\/abrelivros.org.br\/site\/ministerio-da-educacao-parabeniza-mulheres-neste-8-de-marco\/#breadcrumb\"},\"inLanguage\":\"pt-BR\",\"potentialAction\":[{\"@type\":\"ReadAction\",\"target\":[\"https:\/\/abrelivros.org.br\/site\/ministerio-da-educacao-parabeniza-mulheres-neste-8-de-marco\/\"]}]},{\"@type\":\"BreadcrumbList\",\"@id\":\"https:\/\/abrelivros.org.br\/site\/ministerio-da-educacao-parabeniza-mulheres-neste-8-de-marco\/#breadcrumb\",\"itemListElement\":[{\"@type\":\"ListItem\",\"position\":1,\"item\":{\"@type\":\"WebPage\",\"@id\":\"https:\/\/abrelivros.org.br\/site\/\",\"url\":\"https:\/\/abrelivros.org.br\/site\/\",\"name\":\"In\\u00edcio\"}},{\"@type\":\"ListItem\",\"position\":2,\"item\":{\"@type\":\"WebPage\",\"@id\":\"https:\/\/abrelivros.org.br\/site\/category\/noticias\/\",\"url\":\"https:\/\/abrelivros.org.br\/site\/category\/noticias\/\",\"name\":\"Not\\u00edcias\"}},{\"@type\":\"ListItem\",\"position\":3,\"item\":{\"@type\":\"WebPage\",\"@id\":\"https:\/\/abrelivros.org.br\/site\/category\/noticias\/noticias-da-imprensa\/\",\"url\":\"https:\/\/abrelivros.org.br\/site\/category\/noticias\/noticias-da-imprensa\/\",\"name\":\"Not\\u00edcias da imprensa\"}},{\"@type\":\"ListItem\",\"position\":4,\"item\":{\"@type\":\"WebPage\",\"@id\":\"https:\/\/abrelivros.org.br\/site\/ministerio-da-educacao-parabeniza-mulheres-neste-8-de-marco\/\",\"url\":\"https:\/\/abrelivros.org.br\/site\/ministerio-da-educacao-parabeniza-mulheres-neste-8-de-marco\/\",\"name\":\"Minist\\u00e9rio da Educa\\u00e7\\u00e3o parabeniza mulheres neste 8 de mar\\u00e7o\"}}]},{\"@type\":\"Person\",\"@id\":\"https:\/\/abrelivros.org.br\/site\/#\/schema\/person\/65db80e26409802ce15ac5feec6a15fd\",\"name\":\"Reda\\u00e7\\u00e3o Abrelivros\",\"image\":{\"@type\":\"ImageObject\",\"@id\":\"https:\/\/abrelivros.org.br\/site\/#personlogo\",\"inLanguage\":\"pt-BR\",\"url\":\"https:\/\/secure.gravatar.com\/avatar\/c4e57f9c7e3482965bd428192061218520756c39080b1d1820b679fa5e9af192?s=96&d=mm&r=g\",\"caption\":\"Reda\\u00e7\\u00e3o Abrelivros\"}}]}<\/script>\n<!-- \/ Yoast SEO plugin. -->","_links":{"self":[{"href":"https:\/\/abrelivros.org.br\/site\/wp-json\/wp\/v2\/posts\/13398","targetHints":{"allow":["GET"]}}],"collection":[{"href":"https:\/\/abrelivros.org.br\/site\/wp-json\/wp\/v2\/posts"}],"about":[{"href":"https:\/\/abrelivros.org.br\/site\/wp-json\/wp\/v2\/types\/post"}],"author":[{"embeddable":true,"href":"https:\/\/abrelivros.org.br\/site\/wp-json\/wp\/v2\/users\/4"}],"replies":[{"embeddable":true,"href":"https:\/\/abrelivros.org.br\/site\/wp-json\/wp\/v2\/comments?post=13398"}],"version-history":[{"count":1,"href":"https:\/\/abrelivros.org.br\/site\/wp-json\/wp\/v2\/posts\/13398\/revisions"}],"predecessor-version":[{"id":13399,"href":"https:\/\/abrelivros.org.br\/site\/wp-json\/wp\/v2\/posts\/13398\/revisions\/13399"}],"wp:attachment":[{"href":"https:\/\/abrelivros.org.br\/site\/wp-json\/wp\/v2\/media?parent=13398"}],"wp:term":[{"taxonomy":"category","embeddable":true,"href":"https:\/\/abrelivros.org.br\/site\/wp-json\/wp\/v2\/categories?post=13398"},{"taxonomy":"post_tag","embeddable":true,"href":"https:\/\/abrelivros.org.br\/site\/wp-json\/wp\/v2\/tags?post=13398"}],"curies":[{"name":"wp","href":"https:\/\/api.w.org\/{rel}","templated":true}]}}