{"id":13396,"date":"2021-03-08T14:06:51","date_gmt":"2021-03-08T17:06:51","guid":{"rendered":"https:\/\/abrelivros.org.br\/site\/?p=13396"},"modified":"2021-03-08T14:06:51","modified_gmt":"2021-03-08T17:06:51","slug":"o-preco-medio-do-livro-retraiu-4-em-janeiro-de-2021","status":"publish","type":"post","link":"https:\/\/abrelivros.org.br\/site\/o-preco-medio-do-livro-retraiu-4-em-janeiro-de-2021\/","title":{"rendered":"O pre\u00e7o m\u00e9dio do livro retraiu 4% em janeiro de 2021"},"content":{"rendered":"<p>O volume diminuiu 7% no ano acumulado (Janeiro 21 vs Janeiro 20) enquanto o pre\u00e7o m\u00e9dio retraiu 4% e o faturamento diminuiu 11%.<\/p>\n<p>O patamar de descontos sofreu queda em janeiro e chegou a 14,9%, patamar superior aos 9,7% registrados no ano passado.<!--more--><\/p>\n<p>A \u00e1rea de Ci\u00eancias e Concurso P\u00fablico foram os g\u00eaneros com destaque positivo. Did\u00e1ticos e Dicion\u00e1rios foram os negativos.<\/p>\n<p>A Associa\u00e7\u00e3o Nacional de Livrarias \u2013 ANL e a GFK, uma das empresas l\u00edderes em Intelig\u00eancia de Mercado no mundo disponibiliza mensalmente, pelo site da ANL, um retrato sobre o comportamento do varejo no mercado do livro no Brasil.<\/p>\n<p>Al\u00e9m do Brasil a GfK possui painel de livros em mais 10 pa\u00edses: Alemanha, \u00c1ustria, B\u00e9lgica, Espanha, Fran\u00e7a, Holanda, It\u00e1lia, Pol\u00f4nia, Portugal, e Su\u00ed\u00e7a.<\/p>\n<p><strong>Per\u00edodo da pesquisa<\/strong><\/p>\n<p>O calend\u00e1rio utiliza as semanas Gfk<br \/>\nPodendo ocorrer algumas altera\u00e7\u00f5es de dias em algumas semanas<br \/>\n2020 = de 05 de janeiro a 02 de fevereiro 2021 = de 04 de Janeiro a 07 de fevereiro<\/p>\n<p><strong>Veja o Relat\u00f3rio Completo<\/strong>: <a href=\"https:\/\/www.anl.org.br\/docs\/GfK_Mercado_de_Livros_Jan_2021_ANL.pdf\" target=\"_blank\" rel=\"noopener noreferrer\">GfK &#8211; Mercado de Livros Janeiro de 2021<\/a><\/p>\n<p><strong>Mais informa\u00e7\u00f5es<\/strong>: https:\/\/www.anl.org.br\/v1\/numeros-do-setor\/<\/p>\n<p>Imprensa ANL: MGA Comunica\u00e7\u00f5es \u2014 Marilu Amaral<br \/>\nCelular_ Vhatsapp (11) 9 9127 5268 \u2014 e-mail: imprensa@anl.org.br<br \/>\nwww.anl.org.br \u2013 https:\/\/www.facebook.com\/livrarias.anl\/<\/p>\n<p>&nbsp;<\/p>\n<p>&nbsp;<\/p>\n","protected":false},"excerpt":{"rendered":"<p>O volume diminuiu 7% no ano acumulado (Janeiro 21 vs Janeiro 20) enquanto o pre\u00e7o m\u00e9dio retraiu 4% e o faturamento diminuiu 11%. O patamar de descontos sofreu queda em janeiro e chegou a 14,9%, patamar superior aos 9,7% registrados no ano passado.<\/p>\n","protected":false},"author":4,"featured_media":0,"comment_status":"closed","ping_status":"closed","sticky":false,"template":"","format":"standard","meta":{"footnotes":"","_links_to":"","_links_to_target":""},"categories":[9],"tags":[],"class_list":["post-13396","post","type-post","status-publish","format-standard","hentry","category-noticias-da-imprensa"],"yoast_head":"<!-- This site is optimized with the Yoast SEO plugin v15.1 - https:\/\/yoast.com\/wordpress\/plugins\/seo\/ -->\n<title>O pre\u00e7o m\u00e9dio do livro retraiu 4% em janeiro de 2021 &raquo; Abrelivros<\/title>\n<meta name=\"robots\" content=\"index, follow, max-snippet:-1, max-image-preview:large, max-video-preview:-1\" \/>\n<link rel=\"canonical\" href=\"https:\/\/abrelivros.org.br\/site\/o-preco-medio-do-livro-retraiu-4-em-janeiro-de-2021\/\" \/>\n<meta property=\"og:locale\" content=\"pt_BR\" \/>\n<meta property=\"og:type\" content=\"article\" \/>\n<meta property=\"og:title\" content=\"O pre\u00e7o m\u00e9dio do livro retraiu 4% em janeiro de 2021 &raquo; Abrelivros\" \/>\n<meta property=\"og:description\" content=\"O volume diminuiu 7% no ano acumulado (Janeiro 21 vs Janeiro 20) enquanto o pre\u00e7o m\u00e9dio retraiu 4% e o faturamento diminuiu 11%. O patamar de descontos sofreu queda em janeiro e chegou a 14,9%, patamar superior aos 9,7% registrados no ano passado.\" \/>\n<meta property=\"og:url\" content=\"https:\/\/abrelivros.org.br\/site\/o-preco-medio-do-livro-retraiu-4-em-janeiro-de-2021\/\" \/>\n<meta property=\"og:site_name\" content=\"Abrelivros\" \/>\n<meta property=\"article:published_time\" content=\"2021-03-08T17:06:51+00:00\" \/>\n<meta name=\"twitter:card\" content=\"summary_large_image\" \/>\n<script type=\"application\/ld+json\" class=\"yoast-schema-graph\">{\"@context\":\"https:\/\/schema.org\",\"@graph\":[{\"@type\":\"WebSite\",\"@id\":\"https:\/\/abrelivros.org.br\/site\/#website\",\"url\":\"https:\/\/abrelivros.org.br\/site\/\",\"name\":\"Abrelivros\",\"description\":\"\",\"potentialAction\":[{\"@type\":\"SearchAction\",\"target\":\"https:\/\/abrelivros.org.br\/site\/?s={search_term_string}\",\"query-input\":\"required name=search_term_string\"}],\"inLanguage\":\"pt-BR\"},{\"@type\":\"WebPage\",\"@id\":\"https:\/\/abrelivros.org.br\/site\/o-preco-medio-do-livro-retraiu-4-em-janeiro-de-2021\/#webpage\",\"url\":\"https:\/\/abrelivros.org.br\/site\/o-preco-medio-do-livro-retraiu-4-em-janeiro-de-2021\/\",\"name\":\"O pre\\u00e7o m\\u00e9dio do livro retraiu 4% em janeiro de 2021 &raquo; Abrelivros\",\"isPartOf\":{\"@id\":\"https:\/\/abrelivros.org.br\/site\/#website\"},\"datePublished\":\"2021-03-08T17:06:51+00:00\",\"dateModified\":\"2021-03-08T17:06:51+00:00\",\"author\":{\"@id\":\"https:\/\/abrelivros.org.br\/site\/#\/schema\/person\/65db80e26409802ce15ac5feec6a15fd\"},\"breadcrumb\":{\"@id\":\"https:\/\/abrelivros.org.br\/site\/o-preco-medio-do-livro-retraiu-4-em-janeiro-de-2021\/#breadcrumb\"},\"inLanguage\":\"pt-BR\",\"potentialAction\":[{\"@type\":\"ReadAction\",\"target\":[\"https:\/\/abrelivros.org.br\/site\/o-preco-medio-do-livro-retraiu-4-em-janeiro-de-2021\/\"]}]},{\"@type\":\"BreadcrumbList\",\"@id\":\"https:\/\/abrelivros.org.br\/site\/o-preco-medio-do-livro-retraiu-4-em-janeiro-de-2021\/#breadcrumb\",\"itemListElement\":[{\"@type\":\"ListItem\",\"position\":1,\"item\":{\"@type\":\"WebPage\",\"@id\":\"https:\/\/abrelivros.org.br\/site\/\",\"url\":\"https:\/\/abrelivros.org.br\/site\/\",\"name\":\"In\\u00edcio\"}},{\"@type\":\"ListItem\",\"position\":2,\"item\":{\"@type\":\"WebPage\",\"@id\":\"https:\/\/abrelivros.org.br\/site\/category\/noticias\/\",\"url\":\"https:\/\/abrelivros.org.br\/site\/category\/noticias\/\",\"name\":\"Not\\u00edcias\"}},{\"@type\":\"ListItem\",\"position\":3,\"item\":{\"@type\":\"WebPage\",\"@id\":\"https:\/\/abrelivros.org.br\/site\/category\/noticias\/noticias-da-imprensa\/\",\"url\":\"https:\/\/abrelivros.org.br\/site\/category\/noticias\/noticias-da-imprensa\/\",\"name\":\"Not\\u00edcias da imprensa\"}},{\"@type\":\"ListItem\",\"position\":4,\"item\":{\"@type\":\"WebPage\",\"@id\":\"https:\/\/abrelivros.org.br\/site\/o-preco-medio-do-livro-retraiu-4-em-janeiro-de-2021\/\",\"url\":\"https:\/\/abrelivros.org.br\/site\/o-preco-medio-do-livro-retraiu-4-em-janeiro-de-2021\/\",\"name\":\"O pre\\u00e7o m\\u00e9dio do livro retraiu 4% em janeiro de 2021\"}}]},{\"@type\":\"Person\",\"@id\":\"https:\/\/abrelivros.org.br\/site\/#\/schema\/person\/65db80e26409802ce15ac5feec6a15fd\",\"name\":\"Reda\\u00e7\\u00e3o Abrelivros\",\"image\":{\"@type\":\"ImageObject\",\"@id\":\"https:\/\/abrelivros.org.br\/site\/#personlogo\",\"inLanguage\":\"pt-BR\",\"url\":\"https:\/\/secure.gravatar.com\/avatar\/c4e57f9c7e3482965bd428192061218520756c39080b1d1820b679fa5e9af192?s=96&d=mm&r=g\",\"caption\":\"Reda\\u00e7\\u00e3o Abrelivros\"}}]}<\/script>\n<!-- \/ Yoast SEO plugin. -->","_links":{"self":[{"href":"https:\/\/abrelivros.org.br\/site\/wp-json\/wp\/v2\/posts\/13396","targetHints":{"allow":["GET"]}}],"collection":[{"href":"https:\/\/abrelivros.org.br\/site\/wp-json\/wp\/v2\/posts"}],"about":[{"href":"https:\/\/abrelivros.org.br\/site\/wp-json\/wp\/v2\/types\/post"}],"author":[{"embeddable":true,"href":"https:\/\/abrelivros.org.br\/site\/wp-json\/wp\/v2\/users\/4"}],"replies":[{"embeddable":true,"href":"https:\/\/abrelivros.org.br\/site\/wp-json\/wp\/v2\/comments?post=13396"}],"version-history":[{"count":1,"href":"https:\/\/abrelivros.org.br\/site\/wp-json\/wp\/v2\/posts\/13396\/revisions"}],"predecessor-version":[{"id":13397,"href":"https:\/\/abrelivros.org.br\/site\/wp-json\/wp\/v2\/posts\/13396\/revisions\/13397"}],"wp:attachment":[{"href":"https:\/\/abrelivros.org.br\/site\/wp-json\/wp\/v2\/media?parent=13396"}],"wp:term":[{"taxonomy":"category","embeddable":true,"href":"https:\/\/abrelivros.org.br\/site\/wp-json\/wp\/v2\/categories?post=13396"},{"taxonomy":"post_tag","embeddable":true,"href":"https:\/\/abrelivros.org.br\/site\/wp-json\/wp\/v2\/tags?post=13396"}],"curies":[{"name":"wp","href":"https:\/\/api.w.org\/{rel}","templated":true}]}}