{"id":13367,"date":"2021-03-05T12:51:10","date_gmt":"2021-03-05T15:51:10","guid":{"rendered":"https:\/\/abrelivros.org.br\/site\/?p=13367"},"modified":"2021-03-05T12:51:10","modified_gmt":"2021-03-05T15:51:10","slug":"projeto-cria-politica-para-incentivar-o-uso-de-tecnologias-na-educacao-basica","status":"publish","type":"post","link":"https:\/\/abrelivros.org.br\/site\/projeto-cria-politica-para-incentivar-o-uso-de-tecnologias-na-educacao-basica\/","title":{"rendered":"Projeto cria pol\u00edtica para incentivar o uso de tecnologias na educa\u00e7\u00e3o b\u00e1sica"},"content":{"rendered":"<p>O Projeto de Lei 5465\/20 cria a Pol\u00edtica Nacional de Forma\u00e7\u00e3o de Docentes da Educa\u00e7\u00e3o B\u00e1sica para as Tecnologias da Informa\u00e7\u00e3o e Comunica\u00e7\u00e3o (PDTIC). Segundo o texto, que tramita na C\u00e2mara dos Deputados, o objetivo \u00e9 capacitar alunos de licenciatura para o uso de tecnologias da informa\u00e7\u00e3o e comunica\u00e7\u00e3o (TICs) em processos e pr\u00e1ticas pedag\u00f3gicas.<!--more--><\/p>\n<p>Entre os instrumentos previstos na pol\u00edtica est\u00e1 o est\u00edmulo \u00e0 forma\u00e7\u00e3o, ao treinamento e ao aperfei\u00e7oamento de docentes em TICs aplicadas \u00e0 educa\u00e7\u00e3o b\u00e1sica. O projeto prev\u00ea ainda o desenvolvimento de estrat\u00e9gias de monitoramento, acompanhamento e avalia\u00e7\u00e3o de uso dessas tecnologias com fins pedag\u00f3gicos nos sistemas de ensino.<\/p>\n<p><strong>Pandemia<\/strong><\/p>\n<p>Autora do projeto, a deputada <a href=\"https:\/\/www.camara.leg.br\/deputados\/67138\" target=\"_blank\" rel=\"noopener noreferrer\">Iracema Portella (PP-PI)<\/a> considera urgente a tarefa de capacitar melhor os educadores para a utiliza\u00e7\u00e3o de ferramentas tecnol\u00f3gicas no processo pedag\u00f3gico.<\/p>\n<p>&#8220;A pandemia provocada pelo novo coronav\u00edrus mudou o cen\u00e1rio da educa\u00e7\u00e3o brasileira, exigindo que institui\u00e7\u00f5es de ensino p\u00fablicas e privadas tivessem, repentinamente, de se esfor\u00e7ar para se adaptar, com celeridade, ao uso de TICs, em especial as ferramentas online, no processo pedag\u00f3gico\u201d, observou.<\/p>\n<p><strong>Tramita\u00e7\u00e3o<\/strong><\/p>\n<p>A proposta ser\u00e1 analisada em car\u00e1ter conclusivo pelas comiss\u00f5es de Educa\u00e7\u00e3o; Finan\u00e7as e Tributa\u00e7\u00e3o; e Constitui\u00e7\u00e3o e Justi\u00e7a e de Cidadania.<\/p>\n<p><a href=\"https:\/\/www.camara.leg.br\/noticias\/573454-SAIBA-MAIS-SOBRE-A-TRAMITACAO-DE-PROJETOS-DE-LEI\" target=\"_blank\" rel=\"noopener noreferrer\">Saiba mais sobre a tramita\u00e7\u00e3o de projetos de lei<\/a><\/p>\n","protected":false},"excerpt":{"rendered":"<p>O Projeto de Lei 5465\/20 cria a Pol\u00edtica Nacional de Forma\u00e7\u00e3o de Docentes da Educa\u00e7\u00e3o B\u00e1sica para as Tecnologias da Informa\u00e7\u00e3o e Comunica\u00e7\u00e3o (PDTIC). Segundo o texto, que tramita na C\u00e2mara dos Deputados, o objetivo \u00e9 capacitar alunos de licenciatura para o uso de tecnologias da informa\u00e7\u00e3o e comunica\u00e7\u00e3o (TICs) em processos e pr\u00e1ticas pedag\u00f3gicas.<\/p>\n","protected":false},"author":4,"featured_media":0,"comment_status":"closed","ping_status":"closed","sticky":false,"template":"","format":"standard","meta":{"footnotes":"","_links_to":"","_links_to_target":""},"categories":[9],"tags":[],"class_list":["post-13367","post","type-post","status-publish","format-standard","hentry","category-noticias-da-imprensa"],"yoast_head":"<!-- This site is optimized with the Yoast SEO plugin v15.1 - https:\/\/yoast.com\/wordpress\/plugins\/seo\/ -->\n<title>Projeto cria pol\u00edtica para incentivar o uso de tecnologias na educa\u00e7\u00e3o b\u00e1sica &raquo; Abrelivros<\/title>\n<meta name=\"robots\" content=\"index, follow, max-snippet:-1, max-image-preview:large, max-video-preview:-1\" \/>\n<link rel=\"canonical\" href=\"https:\/\/abrelivros.org.br\/site\/projeto-cria-politica-para-incentivar-o-uso-de-tecnologias-na-educacao-basica\/\" \/>\n<meta property=\"og:locale\" content=\"pt_BR\" \/>\n<meta property=\"og:type\" content=\"article\" \/>\n<meta property=\"og:title\" content=\"Projeto cria pol\u00edtica para incentivar o uso de tecnologias na educa\u00e7\u00e3o b\u00e1sica &raquo; Abrelivros\" \/>\n<meta property=\"og:description\" content=\"O Projeto de Lei 5465\/20 cria a Pol\u00edtica Nacional de Forma\u00e7\u00e3o de Docentes da Educa\u00e7\u00e3o B\u00e1sica para as Tecnologias da Informa\u00e7\u00e3o e Comunica\u00e7\u00e3o (PDTIC). Segundo o texto, que tramita na C\u00e2mara dos Deputados, o objetivo \u00e9 capacitar alunos de licenciatura para o uso de tecnologias da informa\u00e7\u00e3o e comunica\u00e7\u00e3o (TICs) em processos e pr\u00e1ticas pedag\u00f3gicas.\" \/>\n<meta property=\"og:url\" content=\"https:\/\/abrelivros.org.br\/site\/projeto-cria-politica-para-incentivar-o-uso-de-tecnologias-na-educacao-basica\/\" \/>\n<meta property=\"og:site_name\" content=\"Abrelivros\" \/>\n<meta property=\"article:published_time\" content=\"2021-03-05T15:51:10+00:00\" \/>\n<meta name=\"twitter:card\" content=\"summary_large_image\" \/>\n<script type=\"application\/ld+json\" class=\"yoast-schema-graph\">{\"@context\":\"https:\/\/schema.org\",\"@graph\":[{\"@type\":\"WebSite\",\"@id\":\"https:\/\/abrelivros.org.br\/site\/#website\",\"url\":\"https:\/\/abrelivros.org.br\/site\/\",\"name\":\"Abrelivros\",\"description\":\"\",\"potentialAction\":[{\"@type\":\"SearchAction\",\"target\":\"https:\/\/abrelivros.org.br\/site\/?s={search_term_string}\",\"query-input\":\"required name=search_term_string\"}],\"inLanguage\":\"pt-BR\"},{\"@type\":\"WebPage\",\"@id\":\"https:\/\/abrelivros.org.br\/site\/projeto-cria-politica-para-incentivar-o-uso-de-tecnologias-na-educacao-basica\/#webpage\",\"url\":\"https:\/\/abrelivros.org.br\/site\/projeto-cria-politica-para-incentivar-o-uso-de-tecnologias-na-educacao-basica\/\",\"name\":\"Projeto cria pol\\u00edtica para incentivar o uso de tecnologias na educa\\u00e7\\u00e3o b\\u00e1sica &raquo; Abrelivros\",\"isPartOf\":{\"@id\":\"https:\/\/abrelivros.org.br\/site\/#website\"},\"datePublished\":\"2021-03-05T15:51:10+00:00\",\"dateModified\":\"2021-03-05T15:51:10+00:00\",\"author\":{\"@id\":\"https:\/\/abrelivros.org.br\/site\/#\/schema\/person\/65db80e26409802ce15ac5feec6a15fd\"},\"breadcrumb\":{\"@id\":\"https:\/\/abrelivros.org.br\/site\/projeto-cria-politica-para-incentivar-o-uso-de-tecnologias-na-educacao-basica\/#breadcrumb\"},\"inLanguage\":\"pt-BR\",\"potentialAction\":[{\"@type\":\"ReadAction\",\"target\":[\"https:\/\/abrelivros.org.br\/site\/projeto-cria-politica-para-incentivar-o-uso-de-tecnologias-na-educacao-basica\/\"]}]},{\"@type\":\"BreadcrumbList\",\"@id\":\"https:\/\/abrelivros.org.br\/site\/projeto-cria-politica-para-incentivar-o-uso-de-tecnologias-na-educacao-basica\/#breadcrumb\",\"itemListElement\":[{\"@type\":\"ListItem\",\"position\":1,\"item\":{\"@type\":\"WebPage\",\"@id\":\"https:\/\/abrelivros.org.br\/site\/\",\"url\":\"https:\/\/abrelivros.org.br\/site\/\",\"name\":\"In\\u00edcio\"}},{\"@type\":\"ListItem\",\"position\":2,\"item\":{\"@type\":\"WebPage\",\"@id\":\"https:\/\/abrelivros.org.br\/site\/category\/noticias\/\",\"url\":\"https:\/\/abrelivros.org.br\/site\/category\/noticias\/\",\"name\":\"Not\\u00edcias\"}},{\"@type\":\"ListItem\",\"position\":3,\"item\":{\"@type\":\"WebPage\",\"@id\":\"https:\/\/abrelivros.org.br\/site\/category\/noticias\/noticias-da-imprensa\/\",\"url\":\"https:\/\/abrelivros.org.br\/site\/category\/noticias\/noticias-da-imprensa\/\",\"name\":\"Not\\u00edcias da imprensa\"}},{\"@type\":\"ListItem\",\"position\":4,\"item\":{\"@type\":\"WebPage\",\"@id\":\"https:\/\/abrelivros.org.br\/site\/projeto-cria-politica-para-incentivar-o-uso-de-tecnologias-na-educacao-basica\/\",\"url\":\"https:\/\/abrelivros.org.br\/site\/projeto-cria-politica-para-incentivar-o-uso-de-tecnologias-na-educacao-basica\/\",\"name\":\"Projeto cria pol\\u00edtica para incentivar o uso de tecnologias na educa\\u00e7\\u00e3o b\\u00e1sica\"}}]},{\"@type\":\"Person\",\"@id\":\"https:\/\/abrelivros.org.br\/site\/#\/schema\/person\/65db80e26409802ce15ac5feec6a15fd\",\"name\":\"Reda\\u00e7\\u00e3o Abrelivros\",\"image\":{\"@type\":\"ImageObject\",\"@id\":\"https:\/\/abrelivros.org.br\/site\/#personlogo\",\"inLanguage\":\"pt-BR\",\"url\":\"https:\/\/secure.gravatar.com\/avatar\/c4e57f9c7e3482965bd428192061218520756c39080b1d1820b679fa5e9af192?s=96&d=mm&r=g\",\"caption\":\"Reda\\u00e7\\u00e3o Abrelivros\"}}]}<\/script>\n<!-- \/ Yoast SEO plugin. -->","_links":{"self":[{"href":"https:\/\/abrelivros.org.br\/site\/wp-json\/wp\/v2\/posts\/13367","targetHints":{"allow":["GET"]}}],"collection":[{"href":"https:\/\/abrelivros.org.br\/site\/wp-json\/wp\/v2\/posts"}],"about":[{"href":"https:\/\/abrelivros.org.br\/site\/wp-json\/wp\/v2\/types\/post"}],"author":[{"embeddable":true,"href":"https:\/\/abrelivros.org.br\/site\/wp-json\/wp\/v2\/users\/4"}],"replies":[{"embeddable":true,"href":"https:\/\/abrelivros.org.br\/site\/wp-json\/wp\/v2\/comments?post=13367"}],"version-history":[{"count":1,"href":"https:\/\/abrelivros.org.br\/site\/wp-json\/wp\/v2\/posts\/13367\/revisions"}],"predecessor-version":[{"id":13368,"href":"https:\/\/abrelivros.org.br\/site\/wp-json\/wp\/v2\/posts\/13367\/revisions\/13368"}],"wp:attachment":[{"href":"https:\/\/abrelivros.org.br\/site\/wp-json\/wp\/v2\/media?parent=13367"}],"wp:term":[{"taxonomy":"category","embeddable":true,"href":"https:\/\/abrelivros.org.br\/site\/wp-json\/wp\/v2\/categories?post=13367"},{"taxonomy":"post_tag","embeddable":true,"href":"https:\/\/abrelivros.org.br\/site\/wp-json\/wp\/v2\/tags?post=13367"}],"curies":[{"name":"wp","href":"https:\/\/api.w.org\/{rel}","templated":true}]}}