{"id":13365,"date":"2021-03-05T12:46:10","date_gmt":"2021-03-05T15:46:10","guid":{"rendered":"https:\/\/abrelivros.org.br\/site\/?p=13365"},"modified":"2021-03-05T12:46:10","modified_gmt":"2021-03-05T15:46:10","slug":"governo-exonera-diretora-do-fnde-que-cuida-da-operacao-do-fies-e-do-fundeb","status":"publish","type":"post","link":"https:\/\/abrelivros.org.br\/site\/governo-exonera-diretora-do-fnde-que-cuida-da-operacao-do-fies-e-do-fundeb\/","title":{"rendered":"Governo exonera diretora do FNDE que cuida da opera\u00e7\u00e3o do Fies e do Fundeb"},"content":{"rendered":"<p>O governo federal exonerou Renata Mesquita D&#8217;Aguiar do cargo de diretora de Gest\u00e3o de Fundos e Benef\u00edcios do Fundo Nacional de Desenvolvimento da Educa\u00e7\u00e3o (FNDE), \u00f3rg\u00e3o vinculado ao Minist\u00e9rio da Educa\u00e7\u00e3o (MEC). A exonera\u00e7\u00e3o est\u00e1 publicada no Di\u00e1rio Oficial da Uni\u00e3o (DOU), que n\u00e3o traz ainda o nome do substituto de Renata D&#8217;Aguiar no cargo.<!--more--><\/p>\n<p>A \u00e1rea que estava sob o comando de Renata tem entre suas compet\u00eancias planejar, coordenar e monitorar as atividades de agente operador do Fundo de Financiamento Estudantil (Fies). O setor tamb\u00e9m coordena a operacionaliza\u00e7\u00e3o do Fundo de Manuten\u00e7\u00e3o e Desenvolvimento da Educa\u00e7\u00e3o B\u00e1sica e de Valoriza\u00e7\u00e3o dos Profissionais de Educa\u00e7\u00e3o (Fundeb), que repassa recursos aos entes federados que oferecem atendimento na educa\u00e7\u00e3o b\u00e1sica.<\/p>\n<p>A mesma edi\u00e7\u00e3o do Di\u00e1rio Oficial publica ainda a nomea\u00e7\u00e3o de Alexandre Gomes da Silva como diretor de Avalia\u00e7\u00e3o da Educa\u00e7\u00e3o B\u00e1sica do Instituto Nacional de Estudos e Pesquisas Educacionais An\u00edsio Teixeira (Inep), autarquia do MEC que, entre as atribui\u00e7\u00f5es, coordena e executa o Exame Nacional do Ensino M\u00e9dio (<a href=\"https:\/\/educacao.uol.com.br\/enem\/\" target=\"_blank\" rel=\"noopener noreferrer\">Enem<\/a>).<\/p>\n","protected":false},"excerpt":{"rendered":"<p>O governo federal exonerou Renata Mesquita D&#8217;Aguiar do cargo de diretora de Gest\u00e3o de Fundos e Benef\u00edcios do Fundo Nacional de Desenvolvimento da Educa\u00e7\u00e3o (FNDE), \u00f3rg\u00e3o vinculado ao Minist\u00e9rio da Educa\u00e7\u00e3o (MEC). A exonera\u00e7\u00e3o est\u00e1 publicada no Di\u00e1rio Oficial da Uni\u00e3o (DOU), que n\u00e3o traz ainda o nome do substituto de Renata D&#8217;Aguiar no cargo.<\/p>\n","protected":false},"author":4,"featured_media":0,"comment_status":"closed","ping_status":"closed","sticky":false,"template":"","format":"standard","meta":{"footnotes":"","_links_to":"","_links_to_target":""},"categories":[9],"tags":[],"class_list":["post-13365","post","type-post","status-publish","format-standard","hentry","category-noticias-da-imprensa"],"yoast_head":"<!-- This site is optimized with the Yoast SEO plugin v15.1 - https:\/\/yoast.com\/wordpress\/plugins\/seo\/ -->\n<title>Governo exonera diretora do FNDE que cuida da opera\u00e7\u00e3o do Fies e do Fundeb &raquo; Abrelivros<\/title>\n<meta name=\"robots\" content=\"index, follow, max-snippet:-1, max-image-preview:large, max-video-preview:-1\" \/>\n<link rel=\"canonical\" href=\"https:\/\/abrelivros.org.br\/site\/governo-exonera-diretora-do-fnde-que-cuida-da-operacao-do-fies-e-do-fundeb\/\" \/>\n<meta property=\"og:locale\" content=\"pt_BR\" \/>\n<meta property=\"og:type\" content=\"article\" \/>\n<meta property=\"og:title\" content=\"Governo exonera diretora do FNDE que cuida da opera\u00e7\u00e3o do Fies e do Fundeb &raquo; Abrelivros\" \/>\n<meta property=\"og:description\" content=\"O governo federal exonerou Renata Mesquita D&#8217;Aguiar do cargo de diretora de Gest\u00e3o de Fundos e Benef\u00edcios do Fundo Nacional de Desenvolvimento da Educa\u00e7\u00e3o (FNDE), \u00f3rg\u00e3o vinculado ao Minist\u00e9rio da Educa\u00e7\u00e3o (MEC). A exonera\u00e7\u00e3o est\u00e1 publicada no Di\u00e1rio Oficial da Uni\u00e3o (DOU), que n\u00e3o traz ainda o nome do substituto de Renata D&#8217;Aguiar no cargo.\" \/>\n<meta property=\"og:url\" content=\"https:\/\/abrelivros.org.br\/site\/governo-exonera-diretora-do-fnde-que-cuida-da-operacao-do-fies-e-do-fundeb\/\" \/>\n<meta property=\"og:site_name\" content=\"Abrelivros\" \/>\n<meta property=\"article:published_time\" content=\"2021-03-05T15:46:10+00:00\" \/>\n<meta name=\"twitter:card\" content=\"summary_large_image\" \/>\n<script type=\"application\/ld+json\" class=\"yoast-schema-graph\">{\"@context\":\"https:\/\/schema.org\",\"@graph\":[{\"@type\":\"WebSite\",\"@id\":\"https:\/\/abrelivros.org.br\/site\/#website\",\"url\":\"https:\/\/abrelivros.org.br\/site\/\",\"name\":\"Abrelivros\",\"description\":\"\",\"potentialAction\":[{\"@type\":\"SearchAction\",\"target\":\"https:\/\/abrelivros.org.br\/site\/?s={search_term_string}\",\"query-input\":\"required name=search_term_string\"}],\"inLanguage\":\"pt-BR\"},{\"@type\":\"WebPage\",\"@id\":\"https:\/\/abrelivros.org.br\/site\/governo-exonera-diretora-do-fnde-que-cuida-da-operacao-do-fies-e-do-fundeb\/#webpage\",\"url\":\"https:\/\/abrelivros.org.br\/site\/governo-exonera-diretora-do-fnde-que-cuida-da-operacao-do-fies-e-do-fundeb\/\",\"name\":\"Governo exonera diretora do FNDE que cuida da opera\\u00e7\\u00e3o do Fies e do Fundeb &raquo; Abrelivros\",\"isPartOf\":{\"@id\":\"https:\/\/abrelivros.org.br\/site\/#website\"},\"datePublished\":\"2021-03-05T15:46:10+00:00\",\"dateModified\":\"2021-03-05T15:46:10+00:00\",\"author\":{\"@id\":\"https:\/\/abrelivros.org.br\/site\/#\/schema\/person\/65db80e26409802ce15ac5feec6a15fd\"},\"breadcrumb\":{\"@id\":\"https:\/\/abrelivros.org.br\/site\/governo-exonera-diretora-do-fnde-que-cuida-da-operacao-do-fies-e-do-fundeb\/#breadcrumb\"},\"inLanguage\":\"pt-BR\",\"potentialAction\":[{\"@type\":\"ReadAction\",\"target\":[\"https:\/\/abrelivros.org.br\/site\/governo-exonera-diretora-do-fnde-que-cuida-da-operacao-do-fies-e-do-fundeb\/\"]}]},{\"@type\":\"BreadcrumbList\",\"@id\":\"https:\/\/abrelivros.org.br\/site\/governo-exonera-diretora-do-fnde-que-cuida-da-operacao-do-fies-e-do-fundeb\/#breadcrumb\",\"itemListElement\":[{\"@type\":\"ListItem\",\"position\":1,\"item\":{\"@type\":\"WebPage\",\"@id\":\"https:\/\/abrelivros.org.br\/site\/\",\"url\":\"https:\/\/abrelivros.org.br\/site\/\",\"name\":\"In\\u00edcio\"}},{\"@type\":\"ListItem\",\"position\":2,\"item\":{\"@type\":\"WebPage\",\"@id\":\"https:\/\/abrelivros.org.br\/site\/category\/noticias\/\",\"url\":\"https:\/\/abrelivros.org.br\/site\/category\/noticias\/\",\"name\":\"Not\\u00edcias\"}},{\"@type\":\"ListItem\",\"position\":3,\"item\":{\"@type\":\"WebPage\",\"@id\":\"https:\/\/abrelivros.org.br\/site\/category\/noticias\/noticias-da-imprensa\/\",\"url\":\"https:\/\/abrelivros.org.br\/site\/category\/noticias\/noticias-da-imprensa\/\",\"name\":\"Not\\u00edcias da imprensa\"}},{\"@type\":\"ListItem\",\"position\":4,\"item\":{\"@type\":\"WebPage\",\"@id\":\"https:\/\/abrelivros.org.br\/site\/governo-exonera-diretora-do-fnde-que-cuida-da-operacao-do-fies-e-do-fundeb\/\",\"url\":\"https:\/\/abrelivros.org.br\/site\/governo-exonera-diretora-do-fnde-que-cuida-da-operacao-do-fies-e-do-fundeb\/\",\"name\":\"Governo exonera diretora do FNDE que cuida da opera\\u00e7\\u00e3o do Fies e do Fundeb\"}}]},{\"@type\":\"Person\",\"@id\":\"https:\/\/abrelivros.org.br\/site\/#\/schema\/person\/65db80e26409802ce15ac5feec6a15fd\",\"name\":\"Reda\\u00e7\\u00e3o Abrelivros\",\"image\":{\"@type\":\"ImageObject\",\"@id\":\"https:\/\/abrelivros.org.br\/site\/#personlogo\",\"inLanguage\":\"pt-BR\",\"url\":\"https:\/\/secure.gravatar.com\/avatar\/c4e57f9c7e3482965bd428192061218520756c39080b1d1820b679fa5e9af192?s=96&d=mm&r=g\",\"caption\":\"Reda\\u00e7\\u00e3o Abrelivros\"}}]}<\/script>\n<!-- \/ Yoast SEO plugin. -->","_links":{"self":[{"href":"https:\/\/abrelivros.org.br\/site\/wp-json\/wp\/v2\/posts\/13365","targetHints":{"allow":["GET"]}}],"collection":[{"href":"https:\/\/abrelivros.org.br\/site\/wp-json\/wp\/v2\/posts"}],"about":[{"href":"https:\/\/abrelivros.org.br\/site\/wp-json\/wp\/v2\/types\/post"}],"author":[{"embeddable":true,"href":"https:\/\/abrelivros.org.br\/site\/wp-json\/wp\/v2\/users\/4"}],"replies":[{"embeddable":true,"href":"https:\/\/abrelivros.org.br\/site\/wp-json\/wp\/v2\/comments?post=13365"}],"version-history":[{"count":1,"href":"https:\/\/abrelivros.org.br\/site\/wp-json\/wp\/v2\/posts\/13365\/revisions"}],"predecessor-version":[{"id":13366,"href":"https:\/\/abrelivros.org.br\/site\/wp-json\/wp\/v2\/posts\/13365\/revisions\/13366"}],"wp:attachment":[{"href":"https:\/\/abrelivros.org.br\/site\/wp-json\/wp\/v2\/media?parent=13365"}],"wp:term":[{"taxonomy":"category","embeddable":true,"href":"https:\/\/abrelivros.org.br\/site\/wp-json\/wp\/v2\/categories?post=13365"},{"taxonomy":"post_tag","embeddable":true,"href":"https:\/\/abrelivros.org.br\/site\/wp-json\/wp\/v2\/tags?post=13365"}],"curies":[{"name":"wp","href":"https:\/\/api.w.org\/{rel}","templated":true}]}}