{"id":13361,"date":"2021-03-05T12:37:22","date_gmt":"2021-03-05T15:37:22","guid":{"rendered":"https:\/\/abrelivros.org.br\/site\/?p=13361"},"modified":"2021-03-05T12:37:22","modified_gmt":"2021-03-05T15:37:22","slug":"mec-quer-professora-aliada-do-escola-sem-partido-para-coordenar-material-didatico","status":"publish","type":"post","link":"https:\/\/abrelivros.org.br\/site\/mec-quer-professora-aliada-do-escola-sem-partido-para-coordenar-material-didatico\/","title":{"rendered":"MEC quer professora aliada do Escola sem Partido para coordenar material did\u00e1tico"},"content":{"rendered":"<p>O MEC (Minist\u00e9rio da Educa\u00e7\u00e3o) pretende nomear nos pr\u00f3ximos dias como coordenadora de materiais did\u00e1ticos uma professora aliada ao <a href=\"https:\/\/www1.folha.uol.com.br\/educacao\/2020\/04\/stf-forma-maioria-para-declarar-inconstitucional-lei-que-veta-discussao-de-genero-nas-escolas.shtml\" target=\"_blank\" rel=\"noopener noreferrer\">movimento Escola sem Partido<\/a> e que acumula cr\u00edticas \u00e0 <a href=\"https:\/\/www1.folha.uol.com.br\/educacao\/2018\/12\/ministro-homologa-base-curricular-do-ensino-medio-divulgada-uma-hora-antes.shtml\" target=\"_blank\" rel=\"noopener noreferrer\">base curricular<\/a> com base em princ\u00edpios religiosos.<!--more--><\/p>\n<p>A indica\u00e7\u00e3o da professora Sandra Ramos, da UFPI (Universidade Federal do Piau\u00ed), ainda \u00e9 vista por funcion\u00e1rios como um movimento de retomada de espa\u00e7o por parte da chamada ala ideol\u00f3gica (influenciada pelo escritor Olavo de Carvalho e que tem entre suas prioridades promover uma guerra cultural contra pautas associadas \u00e0 esquerda) na pasta. O grupo \u00e9 liderado pelo secret\u00e1rio de Alfabetiza\u00e7\u00e3o,<a href=\"https:\/\/www1.folha.uol.com.br\/educacao\/2019\/01\/velez-indica-para-secretarias-do-mec-ex-alunos-de-filosofia-sem-experiencia-de-gestao.shtml\" target=\"_blank\" rel=\"noopener noreferrer\"> Carlos Nadalim, aluno de Olavo de Carvalho<\/a>.<\/p>\n<p>Nadalim trabalha internamente para enfraquecer o ministro da Educa\u00e7\u00e3o, Milton Ribeiro, e parte da equipe escolhida por ele. O objetivo \u00e9 recompor o grupo de olavistas no \u00f3rg\u00e3o.<\/p>\n<p>O conte\u00fado dos materiais did\u00e1ticos sempre foi alvo do grupo mais ideol\u00f3gicos de apoio ao presidente Jair Bolsonaro (sem partido), assim como o dele pr\u00f3prio.<\/p>\n<p>Foi Nadalim quem liderou as altera\u00e7\u00f5es realizadas no edital do PNLD (Programa Nacional do Livro Did\u00e1ticos). A nova vers\u00e3o do edital para compra de livros dos anos finais do ensino fundamental retirou men\u00e7\u00f5es \u00e0 agenda da n\u00e3o viol\u00eancia contra mulher, por exemplo, dos crit\u00e9rios de exclus\u00e3o de obras, o que gerou questionamentos de pol\u00edticos.<\/p>\n<p>A interven\u00e7\u00e3o foi feita \u00e0 revelia da equipe da Secretaria de Educa\u00e7\u00e3o B\u00e1sica do MEC, que tamb\u00e9m n\u00e3o bancou a indica\u00e7\u00e3o da nova coordenadora, segundo relatos colhidos pela Folha com integrantes do minist\u00e9rio.<\/p>\n<p>Evang\u00e9lica e conservadora, Sandra Ramos \u00e9 pedagoga e concorreu \u00e0 reitoria da UFPI no ano passado em chapa alinhada ao governo Bolsonaro, mas n\u00e3o venceu. Ela tem um hist\u00f3rico de colabora\u00e7\u00f5es com o Escola sem Partido, fez lives recentes com um dos fundadores do movimento, Miguel Nagib, e tamb\u00e9m assinou artigos em um blog que faz cr\u00edticas com vi\u00e9s ultraconservador ao material did\u00e1tico e \u00e0 Base Nacional Comum Curricular.<\/p>\n<p>Entre as cr\u00edticas no texto do blog h\u00e1 a preconiza\u00e7\u00e3o de que a base curricular deveria excluir men\u00e7\u00f5es \u00e0 cultura africana e ind\u00edgena e quest\u00f5es relacionadas \u00e0 viola\u00e7\u00e3o de direitos humanos na ditadura militar (1964-1985). Ainda h\u00e1 a sugest\u00e3o para incluir compara\u00e7\u00f5es da teoria de Charles Darwin com o criacionismo.<\/p>\n<p>O texto, do fim de 2018, foi assinado em conjunto por Ramos, pela atual ministra da Mulher, Fam\u00edlia e Direitos Humanos, Damares Alves, e pelo professor <a href=\"https:\/\/www1.folha.uol.com.br\/educacao\/2018\/12\/cargos-chave-da-educacao-terao-pesquisadores-ligados-a-militares-sob-bolsonaro.shtml\" target=\"_blank\" rel=\"noopener noreferrer\">Orley Silva<\/a>, que j\u00e1 fez parte da equipe do MEC no governo Bolsonaro.<\/p>\n<p>A professora tamb\u00e9m critica frequentemente a <a href=\"https:\/\/www1.folha.uol.com.br\/educacao\/2018\/10\/motores-de-bolsonaro-escola-sem-partido-e-ideologia-de-genero-tem-raizes-religiosas.shtml\" target=\"_blank\" rel=\"noopener noreferrer\">chamada &#8220;ideologia de g\u00eanero&#8221;, termo nunca adotado por educadores<\/a>.<\/p>\n<p>Disputas entre os n\u00facleos ideol\u00f3gico, militar e t\u00e9cnico causaram paralisia no MEC, sobretudo na per\u00edodo<a href=\"https:\/\/www1.folha.uol.com.br\/educacao\/2019\/04\/demitido-por-bolsonaro-velez-diz-que-entrega-mec-com-a-casa-em-ordem.shtml\" target=\"_blank\" rel=\"noopener noreferrer\"> de Ricardo V\u00e9lez Rodriguez<\/a> \u00e0 frente da pasta.<\/p>\n<p>A indica\u00e7\u00e3o de Sandra Ramos para a coordena\u00e7\u00e3o-Geral de Materiais Did\u00e1ticos tem causado apreens\u00e3o entre os t\u00e9cnicos do MEC. As compras s\u00e3o feitas pelo FNDE (Fundo Nacional de Desenvolvimento da Educa\u00e7\u00e3o), mas \u00e9 no minist\u00e9rio que s\u00e3o feitas a defini\u00e7\u00f5es pedag\u00f3gicas da pol\u00edtica.<\/p>\n<p>O cargo \u00e9 ligado \u00e0 diretoria de Articula\u00e7\u00e3o e Apoio \u00e0s Redes da Secretaria de Educa\u00e7\u00e3o B\u00e1sica do minist\u00e9rio. Essa subpasta \u00e9 comandada por Izabel Pessoa, servidora de carreira e que foi uma escolha pessoal de Milton Ribeiro. Ela <a href=\"https:\/\/www1.folha.uol.com.br\/educacao\/2020\/08\/milton-ribeiro-demite-secretaria-de-educacao-basica-apoiada-por-olavistas.shtml\" target=\"_blank\" rel=\"noopener noreferrer\">substitui Ilona Becskeh\u00e1zy<\/a>, que havia chegado ao cargo por decis\u00e3o do ex-ministro <a href=\"https:\/\/www1.folha.uol.com.br\/educacao\/2020\/06\/gestao-de-weintraub-no-mec-foi-marcada-por-ataques-e-projetos-parados.shtml\" target=\"_blank\" rel=\"noopener noreferrer\">Abraham Weintraub<\/a> com apoio de olavistas.<\/p>\n<p>Funcion\u00e1rios do MEC disseram \u00e0 Folha, em condi\u00e7\u00e3o de anonimato, que Nadalim tem agido para desgastar n\u00e3o s\u00f3 Izabel Pessoa como tamb\u00e9m o pr\u00f3prio ministro.<\/p>\n<p>A publica\u00e7\u00e3o recente de texto no site bolsonarista Brasil Sem Medo apontando que Ribeiro seria demitido foi interpretada dentro do MEC como mais uma manobra do secret\u00e1rio de Alfabetiza\u00e7\u00e3o para minar a gest\u00e3o de Ribeiro. <a href=\"https:\/\/www1.folha.uol.com.br\/cotidiano\/2020\/06\/convidado-para-interino-numero-2-do-mec-enfrenta-resistencia-de-ala-ideologica.shtml\" target=\"_blank\" rel=\"noopener noreferrer\">Nadalim j\u00e1 apareceu como s\u00f3cio desse site<\/a>, ligado ao pr\u00f3prio Olavo de Carvalho, e mant\u00e9m forte interlocu\u00e7\u00e3o com os gestores do portal.<\/p>\n<p><a href=\"https:\/\/www1.folha.uol.com.br\/educacao\/2020\/11\/visto-como-decorativo-ministro-da-educacao-privilegia-viagens-e-agendas-com-bolsonaro.shtml\" target=\"_blank\" rel=\"noopener noreferrer\">Milton Ribeiro \u00e9 visto como decorativo na esplanada dos minist\u00e9rio porque tem privilegiado viagens e agendas ao lado de Bolsonaro<\/a>, como a Folha mostrou no fim do ano passado. T\u00e9cnicos dizem que, pela dist\u00e2ncia da rotina t\u00e9cnica, Ribeiro aceitou a indica\u00e7\u00e3o de Sandra Ramos por ela ser religiosa.<\/p>\n<p>Al\u00e9m da equipe de Alfabetiza\u00e7\u00e3o, Nadalim tem se aproximado de assessora especial do MEC Inez Augusto Borges, <a href=\"https:\/\/www1.folha.uol.com.br\/educacao\/2020\/08\/assessora-de-milton-ribeiro-defende-principios-biblicos-na-educacao.shtml\" target=\"_blank\" rel=\"noopener noreferrer\">religiosa que defende a ado\u00e7\u00e3o de princ\u00edpios b\u00edblicos no ensino<\/a>.<\/p>\n<p>O MEC e a professora Sandra Ramos foram procurados mas n\u00e3o responderam at\u00e9 a publica\u00e7\u00e3o desta reportagem.<\/p>\n<p>Bolsonaro emergiu no cen\u00e1rio pol\u00edtico ao atacar uma suposta sexualiza\u00e7\u00e3o precoce nas escolas e chegou a mostrar um livro sobre sexo para crian\u00e7as como se a obra fizesse parte das compras do governo federal, o que nunca ocorreu, como a pr\u00f3pria gest\u00e3o atual do MEC j\u00e1 confirmou.<\/p>\n<p>A Folha revelou no in\u00edcio de 2019 que, na gest\u00e3o do ex-ministro V\u00e9lez, houve a<a href=\"https:\/\/www1.folha.uol.com.br\/educacao\/2019\/01\/gestao-bolsonaro-retira-violencia-contra-mulher-e-quilombo-de-edital-de-livros.shtml\" target=\"_blank\" rel=\"noopener noreferrer\"> supress\u00e3o, em um edital de livros, de trechos como o compromisso com a agenda da n\u00e3o viol\u00eancia<\/a> contra as mulheres e a promo\u00e7\u00e3o das culturas quilombolas e dos povos do campo. O MEC voltou atr\u00e1s na ocasi\u00e3o e disse que se tratava de um erro.<\/p>\n<p>No m\u00eas passado, o edital do PNLD 2023 trouxe as mesmas altera\u00e7\u00f5es, o que j\u00e1 havia ocorrido com o documento relacionado \u00e0 compra para educa\u00e7\u00e3o infantil.<\/p>\n<p>Tamb\u00e9m saiu dos crit\u00e9rios de exclus\u00e3o de obras a necessidade de abordar a tem\u00e1tica de g\u00eanero igualit\u00e1ria, &#8220;inclusive no que diz respeito \u00e0 homo e transfobia&#8221;. O edital atual n\u00e3o trata da quest\u00e3o de g\u00eanero e s\u00f3 fala de forma gen\u00e9rica sobre o respeito a todos os brasileiros, &#8220;homens e mulheres&#8221; de diferentes matrizes culturais, mas sem que a omiss\u00e3o desses temas seja pass\u00edvel de exclus\u00e3o.<\/p>\n<p>O governo Bolsonaro j\u00e1 atua na censura de temas no Enem. Parecer de uma comiss\u00e3o criada para fazer um pente fino ideol\u00f3gico nas quest\u00f5es do exame mostra que foi sugerido a troca do termo &#8220;ditadura&#8221; por &#8220;regime militar&#8221; em um item da \u00e1rea de Linguagens. De maneira in\u00e9dita, o <a href=\"https:\/\/ez-enem-deixa-de-abordar-ditadura-militar.shtml\/\" target=\"_blank\" rel=\"noopener noreferrer\">tema n\u00e3o foi abordado<\/a> nas duas edi\u00e7\u00f5es do Enem sob o governo Bolsonaro.<\/p>\n","protected":false},"excerpt":{"rendered":"<p>O MEC (Minist\u00e9rio da Educa\u00e7\u00e3o) pretende nomear nos pr\u00f3ximos dias como coordenadora de materiais did\u00e1ticos uma professora aliada ao movimento Escola sem Partido e que acumula cr\u00edticas \u00e0 base curricular com base em princ\u00edpios religiosos.<\/p>\n","protected":false},"author":4,"featured_media":0,"comment_status":"closed","ping_status":"closed","sticky":false,"template":"","format":"standard","meta":{"footnotes":"","_links_to":"","_links_to_target":""},"categories":[9,10],"tags":[],"class_list":["post-13361","post","type-post","status-publish","format-standard","hentry","category-noticias-da-imprensa","category-pnld-programa-nacional-do-livro-e-do-material-didatico"],"yoast_head":"<!-- This site is optimized with the Yoast SEO plugin v15.1 - https:\/\/yoast.com\/wordpress\/plugins\/seo\/ -->\n<title>MEC quer professora aliada do Escola sem Partido para coordenar material did\u00e1tico &raquo; Abrelivros<\/title>\n<meta name=\"robots\" content=\"index, follow, max-snippet:-1, max-image-preview:large, max-video-preview:-1\" \/>\n<link rel=\"canonical\" href=\"https:\/\/abrelivros.org.br\/site\/mec-quer-professora-aliada-do-escola-sem-partido-para-coordenar-material-didatico\/\" \/>\n<meta property=\"og:locale\" content=\"pt_BR\" \/>\n<meta property=\"og:type\" content=\"article\" \/>\n<meta property=\"og:title\" content=\"MEC quer professora aliada do Escola sem Partido para coordenar material did\u00e1tico &raquo; Abrelivros\" \/>\n<meta property=\"og:description\" content=\"O MEC (Minist\u00e9rio da Educa\u00e7\u00e3o) pretende nomear nos pr\u00f3ximos dias como coordenadora de materiais did\u00e1ticos uma professora aliada ao movimento Escola sem Partido e que acumula cr\u00edticas \u00e0 base curricular com base em princ\u00edpios religiosos.\" \/>\n<meta property=\"og:url\" content=\"https:\/\/abrelivros.org.br\/site\/mec-quer-professora-aliada-do-escola-sem-partido-para-coordenar-material-didatico\/\" \/>\n<meta property=\"og:site_name\" content=\"Abrelivros\" \/>\n<meta property=\"article:published_time\" content=\"2021-03-05T15:37:22+00:00\" \/>\n<meta name=\"twitter:card\" content=\"summary_large_image\" \/>\n<script type=\"application\/ld+json\" class=\"yoast-schema-graph\">{\"@context\":\"https:\/\/schema.org\",\"@graph\":[{\"@type\":\"WebSite\",\"@id\":\"https:\/\/abrelivros.org.br\/site\/#website\",\"url\":\"https:\/\/abrelivros.org.br\/site\/\",\"name\":\"Abrelivros\",\"description\":\"\",\"potentialAction\":[{\"@type\":\"SearchAction\",\"target\":\"https:\/\/abrelivros.org.br\/site\/?s={search_term_string}\",\"query-input\":\"required name=search_term_string\"}],\"inLanguage\":\"pt-BR\"},{\"@type\":\"WebPage\",\"@id\":\"https:\/\/abrelivros.org.br\/site\/mec-quer-professora-aliada-do-escola-sem-partido-para-coordenar-material-didatico\/#webpage\",\"url\":\"https:\/\/abrelivros.org.br\/site\/mec-quer-professora-aliada-do-escola-sem-partido-para-coordenar-material-didatico\/\",\"name\":\"MEC quer professora aliada do Escola sem Partido para coordenar material did\\u00e1tico &raquo; Abrelivros\",\"isPartOf\":{\"@id\":\"https:\/\/abrelivros.org.br\/site\/#website\"},\"datePublished\":\"2021-03-05T15:37:22+00:00\",\"dateModified\":\"2021-03-05T15:37:22+00:00\",\"author\":{\"@id\":\"https:\/\/abrelivros.org.br\/site\/#\/schema\/person\/65db80e26409802ce15ac5feec6a15fd\"},\"breadcrumb\":{\"@id\":\"https:\/\/abrelivros.org.br\/site\/mec-quer-professora-aliada-do-escola-sem-partido-para-coordenar-material-didatico\/#breadcrumb\"},\"inLanguage\":\"pt-BR\",\"potentialAction\":[{\"@type\":\"ReadAction\",\"target\":[\"https:\/\/abrelivros.org.br\/site\/mec-quer-professora-aliada-do-escola-sem-partido-para-coordenar-material-didatico\/\"]}]},{\"@type\":\"BreadcrumbList\",\"@id\":\"https:\/\/abrelivros.org.br\/site\/mec-quer-professora-aliada-do-escola-sem-partido-para-coordenar-material-didatico\/#breadcrumb\",\"itemListElement\":[{\"@type\":\"ListItem\",\"position\":1,\"item\":{\"@type\":\"WebPage\",\"@id\":\"https:\/\/abrelivros.org.br\/site\/\",\"url\":\"https:\/\/abrelivros.org.br\/site\/\",\"name\":\"In\\u00edcio\"}},{\"@type\":\"ListItem\",\"position\":2,\"item\":{\"@type\":\"WebPage\",\"@id\":\"https:\/\/abrelivros.org.br\/site\/category\/noticias\/\",\"url\":\"https:\/\/abrelivros.org.br\/site\/category\/noticias\/\",\"name\":\"Not\\u00edcias\"}},{\"@type\":\"ListItem\",\"position\":3,\"item\":{\"@type\":\"WebPage\",\"@id\":\"https:\/\/abrelivros.org.br\/site\/category\/noticias\/noticias-da-imprensa\/\",\"url\":\"https:\/\/abrelivros.org.br\/site\/category\/noticias\/noticias-da-imprensa\/\",\"name\":\"Not\\u00edcias da imprensa\"}},{\"@type\":\"ListItem\",\"position\":4,\"item\":{\"@type\":\"WebPage\",\"@id\":\"https:\/\/abrelivros.org.br\/site\/mec-quer-professora-aliada-do-escola-sem-partido-para-coordenar-material-didatico\/\",\"url\":\"https:\/\/abrelivros.org.br\/site\/mec-quer-professora-aliada-do-escola-sem-partido-para-coordenar-material-didatico\/\",\"name\":\"MEC quer professora aliada do Escola sem Partido para coordenar material did\\u00e1tico\"}}]},{\"@type\":\"Person\",\"@id\":\"https:\/\/abrelivros.org.br\/site\/#\/schema\/person\/65db80e26409802ce15ac5feec6a15fd\",\"name\":\"Reda\\u00e7\\u00e3o Abrelivros\",\"image\":{\"@type\":\"ImageObject\",\"@id\":\"https:\/\/abrelivros.org.br\/site\/#personlogo\",\"inLanguage\":\"pt-BR\",\"url\":\"https:\/\/secure.gravatar.com\/avatar\/c4e57f9c7e3482965bd428192061218520756c39080b1d1820b679fa5e9af192?s=96&d=mm&r=g\",\"caption\":\"Reda\\u00e7\\u00e3o Abrelivros\"}}]}<\/script>\n<!-- \/ Yoast SEO plugin. -->","_links":{"self":[{"href":"https:\/\/abrelivros.org.br\/site\/wp-json\/wp\/v2\/posts\/13361","targetHints":{"allow":["GET"]}}],"collection":[{"href":"https:\/\/abrelivros.org.br\/site\/wp-json\/wp\/v2\/posts"}],"about":[{"href":"https:\/\/abrelivros.org.br\/site\/wp-json\/wp\/v2\/types\/post"}],"author":[{"embeddable":true,"href":"https:\/\/abrelivros.org.br\/site\/wp-json\/wp\/v2\/users\/4"}],"replies":[{"embeddable":true,"href":"https:\/\/abrelivros.org.br\/site\/wp-json\/wp\/v2\/comments?post=13361"}],"version-history":[{"count":1,"href":"https:\/\/abrelivros.org.br\/site\/wp-json\/wp\/v2\/posts\/13361\/revisions"}],"predecessor-version":[{"id":13364,"href":"https:\/\/abrelivros.org.br\/site\/wp-json\/wp\/v2\/posts\/13361\/revisions\/13364"}],"wp:attachment":[{"href":"https:\/\/abrelivros.org.br\/site\/wp-json\/wp\/v2\/media?parent=13361"}],"wp:term":[{"taxonomy":"category","embeddable":true,"href":"https:\/\/abrelivros.org.br\/site\/wp-json\/wp\/v2\/categories?post=13361"},{"taxonomy":"post_tag","embeddable":true,"href":"https:\/\/abrelivros.org.br\/site\/wp-json\/wp\/v2\/tags?post=13361"}],"curies":[{"name":"wp","href":"https:\/\/api.w.org\/{rel}","templated":true}]}}