{"id":13358,"date":"2021-03-05T12:18:57","date_gmt":"2021-03-05T15:18:57","guid":{"rendered":"https:\/\/abrelivros.org.br\/site\/?p=13358"},"modified":"2021-03-05T12:18:57","modified_gmt":"2021-03-05T15:18:57","slug":"unicef-168-milhoes-de-criancas-em-todo-o-mundo-estao-fora-da-escola-ha-quase-um-ano","status":"publish","type":"post","link":"https:\/\/abrelivros.org.br\/site\/unicef-168-milhoes-de-criancas-em-todo-o-mundo-estao-fora-da-escola-ha-quase-um-ano\/","title":{"rendered":"Unicef: 168 milh\u00f5es de crian\u00e7as em todo o mundo est\u00e3o fora da escola h\u00e1 quase um ano"},"content":{"rendered":"<p>Cerca de 168 milh\u00f5es de crian\u00e7as ficaram fora da escola por quase um ano em todo o mundo por causa da pandemia do novo coronav\u00edrus. O dado \u00e9 do Fundo das Na\u00e7\u00f5es Unidas para a Inf\u00e2ncia (Unicef) e faz parte do <a href=\"https:\/\/www.unicef.org\/press-releases\/schools-more-168-million-children-globally-have-been-completely-closed\" target=\"_blank\" rel=\"noopener noreferrer\">novo relat\u00f3rio do \u00f3rg\u00e3o da ONU<\/a> divulgado na quarta-feira (3) em que pede a abertura das institui\u00e7\u00f5es de ensino. O per\u00edodo a que o fundo se refere vai de mar\u00e7o de 2020 at\u00e9 fevereiro de 2021.<!--more--><\/p>\n<p>Segundo o relat\u00f3rio, 214 milh\u00f5es de crian\u00e7as em todo o mundo perderam tr\u00eas quartos de suas aprendizagens nesse per\u00edodo. Muitos desses meninos e meninas correm o risco de n\u00e3o retornar para as escolas. O Unicef destaca tamb\u00e9m consequ\u00eancias outras do fechamento dos col\u00e9gios: aumento da vulnerabilidade, risco de aumento do trabalho infantil, crian\u00e7as e jovens de baixa renda longe de uma alimenta\u00e7\u00e3o nutritiva, j\u00e1 que para muitos ela \u00e9 feita nas institui\u00e7\u00f5es de ensino, entre outras.<\/p>\n<p>&#8220;\u00c0 medida que nos aproximamos da marca de um ano da pandemia COVID-19, somos novamente lembrados da catastr\u00f3fica emerg\u00eancia educacional criada pelos bloqueios mundiais. A cada dia que passa, as crian\u00e7as que n\u00e3o t\u00eam acesso \u00e0 escola presencial ficam cada vez mais para tr\u00e1s, com os mais marginalizados pagando o pre\u00e7o mais alto \u201d, salientou Henrietta Fore, diretora-executiva do Unicef.<\/p>\n<p>O Unicef, mais uma vez, pediu aos governos que priorizem a abertura das escolas e a volta \u00e0s aulas com protocolos seguros. Al\u00e9m disso, quando houver a retomada, o \u00f3rg\u00e3o salientou que \u00e9 preciso dar aten\u00e7\u00e3o \u00e0 aprendizagem perdida dos estudantes e tamb\u00e9m verificar como est\u00e3o a sa\u00fade e a nutri\u00e7\u00e3o desses alunos.<\/p>\n<p><strong>Situa\u00e7\u00e3o da Am\u00e9rica Latina no relat\u00f3rio do Unicef<\/strong><\/p>\n<p>O relat\u00f3rio do Unicef chamou aten\u00e7\u00e3o ainda para o fato de que nove pa\u00edses da regi\u00e3o da Am\u00e9rica Latina e Caribe permaneceram com escolas fechadas por quase um ano.<\/p>\n<p>Com rela\u00e7\u00e3o ao n\u00famero de dias sem aulas presenciais, o pa\u00eds que lidera o ranking do \u00f3rg\u00e3o da ONU \u00e9 o Panam\u00e1, onde as institui\u00e7\u00f5es de ensino ficaram fechadas por 211 dias. O Brasil aparece na quinta coloca\u00e7\u00e3o, com 191 dias de interrup\u00e7\u00e3o das atividades educacionais.<\/p>\n<p>\u201cN\u00e3o podemos nos dar ao luxo de passar para o segundo ano de aprendizado limitado ou mesmo nenhum na escola para essas crian\u00e7as. Nenhum esfor\u00e7o deve ser poupado para manter as escolas abertas ou prioriz\u00e1-las nos planos de reabertura\u201d, ressaltou a diretora do Unicef.<\/p>\n","protected":false},"excerpt":{"rendered":"<p>Cerca de 168 milh\u00f5es de crian\u00e7as ficaram fora da escola por quase um ano em todo o mundo por causa da pandemia do novo coronav\u00edrus. O dado \u00e9 do Fundo das Na\u00e7\u00f5es Unidas para a Inf\u00e2ncia (Unicef) e faz parte do novo relat\u00f3rio do \u00f3rg\u00e3o da ONU divulgado na quarta-feira (3) em que pede a [&hellip;]<\/p>\n","protected":false},"author":4,"featured_media":0,"comment_status":"closed","ping_status":"closed","sticky":false,"template":"","format":"standard","meta":{"footnotes":"","_links_to":"","_links_to_target":""},"categories":[9],"tags":[],"class_list":["post-13358","post","type-post","status-publish","format-standard","hentry","category-noticias-da-imprensa"],"yoast_head":"<!-- This site is optimized with the Yoast SEO plugin v15.1 - https:\/\/yoast.com\/wordpress\/plugins\/seo\/ -->\n<title>Unicef: 168 milh\u00f5es de crian\u00e7as em todo o mundo est\u00e3o fora da escola h\u00e1 quase um ano &raquo; Abrelivros<\/title>\n<meta name=\"robots\" content=\"index, follow, max-snippet:-1, max-image-preview:large, max-video-preview:-1\" \/>\n<link rel=\"canonical\" href=\"https:\/\/abrelivros.org.br\/site\/unicef-168-milhoes-de-criancas-em-todo-o-mundo-estao-fora-da-escola-ha-quase-um-ano\/\" \/>\n<meta property=\"og:locale\" content=\"pt_BR\" \/>\n<meta property=\"og:type\" content=\"article\" \/>\n<meta property=\"og:title\" content=\"Unicef: 168 milh\u00f5es de crian\u00e7as em todo o mundo est\u00e3o fora da escola h\u00e1 quase um ano &raquo; Abrelivros\" \/>\n<meta property=\"og:description\" content=\"Cerca de 168 milh\u00f5es de crian\u00e7as ficaram fora da escola por quase um ano em todo o mundo por causa da pandemia do novo coronav\u00edrus. O dado \u00e9 do Fundo das Na\u00e7\u00f5es Unidas para a Inf\u00e2ncia (Unicef) e faz parte do novo relat\u00f3rio do \u00f3rg\u00e3o da ONU divulgado na quarta-feira (3) em que pede a [&hellip;]\" \/>\n<meta property=\"og:url\" content=\"https:\/\/abrelivros.org.br\/site\/unicef-168-milhoes-de-criancas-em-todo-o-mundo-estao-fora-da-escola-ha-quase-um-ano\/\" \/>\n<meta property=\"og:site_name\" content=\"Abrelivros\" \/>\n<meta property=\"article:published_time\" content=\"2021-03-05T15:18:57+00:00\" \/>\n<meta name=\"twitter:card\" content=\"summary_large_image\" \/>\n<script type=\"application\/ld+json\" class=\"yoast-schema-graph\">{\"@context\":\"https:\/\/schema.org\",\"@graph\":[{\"@type\":\"WebSite\",\"@id\":\"https:\/\/abrelivros.org.br\/site\/#website\",\"url\":\"https:\/\/abrelivros.org.br\/site\/\",\"name\":\"Abrelivros\",\"description\":\"\",\"potentialAction\":[{\"@type\":\"SearchAction\",\"target\":\"https:\/\/abrelivros.org.br\/site\/?s={search_term_string}\",\"query-input\":\"required name=search_term_string\"}],\"inLanguage\":\"pt-BR\"},{\"@type\":\"WebPage\",\"@id\":\"https:\/\/abrelivros.org.br\/site\/unicef-168-milhoes-de-criancas-em-todo-o-mundo-estao-fora-da-escola-ha-quase-um-ano\/#webpage\",\"url\":\"https:\/\/abrelivros.org.br\/site\/unicef-168-milhoes-de-criancas-em-todo-o-mundo-estao-fora-da-escola-ha-quase-um-ano\/\",\"name\":\"Unicef: 168 milh\\u00f5es de crian\\u00e7as em todo o mundo est\\u00e3o fora da escola h\\u00e1 quase um ano &raquo; Abrelivros\",\"isPartOf\":{\"@id\":\"https:\/\/abrelivros.org.br\/site\/#website\"},\"datePublished\":\"2021-03-05T15:18:57+00:00\",\"dateModified\":\"2021-03-05T15:18:57+00:00\",\"author\":{\"@id\":\"https:\/\/abrelivros.org.br\/site\/#\/schema\/person\/65db80e26409802ce15ac5feec6a15fd\"},\"breadcrumb\":{\"@id\":\"https:\/\/abrelivros.org.br\/site\/unicef-168-milhoes-de-criancas-em-todo-o-mundo-estao-fora-da-escola-ha-quase-um-ano\/#breadcrumb\"},\"inLanguage\":\"pt-BR\",\"potentialAction\":[{\"@type\":\"ReadAction\",\"target\":[\"https:\/\/abrelivros.org.br\/site\/unicef-168-milhoes-de-criancas-em-todo-o-mundo-estao-fora-da-escola-ha-quase-um-ano\/\"]}]},{\"@type\":\"BreadcrumbList\",\"@id\":\"https:\/\/abrelivros.org.br\/site\/unicef-168-milhoes-de-criancas-em-todo-o-mundo-estao-fora-da-escola-ha-quase-um-ano\/#breadcrumb\",\"itemListElement\":[{\"@type\":\"ListItem\",\"position\":1,\"item\":{\"@type\":\"WebPage\",\"@id\":\"https:\/\/abrelivros.org.br\/site\/\",\"url\":\"https:\/\/abrelivros.org.br\/site\/\",\"name\":\"In\\u00edcio\"}},{\"@type\":\"ListItem\",\"position\":2,\"item\":{\"@type\":\"WebPage\",\"@id\":\"https:\/\/abrelivros.org.br\/site\/category\/noticias\/\",\"url\":\"https:\/\/abrelivros.org.br\/site\/category\/noticias\/\",\"name\":\"Not\\u00edcias\"}},{\"@type\":\"ListItem\",\"position\":3,\"item\":{\"@type\":\"WebPage\",\"@id\":\"https:\/\/abrelivros.org.br\/site\/category\/noticias\/noticias-da-imprensa\/\",\"url\":\"https:\/\/abrelivros.org.br\/site\/category\/noticias\/noticias-da-imprensa\/\",\"name\":\"Not\\u00edcias da imprensa\"}},{\"@type\":\"ListItem\",\"position\":4,\"item\":{\"@type\":\"WebPage\",\"@id\":\"https:\/\/abrelivros.org.br\/site\/unicef-168-milhoes-de-criancas-em-todo-o-mundo-estao-fora-da-escola-ha-quase-um-ano\/\",\"url\":\"https:\/\/abrelivros.org.br\/site\/unicef-168-milhoes-de-criancas-em-todo-o-mundo-estao-fora-da-escola-ha-quase-um-ano\/\",\"name\":\"Unicef: 168 milh\\u00f5es de crian\\u00e7as em todo o mundo est\\u00e3o fora da escola h\\u00e1 quase um ano\"}}]},{\"@type\":\"Person\",\"@id\":\"https:\/\/abrelivros.org.br\/site\/#\/schema\/person\/65db80e26409802ce15ac5feec6a15fd\",\"name\":\"Reda\\u00e7\\u00e3o Abrelivros\",\"image\":{\"@type\":\"ImageObject\",\"@id\":\"https:\/\/abrelivros.org.br\/site\/#personlogo\",\"inLanguage\":\"pt-BR\",\"url\":\"https:\/\/secure.gravatar.com\/avatar\/c4e57f9c7e3482965bd428192061218520756c39080b1d1820b679fa5e9af192?s=96&d=mm&r=g\",\"caption\":\"Reda\\u00e7\\u00e3o Abrelivros\"}}]}<\/script>\n<!-- \/ Yoast SEO plugin. -->","_links":{"self":[{"href":"https:\/\/abrelivros.org.br\/site\/wp-json\/wp\/v2\/posts\/13358","targetHints":{"allow":["GET"]}}],"collection":[{"href":"https:\/\/abrelivros.org.br\/site\/wp-json\/wp\/v2\/posts"}],"about":[{"href":"https:\/\/abrelivros.org.br\/site\/wp-json\/wp\/v2\/types\/post"}],"author":[{"embeddable":true,"href":"https:\/\/abrelivros.org.br\/site\/wp-json\/wp\/v2\/users\/4"}],"replies":[{"embeddable":true,"href":"https:\/\/abrelivros.org.br\/site\/wp-json\/wp\/v2\/comments?post=13358"}],"version-history":[{"count":1,"href":"https:\/\/abrelivros.org.br\/site\/wp-json\/wp\/v2\/posts\/13358\/revisions"}],"predecessor-version":[{"id":13360,"href":"https:\/\/abrelivros.org.br\/site\/wp-json\/wp\/v2\/posts\/13358\/revisions\/13360"}],"wp:attachment":[{"href":"https:\/\/abrelivros.org.br\/site\/wp-json\/wp\/v2\/media?parent=13358"}],"wp:term":[{"taxonomy":"category","embeddable":true,"href":"https:\/\/abrelivros.org.br\/site\/wp-json\/wp\/v2\/categories?post=13358"},{"taxonomy":"post_tag","embeddable":true,"href":"https:\/\/abrelivros.org.br\/site\/wp-json\/wp\/v2\/tags?post=13358"}],"curies":[{"name":"wp","href":"https:\/\/api.w.org\/{rel}","templated":true}]}}