{"id":13352,"date":"2021-03-04T15:59:00","date_gmt":"2021-03-04T18:59:00","guid":{"rendered":"https:\/\/abrelivros.org.br\/site\/?p=13352"},"modified":"2021-03-04T15:59:00","modified_gmt":"2021-03-04T18:59:00","slug":"educacao-com-proposito-escolas-e-educadores-precisam-se-preparar-para-guiar-estudantes-pelo-seculo-xxi","status":"publish","type":"post","link":"https:\/\/abrelivros.org.br\/site\/educacao-com-proposito-escolas-e-educadores-precisam-se-preparar-para-guiar-estudantes-pelo-seculo-xxi\/","title":{"rendered":"Educa\u00e7\u00e3o com prop\u00f3sito: escolas e educadores precisam se preparar para guiar estudantes pelo s\u00e9culo XXI"},"content":{"rendered":"<p>Sabe-se que mudan\u00e7as profundas est\u00e3o ocorrendo na sociedade atual. T\u00e3o relevantes quanto a inven\u00e7\u00e3o do fogo, os paradigmas e as formas com que a ci\u00eancia e o conhecimento s\u00e3o disseminados est\u00e3o em constante transforma\u00e7\u00e3o, cada vez mais r\u00e1pidos e, por muitas vezes, vol\u00e1teis, j\u00e1 que o volume de dados com os quais nos deparamos diariamente \u00e9 enorme.<!--more--><\/p>\n<p>Nas escolas, o cen\u00e1rio n\u00e3o \u00e9 diferente. De fato, o repert\u00f3rio aplicado na maioria das institui\u00e7\u00f5es de ensino ainda \u00e9 antigo. Em Hist\u00f3ria, por exemplo, mat\u00e9ria com a qual tenho maior afinidade, h\u00e1 o costume de que os alunos saiam com a no\u00e7\u00e3o de que a sociedade atual \u00e9 mais desenvolvida do que as antigas, mas grande parte da popula\u00e7\u00e3o mundial n\u00e3o conseguiria, hoje, estabelecer um di\u00e1logo coerente com S\u00f3crates, que viveu h\u00e1 milhares de anos. Por isso, no Poliedro temos o entendimento de que as escolas contempor\u00e2neas precisam atualizar seus curr\u00edculos de modo a preparar o estudante para o s\u00e9culo XXI e seu novo contexto.<\/p>\n<p>E \u00e9 neste ponto que entra a educa\u00e7\u00e3o com prop\u00f3sito. A ideia \u00e9 capacitar uma gera\u00e7\u00e3o de alunos para lidar com novas realidades. \u00c9 poder falar sobre os problemas que vivem e ajud\u00e1-los a encontrar solu\u00e7\u00f5es. \u00c9 fazer sentido na vida de cada um! Isso significa ret\u00ea-los, engaj\u00e1-los e solidificar la\u00e7os profundos.<\/p>\n<p>A escola e os educadores precisam se preparar para essa mudan\u00e7a e acompanh\u00e1-la de perto para uma implementa\u00e7\u00e3o assertiva. Trata-se de uma nova forma de educar, que conduz \u00e0 forma\u00e7\u00e3o integral, tanto de alunos quanto de professores.<\/p>\n<p>\u00c9 claro que estamos falando de um processo que j\u00e1 tem come\u00e7ado e ir\u00e1 se desenvolver progressivamente, j\u00e1 que a gera\u00e7\u00e3o atual tem um senso cr\u00edtico bastante agu\u00e7ado e est\u00e1 envolvida com as tem\u00e1ticas contempor\u00e2neas. A reforma do Ensino M\u00e9dio tamb\u00e9m tende a intensificar ainda mais a trajet\u00f3ria, j\u00e1 que prop\u00f5e uma nova estrutura curricular para a 1\u00aa s\u00e9rie do Ensino M\u00e9dio em 2021. Agora, al\u00e9m das disciplinas comuns e obrigat\u00f3rias, definidas pela Base Nacional Comum Curricular (BNCC) com obrigatoriedade a partir de 2022,?os alunos da institui\u00e7\u00e3o poder\u00e3o se aprofundar nas \u00e1reas de maior interesse e de acordo com suas inten\u00e7\u00f5es de carreira por meio dos chamados Itiner\u00e1rios Formativos.<\/p>\n<p>Mas h\u00e1 uma grande contradi\u00e7\u00e3o na educa\u00e7\u00e3o brasileira. Se por um lado, o Minist\u00e9rio da Educa\u00e7\u00e3o (MEC) e o Conselho Nacional de Educa\u00e7\u00e3o (CNE) prop\u00f5em a BNCC e os Itiner\u00e1rios, por outro, ainda h\u00e1 grandes gargalos com a estrutura da maioria dos processos seletivos, que utilizam como crit\u00e9rio b\u00e1sico de admiss\u00e3o quest\u00f5es com temas academicistas e ultrapassados, contrapondo a proposta de moderniza\u00e7\u00e3o do ensino, que visa a reconhecer compet\u00eancias fundantes, o pensamento cr\u00edtico e uma vis\u00e3o assertiva dos valores sociais.<\/p>\n<p>No entanto, o formato dos processos seletivos tende a mudar. O Enem, por exemplo, est\u00e1 prestes a ganhar um novo corpo diretivo que utilizar\u00e1 a metodologia do PISA, uma avalia\u00e7\u00e3o que pede ao aluno maior autonomia e capacidade de interpreta\u00e7\u00e3o. Desta forma, nosso pa\u00eds poderia subir no ranking de classifica\u00e7\u00e3o de desempenho, mas tamb\u00e9m iria estimular uma mudan\u00e7a no formato das provas de outras institui\u00e7\u00f5es de ensino. A Unicamp, por exemplo, j\u00e1 apresenta uma mentalidade contempor\u00e2nea. O vestibular \u00e9 mais anal\u00edtico, traz quest\u00f5es contextualizadas e modelos de reda\u00e7\u00e3o diversificados, por exemplo. Ent\u00e3o, a tend\u00eancia \u00e9 que busquem cada vez mais temas atuais, como sustentabilidade, meio ambiente, diversidade cultural, entre outros, e alunos com mais autoria, que emitam opini\u00f5es embasadas e consistentes.<\/p>\n<p>De modo geral, para notarmos uma evolu\u00e7\u00e3o no segmento, temos de combater o anticientificismo e o reacionarismo que est\u00e3o surgindo nos \u00faltimos anos. N\u00e3o se trata de uma op\u00e7\u00e3o pol\u00edtica, de esquerda ou direita, mas de dar continuidade na hist\u00f3ria e incorporar o novo. O passado nunca vai ser esquecido ou destru\u00eddo. Valores e princ\u00edpios permanecem, o que mudam s\u00e3o as regras. Agora, \u00e9 preciso ter um novo olhar, que seja mais cr\u00edtico e aberto, e entender que estamos em um processo de transforma\u00e7\u00e3o profunda que altera culturas.<\/p>\n","protected":false},"excerpt":{"rendered":"<p>Sabe-se que mudan\u00e7as profundas est\u00e3o ocorrendo na sociedade atual. T\u00e3o relevantes quanto a inven\u00e7\u00e3o do fogo, os paradigmas e as formas com que a ci\u00eancia e o conhecimento s\u00e3o disseminados est\u00e3o em constante transforma\u00e7\u00e3o, cada vez mais r\u00e1pidos e, por muitas vezes, vol\u00e1teis, j\u00e1 que o volume de dados com os quais nos deparamos diariamente [&hellip;]<\/p>\n","protected":false},"author":4,"featured_media":0,"comment_status":"closed","ping_status":"closed","sticky":false,"template":"","format":"standard","meta":{"footnotes":"","_links_to":"","_links_to_target":""},"categories":[9],"tags":[],"class_list":["post-13352","post","type-post","status-publish","format-standard","hentry","category-noticias-da-imprensa"],"yoast_head":"<!-- This site is optimized with the Yoast SEO plugin v15.1 - https:\/\/yoast.com\/wordpress\/plugins\/seo\/ -->\n<title>Educa\u00e7\u00e3o com prop\u00f3sito: escolas e educadores precisam se preparar para guiar estudantes pelo s\u00e9culo XXI &raquo; Abrelivros<\/title>\n<meta name=\"robots\" content=\"index, follow, max-snippet:-1, max-image-preview:large, max-video-preview:-1\" \/>\n<link rel=\"canonical\" href=\"https:\/\/abrelivros.org.br\/site\/educacao-com-proposito-escolas-e-educadores-precisam-se-preparar-para-guiar-estudantes-pelo-seculo-xxi\/\" \/>\n<meta property=\"og:locale\" content=\"pt_BR\" \/>\n<meta property=\"og:type\" content=\"article\" \/>\n<meta property=\"og:title\" content=\"Educa\u00e7\u00e3o com prop\u00f3sito: escolas e educadores precisam se preparar para guiar estudantes pelo s\u00e9culo XXI &raquo; Abrelivros\" \/>\n<meta property=\"og:description\" content=\"Sabe-se que mudan\u00e7as profundas est\u00e3o ocorrendo na sociedade atual. T\u00e3o relevantes quanto a inven\u00e7\u00e3o do fogo, os paradigmas e as formas com que a ci\u00eancia e o conhecimento s\u00e3o disseminados est\u00e3o em constante transforma\u00e7\u00e3o, cada vez mais r\u00e1pidos e, por muitas vezes, vol\u00e1teis, j\u00e1 que o volume de dados com os quais nos deparamos diariamente [&hellip;]\" \/>\n<meta property=\"og:url\" content=\"https:\/\/abrelivros.org.br\/site\/educacao-com-proposito-escolas-e-educadores-precisam-se-preparar-para-guiar-estudantes-pelo-seculo-xxi\/\" \/>\n<meta property=\"og:site_name\" content=\"Abrelivros\" \/>\n<meta property=\"article:published_time\" content=\"2021-03-04T18:59:00+00:00\" \/>\n<meta name=\"twitter:card\" content=\"summary_large_image\" \/>\n<script type=\"application\/ld+json\" class=\"yoast-schema-graph\">{\"@context\":\"https:\/\/schema.org\",\"@graph\":[{\"@type\":\"WebSite\",\"@id\":\"https:\/\/abrelivros.org.br\/site\/#website\",\"url\":\"https:\/\/abrelivros.org.br\/site\/\",\"name\":\"Abrelivros\",\"description\":\"\",\"potentialAction\":[{\"@type\":\"SearchAction\",\"target\":\"https:\/\/abrelivros.org.br\/site\/?s={search_term_string}\",\"query-input\":\"required name=search_term_string\"}],\"inLanguage\":\"pt-BR\"},{\"@type\":\"WebPage\",\"@id\":\"https:\/\/abrelivros.org.br\/site\/educacao-com-proposito-escolas-e-educadores-precisam-se-preparar-para-guiar-estudantes-pelo-seculo-xxi\/#webpage\",\"url\":\"https:\/\/abrelivros.org.br\/site\/educacao-com-proposito-escolas-e-educadores-precisam-se-preparar-para-guiar-estudantes-pelo-seculo-xxi\/\",\"name\":\"Educa\\u00e7\\u00e3o com prop\\u00f3sito: escolas e educadores precisam se preparar para guiar estudantes pelo s\\u00e9culo XXI &raquo; Abrelivros\",\"isPartOf\":{\"@id\":\"https:\/\/abrelivros.org.br\/site\/#website\"},\"datePublished\":\"2021-03-04T18:59:00+00:00\",\"dateModified\":\"2021-03-04T18:59:00+00:00\",\"author\":{\"@id\":\"https:\/\/abrelivros.org.br\/site\/#\/schema\/person\/65db80e26409802ce15ac5feec6a15fd\"},\"breadcrumb\":{\"@id\":\"https:\/\/abrelivros.org.br\/site\/educacao-com-proposito-escolas-e-educadores-precisam-se-preparar-para-guiar-estudantes-pelo-seculo-xxi\/#breadcrumb\"},\"inLanguage\":\"pt-BR\",\"potentialAction\":[{\"@type\":\"ReadAction\",\"target\":[\"https:\/\/abrelivros.org.br\/site\/educacao-com-proposito-escolas-e-educadores-precisam-se-preparar-para-guiar-estudantes-pelo-seculo-xxi\/\"]}]},{\"@type\":\"BreadcrumbList\",\"@id\":\"https:\/\/abrelivros.org.br\/site\/educacao-com-proposito-escolas-e-educadores-precisam-se-preparar-para-guiar-estudantes-pelo-seculo-xxi\/#breadcrumb\",\"itemListElement\":[{\"@type\":\"ListItem\",\"position\":1,\"item\":{\"@type\":\"WebPage\",\"@id\":\"https:\/\/abrelivros.org.br\/site\/\",\"url\":\"https:\/\/abrelivros.org.br\/site\/\",\"name\":\"In\\u00edcio\"}},{\"@type\":\"ListItem\",\"position\":2,\"item\":{\"@type\":\"WebPage\",\"@id\":\"https:\/\/abrelivros.org.br\/site\/category\/noticias\/\",\"url\":\"https:\/\/abrelivros.org.br\/site\/category\/noticias\/\",\"name\":\"Not\\u00edcias\"}},{\"@type\":\"ListItem\",\"position\":3,\"item\":{\"@type\":\"WebPage\",\"@id\":\"https:\/\/abrelivros.org.br\/site\/category\/noticias\/noticias-da-imprensa\/\",\"url\":\"https:\/\/abrelivros.org.br\/site\/category\/noticias\/noticias-da-imprensa\/\",\"name\":\"Not\\u00edcias da imprensa\"}},{\"@type\":\"ListItem\",\"position\":4,\"item\":{\"@type\":\"WebPage\",\"@id\":\"https:\/\/abrelivros.org.br\/site\/educacao-com-proposito-escolas-e-educadores-precisam-se-preparar-para-guiar-estudantes-pelo-seculo-xxi\/\",\"url\":\"https:\/\/abrelivros.org.br\/site\/educacao-com-proposito-escolas-e-educadores-precisam-se-preparar-para-guiar-estudantes-pelo-seculo-xxi\/\",\"name\":\"Educa\\u00e7\\u00e3o com prop\\u00f3sito: escolas e educadores precisam se preparar para guiar estudantes pelo s\\u00e9culo XXI\"}}]},{\"@type\":\"Person\",\"@id\":\"https:\/\/abrelivros.org.br\/site\/#\/schema\/person\/65db80e26409802ce15ac5feec6a15fd\",\"name\":\"Reda\\u00e7\\u00e3o Abrelivros\",\"image\":{\"@type\":\"ImageObject\",\"@id\":\"https:\/\/abrelivros.org.br\/site\/#personlogo\",\"inLanguage\":\"pt-BR\",\"url\":\"https:\/\/secure.gravatar.com\/avatar\/c4e57f9c7e3482965bd428192061218520756c39080b1d1820b679fa5e9af192?s=96&d=mm&r=g\",\"caption\":\"Reda\\u00e7\\u00e3o Abrelivros\"}}]}<\/script>\n<!-- \/ Yoast SEO plugin. -->","_links":{"self":[{"href":"https:\/\/abrelivros.org.br\/site\/wp-json\/wp\/v2\/posts\/13352","targetHints":{"allow":["GET"]}}],"collection":[{"href":"https:\/\/abrelivros.org.br\/site\/wp-json\/wp\/v2\/posts"}],"about":[{"href":"https:\/\/abrelivros.org.br\/site\/wp-json\/wp\/v2\/types\/post"}],"author":[{"embeddable":true,"href":"https:\/\/abrelivros.org.br\/site\/wp-json\/wp\/v2\/users\/4"}],"replies":[{"embeddable":true,"href":"https:\/\/abrelivros.org.br\/site\/wp-json\/wp\/v2\/comments?post=13352"}],"version-history":[{"count":1,"href":"https:\/\/abrelivros.org.br\/site\/wp-json\/wp\/v2\/posts\/13352\/revisions"}],"predecessor-version":[{"id":13353,"href":"https:\/\/abrelivros.org.br\/site\/wp-json\/wp\/v2\/posts\/13352\/revisions\/13353"}],"wp:attachment":[{"href":"https:\/\/abrelivros.org.br\/site\/wp-json\/wp\/v2\/media?parent=13352"}],"wp:term":[{"taxonomy":"category","embeddable":true,"href":"https:\/\/abrelivros.org.br\/site\/wp-json\/wp\/v2\/categories?post=13352"},{"taxonomy":"post_tag","embeddable":true,"href":"https:\/\/abrelivros.org.br\/site\/wp-json\/wp\/v2\/tags?post=13352"}],"curies":[{"name":"wp","href":"https:\/\/api.w.org\/{rel}","templated":true}]}}