{"id":13350,"date":"2021-03-04T15:54:49","date_gmt":"2021-03-04T18:54:49","guid":{"rendered":"https:\/\/abrelivros.org.br\/site\/?p=13350"},"modified":"2021-03-04T15:54:49","modified_gmt":"2021-03-04T18:54:49","slug":"professor-cria-podcast-de-geografia-com-conteudo-da-bncc-e-atualidades","status":"publish","type":"post","link":"https:\/\/abrelivros.org.br\/site\/professor-cria-podcast-de-geografia-com-conteudo-da-bncc-e-atualidades\/","title":{"rendered":"Professor cria podcast de geografia com conte\u00fado da BNCC e atualidades"},"content":{"rendered":"<p>Sou professor de geografia e da disciplina Colabore e Inove da Rede Estadual da Para\u00edba. Durante a pandemia, tivemos que nos reinventar e bolar estrat\u00e9gias metodol\u00f3gicas para engajar os alunos e tornar a aula mais atrativa. Pensando nessa realidade, tive a ideia de come\u00e7ar a produzir podcasts.<!--more--><\/p>\n<p>Mesmo quando est\u00e1vamos presencialmente, eu j\u00e1 costumava trabalhar com recursos diferenciados, incluindo aplicativos e ferramentas digitais como o Google Earth. Com a chegada da pandemia, passei a buscar novos conhecimentos, editar v\u00eddeos e compartilhar conte\u00fados em grupos do WhatsApp com os alunos.<\/p>\n<p>Em uma conversa com uma colega de profiss\u00e3o, a professora Rosa Maria, comecei a pensar sobre o uso do podcast como uma ferramenta pedag\u00f3gica. Ela tinha feito uma experi\u00eancia com a sua turma e compartilhou comigo. Achei o resultado interessante e comecei a pesquisar mais sobre o processo de produ\u00e7\u00e3o.<\/p>\n<p>Vi alguns tutoriais no YouTube sobre grava\u00e7\u00e3o de podcasts e baixei o aplicativo Anchor. Com essa ferramenta no celular e com o aux\u00edlio do meu notebook, comecei a produzir alguns epis\u00f3dios. Para a grava\u00e7\u00e3o, optava sempre pelo per\u00edodo da noite, quando era poss\u00edvel diminuir a interfer\u00eancias de ru\u00eddos, carros passando na rua, cachorros latindo, entre outros barulhos.<\/p>\n<p>Geralmente s\u00e3o produzidos dois podcasts por semana. Os conte\u00fados variam entre os temas das aulas de geografia e assuntos que est\u00e3o presentes na vida dos alunos. Falamos sobre globaliza\u00e7\u00e3o, sustentabilidade e outros conte\u00fados que est\u00e3o previstos na BNCC (Base Nacional Comum Curricular), mas tamb\u00e9m tratamos de quest\u00f5es como sa\u00fade emocional na pandemia, dicas dom\u00e9sticas para economizar, como gerenciar compras online, entre outras tem\u00e1ticas.<\/p>\n<p>Assuntos de atualidades tamb\u00e9m est\u00e3o presentes no podcast. Ano passado, por exemplo, gravei um epis\u00f3dio sobre a elei\u00e7\u00e3o nos Estados Unidos, explicando um pouco para eles sobre como funciona o processo eleitoral l\u00e1, que \u00e9 complexo, e quem s\u00e3o os Democratas e os Republicanos.<\/p>\n<p>Ap\u00f3s gravar o podcast, sempre envio o link da grava\u00e7\u00e3o nos grupos de WhatsApp dos alunos e tamb\u00e9m publico nas minhas redes sociais. Com isso, os estudantes se sentem instigados a ouvir os podcasts. Eles gostam de inova\u00e7\u00e3o.<\/p>\n<p>Posso dizer que o resultado final \u00e9 satisfat\u00f3rio. Alguns ouvem e d\u00e3o um retorno positivo, outros ouvem e ficam caladinhos, mas eu consigo ver pelas estat\u00edsticas de acesso que eles est\u00e3o acompanhando.<\/p>\n","protected":false},"excerpt":{"rendered":"<p>Sou professor de geografia e da disciplina Colabore e Inove da Rede Estadual da Para\u00edba. Durante a pandemia, tivemos que nos reinventar e bolar estrat\u00e9gias metodol\u00f3gicas para engajar os alunos e tornar a aula mais atrativa. Pensando nessa realidade, tive a ideia de come\u00e7ar a produzir podcasts.<\/p>\n","protected":false},"author":4,"featured_media":0,"comment_status":"closed","ping_status":"closed","sticky":false,"template":"","format":"standard","meta":{"footnotes":"","_links_to":"","_links_to_target":""},"categories":[9],"tags":[],"class_list":["post-13350","post","type-post","status-publish","format-standard","hentry","category-noticias-da-imprensa"],"yoast_head":"<!-- This site is optimized with the Yoast SEO plugin v15.1 - https:\/\/yoast.com\/wordpress\/plugins\/seo\/ -->\n<title>Professor cria podcast de geografia com conte\u00fado da BNCC e atualidades &raquo; Abrelivros<\/title>\n<meta name=\"robots\" content=\"index, follow, max-snippet:-1, max-image-preview:large, max-video-preview:-1\" \/>\n<link rel=\"canonical\" href=\"https:\/\/abrelivros.org.br\/site\/professor-cria-podcast-de-geografia-com-conteudo-da-bncc-e-atualidades\/\" \/>\n<meta property=\"og:locale\" content=\"pt_BR\" \/>\n<meta property=\"og:type\" content=\"article\" \/>\n<meta property=\"og:title\" content=\"Professor cria podcast de geografia com conte\u00fado da BNCC e atualidades &raquo; Abrelivros\" \/>\n<meta property=\"og:description\" content=\"Sou professor de geografia e da disciplina Colabore e Inove da Rede Estadual da Para\u00edba. Durante a pandemia, tivemos que nos reinventar e bolar estrat\u00e9gias metodol\u00f3gicas para engajar os alunos e tornar a aula mais atrativa. Pensando nessa realidade, tive a ideia de come\u00e7ar a produzir podcasts.\" \/>\n<meta property=\"og:url\" content=\"https:\/\/abrelivros.org.br\/site\/professor-cria-podcast-de-geografia-com-conteudo-da-bncc-e-atualidades\/\" \/>\n<meta property=\"og:site_name\" content=\"Abrelivros\" \/>\n<meta property=\"article:published_time\" content=\"2021-03-04T18:54:49+00:00\" \/>\n<meta name=\"twitter:card\" content=\"summary_large_image\" \/>\n<script type=\"application\/ld+json\" class=\"yoast-schema-graph\">{\"@context\":\"https:\/\/schema.org\",\"@graph\":[{\"@type\":\"WebSite\",\"@id\":\"https:\/\/abrelivros.org.br\/site\/#website\",\"url\":\"https:\/\/abrelivros.org.br\/site\/\",\"name\":\"Abrelivros\",\"description\":\"\",\"potentialAction\":[{\"@type\":\"SearchAction\",\"target\":\"https:\/\/abrelivros.org.br\/site\/?s={search_term_string}\",\"query-input\":\"required name=search_term_string\"}],\"inLanguage\":\"pt-BR\"},{\"@type\":\"WebPage\",\"@id\":\"https:\/\/abrelivros.org.br\/site\/professor-cria-podcast-de-geografia-com-conteudo-da-bncc-e-atualidades\/#webpage\",\"url\":\"https:\/\/abrelivros.org.br\/site\/professor-cria-podcast-de-geografia-com-conteudo-da-bncc-e-atualidades\/\",\"name\":\"Professor cria podcast de geografia com conte\\u00fado da BNCC e atualidades &raquo; Abrelivros\",\"isPartOf\":{\"@id\":\"https:\/\/abrelivros.org.br\/site\/#website\"},\"datePublished\":\"2021-03-04T18:54:49+00:00\",\"dateModified\":\"2021-03-04T18:54:49+00:00\",\"author\":{\"@id\":\"https:\/\/abrelivros.org.br\/site\/#\/schema\/person\/65db80e26409802ce15ac5feec6a15fd\"},\"breadcrumb\":{\"@id\":\"https:\/\/abrelivros.org.br\/site\/professor-cria-podcast-de-geografia-com-conteudo-da-bncc-e-atualidades\/#breadcrumb\"},\"inLanguage\":\"pt-BR\",\"potentialAction\":[{\"@type\":\"ReadAction\",\"target\":[\"https:\/\/abrelivros.org.br\/site\/professor-cria-podcast-de-geografia-com-conteudo-da-bncc-e-atualidades\/\"]}]},{\"@type\":\"BreadcrumbList\",\"@id\":\"https:\/\/abrelivros.org.br\/site\/professor-cria-podcast-de-geografia-com-conteudo-da-bncc-e-atualidades\/#breadcrumb\",\"itemListElement\":[{\"@type\":\"ListItem\",\"position\":1,\"item\":{\"@type\":\"WebPage\",\"@id\":\"https:\/\/abrelivros.org.br\/site\/\",\"url\":\"https:\/\/abrelivros.org.br\/site\/\",\"name\":\"In\\u00edcio\"}},{\"@type\":\"ListItem\",\"position\":2,\"item\":{\"@type\":\"WebPage\",\"@id\":\"https:\/\/abrelivros.org.br\/site\/category\/noticias\/\",\"url\":\"https:\/\/abrelivros.org.br\/site\/category\/noticias\/\",\"name\":\"Not\\u00edcias\"}},{\"@type\":\"ListItem\",\"position\":3,\"item\":{\"@type\":\"WebPage\",\"@id\":\"https:\/\/abrelivros.org.br\/site\/category\/noticias\/noticias-da-imprensa\/\",\"url\":\"https:\/\/abrelivros.org.br\/site\/category\/noticias\/noticias-da-imprensa\/\",\"name\":\"Not\\u00edcias da imprensa\"}},{\"@type\":\"ListItem\",\"position\":4,\"item\":{\"@type\":\"WebPage\",\"@id\":\"https:\/\/abrelivros.org.br\/site\/professor-cria-podcast-de-geografia-com-conteudo-da-bncc-e-atualidades\/\",\"url\":\"https:\/\/abrelivros.org.br\/site\/professor-cria-podcast-de-geografia-com-conteudo-da-bncc-e-atualidades\/\",\"name\":\"Professor cria podcast de geografia com conte\\u00fado da BNCC e atualidades\"}}]},{\"@type\":\"Person\",\"@id\":\"https:\/\/abrelivros.org.br\/site\/#\/schema\/person\/65db80e26409802ce15ac5feec6a15fd\",\"name\":\"Reda\\u00e7\\u00e3o Abrelivros\",\"image\":{\"@type\":\"ImageObject\",\"@id\":\"https:\/\/abrelivros.org.br\/site\/#personlogo\",\"inLanguage\":\"pt-BR\",\"url\":\"https:\/\/secure.gravatar.com\/avatar\/c4e57f9c7e3482965bd428192061218520756c39080b1d1820b679fa5e9af192?s=96&d=mm&r=g\",\"caption\":\"Reda\\u00e7\\u00e3o Abrelivros\"}}]}<\/script>\n<!-- \/ Yoast SEO plugin. -->","_links":{"self":[{"href":"https:\/\/abrelivros.org.br\/site\/wp-json\/wp\/v2\/posts\/13350","targetHints":{"allow":["GET"]}}],"collection":[{"href":"https:\/\/abrelivros.org.br\/site\/wp-json\/wp\/v2\/posts"}],"about":[{"href":"https:\/\/abrelivros.org.br\/site\/wp-json\/wp\/v2\/types\/post"}],"author":[{"embeddable":true,"href":"https:\/\/abrelivros.org.br\/site\/wp-json\/wp\/v2\/users\/4"}],"replies":[{"embeddable":true,"href":"https:\/\/abrelivros.org.br\/site\/wp-json\/wp\/v2\/comments?post=13350"}],"version-history":[{"count":1,"href":"https:\/\/abrelivros.org.br\/site\/wp-json\/wp\/v2\/posts\/13350\/revisions"}],"predecessor-version":[{"id":13351,"href":"https:\/\/abrelivros.org.br\/site\/wp-json\/wp\/v2\/posts\/13350\/revisions\/13351"}],"wp:attachment":[{"href":"https:\/\/abrelivros.org.br\/site\/wp-json\/wp\/v2\/media?parent=13350"}],"wp:term":[{"taxonomy":"category","embeddable":true,"href":"https:\/\/abrelivros.org.br\/site\/wp-json\/wp\/v2\/categories?post=13350"},{"taxonomy":"post_tag","embeddable":true,"href":"https:\/\/abrelivros.org.br\/site\/wp-json\/wp\/v2\/tags?post=13350"}],"curies":[{"name":"wp","href":"https:\/\/api.w.org\/{rel}","templated":true}]}}