{"id":13346,"date":"2021-03-04T15:48:03","date_gmt":"2021-03-04T18:48:03","guid":{"rendered":"https:\/\/abrelivros.org.br\/site\/?p=13346"},"modified":"2021-03-04T15:48:03","modified_gmt":"2021-03-04T18:48:03","slug":"a-ultima-coisa-que-sera-fechada-em-sp-sao-as-escolas-diz-gabbardo","status":"publish","type":"post","link":"https:\/\/abrelivros.org.br\/site\/a-ultima-coisa-que-sera-fechada-em-sp-sao-as-escolas-diz-gabbardo\/","title":{"rendered":"A ultima coisa que ser\u00e1 fechada em SP s\u00e3o as escolas&#8217;, diz Gabbardo"},"content":{"rendered":"<p>O coordenador-executivo do Centro de Conting\u00eancia ao <a href=\"https:\/\/www.uol.com.br\/vivabem\/noticias\/redacao\/2020\/01\/25\/tire-suas-principais-duvidas-sobre-o-coronavirus-que-se-espalha-pelo-mundo.htm\" target=\"_blank\" rel=\"noopener noreferrer\">Coronav\u00edrus<\/a>, Jo\u00e3o Gabbardo, afirmou hoje que S\u00e3o Paulo s\u00f3 fechar\u00e1 as escolas durante a contra a covid-19 em \u00faltimo caso. Hoje, <a href=\"https:\/\/noticias.uol.com.br\/saude\/ultimas-noticias\/redacao\/2021\/03\/03\/sp-fase-vermelha-coletiva-3-de-marco.htm\" target=\"_blank\" rel=\"noopener noreferrer\">todo o estado foi colocado na fase vermelha<\/a>, a mais restrita do &#8220;Plano S\u00e3o Paulo&#8221; de combate ao coronav\u00edrus, mas os estabelecimentos de ensino foram considerados essenciais e permanecer\u00e3o abertos durante os 14 dias.<!--more--><\/p>\n<p>&#8220;\u00c9 um ponto que tamb\u00e9m \u00e9 bastante pol\u00eamico, mas a decis\u00e3o do estado de S\u00e3o Paulo \u00e9: a \u00faltima coisa que ser\u00e1 fechada no estado de S\u00e3o Paulo s\u00e3o as escolas&#8221;, disse Gabbardo durante entrevista na CNN Brasil.<\/p>\n<p>O coordenador explicou que existe um n\u00famero grande de crian\u00e7as que existem crian\u00e7as que t\u00eam na escola as \u00fanicas refei\u00e7\u00f5es do dia, e tamb\u00e9m h\u00e1 estudantes que n\u00e3o t\u00eam condi\u00e7\u00f5es de acompanhar as aulas de casa, seja por n\u00e3o ter os equipamentos ideias para o ensino remoto, seja por apresentar quest\u00f5es neurol\u00f3gicas que atrapalham o aprendizado a dist\u00e2ncia.<\/p>\n<p>Gabbardo pediu, no entanto, que a decis\u00e3o de ir ou n\u00e3o para o ambiente escolar presencial seja feita pelos pais em conjunto com a pr\u00f3pria escola. Para ele, \u00e9 necess\u00e1rio pesar se o benef\u00edcio de ir para a aula \u00e9 maior que o risco de uma poss\u00edvel contamina\u00e7\u00e3o.<\/p>\n<p>&#8220;Aquelas situa\u00e7\u00f5es em que vale a pena esse risco, porque o benef\u00edcio dela ir a escola \u00e9 maior, t\u00eam que considerar essas crian\u00e7as que n\u00e3o tem condi\u00e7\u00e3o de fazer seu acompanhamento de forma virtual, porque tem dificuldade com computador, com a rede, com o local para fazer isso, ent\u00e3o s\u00e3o essas crian\u00e7as que ir\u00e3o&#8221;, disse o coordenador, adicionando que o Centro de Conting\u00eancia n\u00e3o foi un\u00e2nime em rela\u00e7\u00e3o a esta decis\u00e3o.<\/p>\n<p>&#8220;Temos outras atividades consideradas essenciais que est\u00e3o funcionando. E a escola, pra essas crian\u00e7as, \u00e9 considerada como uma condi\u00e7\u00e3o necess\u00e1ria e essencial&#8221;, completou.<\/p>\n<p><strong>Estado inicia restri\u00e7\u00f5es no s\u00e1bado<\/strong><\/p>\n<p>Com todas as cidades de S\u00e3o Paulo na fase vermelha, apenas servi\u00e7os essenciais poder\u00e3o ficar aberto durante 14 dias. De acordo com Gabbardo, o per\u00edodo das restri\u00e7\u00f5es podem superar as duas semanas, caso seja necess\u00e1rio.<\/p>\n<p>A decis\u00e3o foi tomada com objetivo de frear o avan\u00e7o do coronav\u00edrus no estado de S\u00e3o Paulo. Ontem, S\u00e3o Paulo registrou 468 mortes pela doen\u00e7a e, nesta quarta (3), atingiu 75,3% da ocupa\u00e7\u00e3o de UTI (unidades de tratamento intensivo) \u2014dois recordes desde o in\u00edcio da pandemia.<\/p>\n<p>As escolas da rede estadual, um dos principais pontos do debate sobre um poss\u00edvel fechamento, continuar\u00e3o abertas para alunos que necessitarem de alimenta\u00e7\u00e3o e suporte educacional, segundo o governo.<\/p>\n<p>Os estudantes que &#8220;mais necessitam&#8221; s\u00e3o:<\/p>\n<ul>\n<li>Alunos com necessidade de alimenta\u00e7\u00e3o escolar<\/li>\n<li>Alunos com dificuldade de acesso \u00e0 tecnologia e outros suportes<\/li>\n<li>Alunos com &#8220;severa defasagem&#8221; de aprendizado<\/li>\n<li>Alunos cujos respons\u00e1veis trabalhem em servi\u00e7os essenciais<\/li>\n<li>Alunos com sa\u00fade mental sob risco<\/li>\n<\/ul>\n<p>As unidades de ensino municipais e particulares poder\u00e3o ficar abertas, respeitando o limite legal de ocupa\u00e7\u00e3o de 35%, a depender dos munic\u00edpios e das empresas. A presen\u00e7a dos estudantes \u00e9 opcional e deve ser definida pela fam\u00edlia, segundo o secret\u00e1rio estadual da Educa\u00e7\u00e3o, Rossieli Soares.<\/p>\n","protected":false},"excerpt":{"rendered":"<p>O coordenador-executivo do Centro de Conting\u00eancia ao Coronav\u00edrus, Jo\u00e3o Gabbardo, afirmou hoje que S\u00e3o Paulo s\u00f3 fechar\u00e1 as escolas durante a contra a covid-19 em \u00faltimo caso. Hoje, todo o estado foi colocado na fase vermelha, a mais restrita do &#8220;Plano S\u00e3o Paulo&#8221; de combate ao coronav\u00edrus, mas os estabelecimentos de ensino foram considerados essenciais [&hellip;]<\/p>\n","protected":false},"author":4,"featured_media":0,"comment_status":"closed","ping_status":"closed","sticky":false,"template":"","format":"standard","meta":{"footnotes":"","_links_to":"","_links_to_target":""},"categories":[9],"tags":[],"class_list":["post-13346","post","type-post","status-publish","format-standard","hentry","category-noticias-da-imprensa"],"yoast_head":"<!-- This site is optimized with the Yoast SEO plugin v15.1 - https:\/\/yoast.com\/wordpress\/plugins\/seo\/ -->\n<title>A ultima coisa que ser\u00e1 fechada em SP s\u00e3o as escolas&#039;, diz Gabbardo &raquo; Abrelivros<\/title>\n<meta name=\"robots\" content=\"index, follow, max-snippet:-1, max-image-preview:large, max-video-preview:-1\" \/>\n<link rel=\"canonical\" href=\"https:\/\/abrelivros.org.br\/site\/a-ultima-coisa-que-sera-fechada-em-sp-sao-as-escolas-diz-gabbardo\/\" \/>\n<meta property=\"og:locale\" content=\"pt_BR\" \/>\n<meta property=\"og:type\" content=\"article\" \/>\n<meta property=\"og:title\" content=\"A ultima coisa que ser\u00e1 fechada em SP s\u00e3o as escolas&#039;, diz Gabbardo &raquo; Abrelivros\" \/>\n<meta property=\"og:description\" content=\"O coordenador-executivo do Centro de Conting\u00eancia ao Coronav\u00edrus, Jo\u00e3o Gabbardo, afirmou hoje que S\u00e3o Paulo s\u00f3 fechar\u00e1 as escolas durante a contra a covid-19 em \u00faltimo caso. Hoje, todo o estado foi colocado na fase vermelha, a mais restrita do &#8220;Plano S\u00e3o Paulo&#8221; de combate ao coronav\u00edrus, mas os estabelecimentos de ensino foram considerados essenciais [&hellip;]\" \/>\n<meta property=\"og:url\" content=\"https:\/\/abrelivros.org.br\/site\/a-ultima-coisa-que-sera-fechada-em-sp-sao-as-escolas-diz-gabbardo\/\" \/>\n<meta property=\"og:site_name\" content=\"Abrelivros\" \/>\n<meta property=\"article:published_time\" content=\"2021-03-04T18:48:03+00:00\" \/>\n<meta name=\"twitter:card\" content=\"summary_large_image\" \/>\n<script type=\"application\/ld+json\" class=\"yoast-schema-graph\">{\"@context\":\"https:\/\/schema.org\",\"@graph\":[{\"@type\":\"WebSite\",\"@id\":\"https:\/\/abrelivros.org.br\/site\/#website\",\"url\":\"https:\/\/abrelivros.org.br\/site\/\",\"name\":\"Abrelivros\",\"description\":\"\",\"potentialAction\":[{\"@type\":\"SearchAction\",\"target\":\"https:\/\/abrelivros.org.br\/site\/?s={search_term_string}\",\"query-input\":\"required name=search_term_string\"}],\"inLanguage\":\"pt-BR\"},{\"@type\":\"WebPage\",\"@id\":\"https:\/\/abrelivros.org.br\/site\/a-ultima-coisa-que-sera-fechada-em-sp-sao-as-escolas-diz-gabbardo\/#webpage\",\"url\":\"https:\/\/abrelivros.org.br\/site\/a-ultima-coisa-que-sera-fechada-em-sp-sao-as-escolas-diz-gabbardo\/\",\"name\":\"A ultima coisa que ser\\u00e1 fechada em SP s\\u00e3o as escolas', diz Gabbardo &raquo; Abrelivros\",\"isPartOf\":{\"@id\":\"https:\/\/abrelivros.org.br\/site\/#website\"},\"datePublished\":\"2021-03-04T18:48:03+00:00\",\"dateModified\":\"2021-03-04T18:48:03+00:00\",\"author\":{\"@id\":\"https:\/\/abrelivros.org.br\/site\/#\/schema\/person\/65db80e26409802ce15ac5feec6a15fd\"},\"breadcrumb\":{\"@id\":\"https:\/\/abrelivros.org.br\/site\/a-ultima-coisa-que-sera-fechada-em-sp-sao-as-escolas-diz-gabbardo\/#breadcrumb\"},\"inLanguage\":\"pt-BR\",\"potentialAction\":[{\"@type\":\"ReadAction\",\"target\":[\"https:\/\/abrelivros.org.br\/site\/a-ultima-coisa-que-sera-fechada-em-sp-sao-as-escolas-diz-gabbardo\/\"]}]},{\"@type\":\"BreadcrumbList\",\"@id\":\"https:\/\/abrelivros.org.br\/site\/a-ultima-coisa-que-sera-fechada-em-sp-sao-as-escolas-diz-gabbardo\/#breadcrumb\",\"itemListElement\":[{\"@type\":\"ListItem\",\"position\":1,\"item\":{\"@type\":\"WebPage\",\"@id\":\"https:\/\/abrelivros.org.br\/site\/\",\"url\":\"https:\/\/abrelivros.org.br\/site\/\",\"name\":\"In\\u00edcio\"}},{\"@type\":\"ListItem\",\"position\":2,\"item\":{\"@type\":\"WebPage\",\"@id\":\"https:\/\/abrelivros.org.br\/site\/category\/noticias\/\",\"url\":\"https:\/\/abrelivros.org.br\/site\/category\/noticias\/\",\"name\":\"Not\\u00edcias\"}},{\"@type\":\"ListItem\",\"position\":3,\"item\":{\"@type\":\"WebPage\",\"@id\":\"https:\/\/abrelivros.org.br\/site\/category\/noticias\/noticias-da-imprensa\/\",\"url\":\"https:\/\/abrelivros.org.br\/site\/category\/noticias\/noticias-da-imprensa\/\",\"name\":\"Not\\u00edcias da imprensa\"}},{\"@type\":\"ListItem\",\"position\":4,\"item\":{\"@type\":\"WebPage\",\"@id\":\"https:\/\/abrelivros.org.br\/site\/a-ultima-coisa-que-sera-fechada-em-sp-sao-as-escolas-diz-gabbardo\/\",\"url\":\"https:\/\/abrelivros.org.br\/site\/a-ultima-coisa-que-sera-fechada-em-sp-sao-as-escolas-diz-gabbardo\/\",\"name\":\"A ultima coisa que ser\\u00e1 fechada em SP s\\u00e3o as escolas&#8217;, diz Gabbardo\"}}]},{\"@type\":\"Person\",\"@id\":\"https:\/\/abrelivros.org.br\/site\/#\/schema\/person\/65db80e26409802ce15ac5feec6a15fd\",\"name\":\"Reda\\u00e7\\u00e3o Abrelivros\",\"image\":{\"@type\":\"ImageObject\",\"@id\":\"https:\/\/abrelivros.org.br\/site\/#personlogo\",\"inLanguage\":\"pt-BR\",\"url\":\"https:\/\/secure.gravatar.com\/avatar\/c4e57f9c7e3482965bd428192061218520756c39080b1d1820b679fa5e9af192?s=96&d=mm&r=g\",\"caption\":\"Reda\\u00e7\\u00e3o Abrelivros\"}}]}<\/script>\n<!-- \/ Yoast SEO plugin. -->","_links":{"self":[{"href":"https:\/\/abrelivros.org.br\/site\/wp-json\/wp\/v2\/posts\/13346","targetHints":{"allow":["GET"]}}],"collection":[{"href":"https:\/\/abrelivros.org.br\/site\/wp-json\/wp\/v2\/posts"}],"about":[{"href":"https:\/\/abrelivros.org.br\/site\/wp-json\/wp\/v2\/types\/post"}],"author":[{"embeddable":true,"href":"https:\/\/abrelivros.org.br\/site\/wp-json\/wp\/v2\/users\/4"}],"replies":[{"embeddable":true,"href":"https:\/\/abrelivros.org.br\/site\/wp-json\/wp\/v2\/comments?post=13346"}],"version-history":[{"count":1,"href":"https:\/\/abrelivros.org.br\/site\/wp-json\/wp\/v2\/posts\/13346\/revisions"}],"predecessor-version":[{"id":13347,"href":"https:\/\/abrelivros.org.br\/site\/wp-json\/wp\/v2\/posts\/13346\/revisions\/13347"}],"wp:attachment":[{"href":"https:\/\/abrelivros.org.br\/site\/wp-json\/wp\/v2\/media?parent=13346"}],"wp:term":[{"taxonomy":"category","embeddable":true,"href":"https:\/\/abrelivros.org.br\/site\/wp-json\/wp\/v2\/categories?post=13346"},{"taxonomy":"post_tag","embeddable":true,"href":"https:\/\/abrelivros.org.br\/site\/wp-json\/wp\/v2\/tags?post=13346"}],"curies":[{"name":"wp","href":"https:\/\/api.w.org\/{rel}","templated":true}]}}