{"id":13343,"date":"2021-03-03T13:50:22","date_gmt":"2021-03-03T16:50:22","guid":{"rendered":"https:\/\/abrelivros.org.br\/site\/?p=13343"},"modified":"2021-03-03T13:50:22","modified_gmt":"2021-03-03T16:50:22","slug":"senador-alerta-que-pec-emergencial-pode-ser-mais-uma-ameaca-a-desoneracao-do-livro","status":"publish","type":"post","link":"https:\/\/abrelivros.org.br\/site\/senador-alerta-que-pec-emergencial-pode-ser-mais-uma-ameaca-a-desoneracao-do-livro\/","title":{"rendered":"Senador alerta que PEC Emergencial pode ser (mais uma) amea\u00e7a \u00e0 desonera\u00e7\u00e3o do livro"},"content":{"rendered":"<p>O senador Jean Paul Prates (PT\/RN), l\u00edder da minoria e presidente da Frente Parlamentar em defesa do Livro, da Leitura e das Bibliotecas, alerta que a PEC 186 pode esconder amea\u00e7as \u00e0 desonera\u00e7\u00e3o do livro. A proposta tem por objetivo viabilizar o aux\u00edlio emergencial e por isso, foi apelidada de PEC Emergencial.<!--more--><br \/>\nNesta ter\u00e7a-feira (02), o senador Marcio Bittar (MDB\/AC) apresentou o seu relat\u00f3rio que dever\u00e1 ser votado nesta quarta. Se, por um lado a proposta do parlamentar prev\u00ea a manuten\u00e7\u00e3o dos pisos or\u00e7ament\u00e1rios para educa\u00e7\u00e3o e sa\u00fade, que seriam extintos pela vers\u00e3o anterior, por outro mant\u00e9m medidas de ajuste fiscal, prevendo, inclusive a diminui\u00e7\u00e3o de incentivos e benef\u00edcios tribut\u00e1rios existentes. E \u00e9 aqui que entra o alerta do parlamentar potiguar: a desonera\u00e7\u00e3o de PIS\/Cofins, garantida em 2004, com a Lei n\u00ba 10.865, poder\u00e1 entrar nesse corte.<\/p>\n<p>Pelo texto do relator, o presidente da Rep\u00fablica dever\u00e1 apresentar, em at\u00e9 seis meses ap\u00f3s a promulga\u00e7\u00e3o da emenda constitucional, um plano de redu\u00e7\u00e3o gradual desse tipo de benef\u00edcio. Foi suprimido do texto a necessidade de esse plano ser linear, como previsto originalmente, mas manteve a necessidade de essa redu\u00e7\u00e3o ser gradual. Al\u00e9m disso, o texto n\u00e3o traz nenhuma ressalva espec\u00edfica para o setor do livro, mas ele poder\u00e1 entrar no plano presidencial.<\/p>\n<p>\u201cA import\u00e2ncia de manter as editoras, as livrarias e o funcionamento das bibliotecas \u00e9 uma preocupa\u00e7\u00e3o de todos n\u00f3s parlamentares. Esperamos que o relator da proposta, senador Marcio Bittar, e o Governo Federal altere e n\u00e3o inclua o setor no plano de redu\u00e7\u00e3o de benef\u00edcios tribut\u00e1rios. A Frente n\u00e3o vai pactuar com taxa\u00e7\u00e3o de livro, encarecimento do produto e dificuldade de aquisi\u00e7\u00e3o individual e por institui\u00e7\u00f5es como bibliotecas p\u00fablicas, escolares ou comunit\u00e1rias\u201d, disse em nota enviada ao PN.<\/p>\n<p>O texto ser\u00e1 votado nesta quarta-feira (03) no plen\u00e1rio. Dada a urg\u00eancia da mat\u00e9ria, o senador Rodrigo Pacheco, presidente da Casa, j\u00e1 antecipou que vai propor a quebra do interst\u00edcio regimental para que os dois turnos da PEC sejam cumpridos no mesmo dia.<\/p>\n<p><a href=\"https:\/\/www.publishnews.com.br\/estaticos\/uploads\/2021\/03\/jFX7niJxswmS2LKol8vpvogenopTrCGIeMXuEPqWbihMl702gWL1lZ5bVZTpkQZbCCcWqvT7jfo0Q9la.pdf\" target=\"_blank\" rel=\"noopener noreferrer\">Clique aqui<\/a> para conferir a \u00edntegra da nota divulgada por Jean Paul Prates.<\/p>\n","protected":false},"excerpt":{"rendered":"<p>O senador Jean Paul Prates (PT\/RN), l\u00edder da minoria e presidente da Frente Parlamentar em defesa do Livro, da Leitura e das Bibliotecas, alerta que a PEC 186 pode esconder amea\u00e7as \u00e0 desonera\u00e7\u00e3o do livro. A proposta tem por objetivo viabilizar o aux\u00edlio emergencial e por isso, foi apelidada de PEC Emergencial.<\/p>\n","protected":false},"author":4,"featured_media":0,"comment_status":"closed","ping_status":"closed","sticky":false,"template":"","format":"standard","meta":{"footnotes":"","_links_to":"","_links_to_target":""},"categories":[9],"tags":[],"class_list":["post-13343","post","type-post","status-publish","format-standard","hentry","category-noticias-da-imprensa"],"yoast_head":"<!-- This site is optimized with the Yoast SEO plugin v15.1 - https:\/\/yoast.com\/wordpress\/plugins\/seo\/ -->\n<title>Senador alerta que PEC Emergencial pode ser (mais uma) amea\u00e7a \u00e0 desonera\u00e7\u00e3o do livro &raquo; Abrelivros<\/title>\n<meta name=\"robots\" content=\"index, follow, max-snippet:-1, max-image-preview:large, max-video-preview:-1\" \/>\n<link rel=\"canonical\" href=\"https:\/\/abrelivros.org.br\/site\/senador-alerta-que-pec-emergencial-pode-ser-mais-uma-ameaca-a-desoneracao-do-livro\/\" \/>\n<meta property=\"og:locale\" content=\"pt_BR\" \/>\n<meta property=\"og:type\" content=\"article\" \/>\n<meta property=\"og:title\" content=\"Senador alerta que PEC Emergencial pode ser (mais uma) amea\u00e7a \u00e0 desonera\u00e7\u00e3o do livro &raquo; Abrelivros\" \/>\n<meta property=\"og:description\" content=\"O senador Jean Paul Prates (PT\/RN), l\u00edder da minoria e presidente da Frente Parlamentar em defesa do Livro, da Leitura e das Bibliotecas, alerta que a PEC 186 pode esconder amea\u00e7as \u00e0 desonera\u00e7\u00e3o do livro. A proposta tem por objetivo viabilizar o aux\u00edlio emergencial e por isso, foi apelidada de PEC Emergencial.\" \/>\n<meta property=\"og:url\" content=\"https:\/\/abrelivros.org.br\/site\/senador-alerta-que-pec-emergencial-pode-ser-mais-uma-ameaca-a-desoneracao-do-livro\/\" \/>\n<meta property=\"og:site_name\" content=\"Abrelivros\" \/>\n<meta property=\"article:published_time\" content=\"2021-03-03T16:50:22+00:00\" \/>\n<meta name=\"twitter:card\" content=\"summary_large_image\" \/>\n<script type=\"application\/ld+json\" class=\"yoast-schema-graph\">{\"@context\":\"https:\/\/schema.org\",\"@graph\":[{\"@type\":\"WebSite\",\"@id\":\"https:\/\/abrelivros.org.br\/site\/#website\",\"url\":\"https:\/\/abrelivros.org.br\/site\/\",\"name\":\"Abrelivros\",\"description\":\"\",\"potentialAction\":[{\"@type\":\"SearchAction\",\"target\":\"https:\/\/abrelivros.org.br\/site\/?s={search_term_string}\",\"query-input\":\"required name=search_term_string\"}],\"inLanguage\":\"pt-BR\"},{\"@type\":\"WebPage\",\"@id\":\"https:\/\/abrelivros.org.br\/site\/senador-alerta-que-pec-emergencial-pode-ser-mais-uma-ameaca-a-desoneracao-do-livro\/#webpage\",\"url\":\"https:\/\/abrelivros.org.br\/site\/senador-alerta-que-pec-emergencial-pode-ser-mais-uma-ameaca-a-desoneracao-do-livro\/\",\"name\":\"Senador alerta que PEC Emergencial pode ser (mais uma) amea\\u00e7a \\u00e0 desonera\\u00e7\\u00e3o do livro &raquo; Abrelivros\",\"isPartOf\":{\"@id\":\"https:\/\/abrelivros.org.br\/site\/#website\"},\"datePublished\":\"2021-03-03T16:50:22+00:00\",\"dateModified\":\"2021-03-03T16:50:22+00:00\",\"author\":{\"@id\":\"https:\/\/abrelivros.org.br\/site\/#\/schema\/person\/65db80e26409802ce15ac5feec6a15fd\"},\"breadcrumb\":{\"@id\":\"https:\/\/abrelivros.org.br\/site\/senador-alerta-que-pec-emergencial-pode-ser-mais-uma-ameaca-a-desoneracao-do-livro\/#breadcrumb\"},\"inLanguage\":\"pt-BR\",\"potentialAction\":[{\"@type\":\"ReadAction\",\"target\":[\"https:\/\/abrelivros.org.br\/site\/senador-alerta-que-pec-emergencial-pode-ser-mais-uma-ameaca-a-desoneracao-do-livro\/\"]}]},{\"@type\":\"BreadcrumbList\",\"@id\":\"https:\/\/abrelivros.org.br\/site\/senador-alerta-que-pec-emergencial-pode-ser-mais-uma-ameaca-a-desoneracao-do-livro\/#breadcrumb\",\"itemListElement\":[{\"@type\":\"ListItem\",\"position\":1,\"item\":{\"@type\":\"WebPage\",\"@id\":\"https:\/\/abrelivros.org.br\/site\/\",\"url\":\"https:\/\/abrelivros.org.br\/site\/\",\"name\":\"In\\u00edcio\"}},{\"@type\":\"ListItem\",\"position\":2,\"item\":{\"@type\":\"WebPage\",\"@id\":\"https:\/\/abrelivros.org.br\/site\/category\/noticias\/\",\"url\":\"https:\/\/abrelivros.org.br\/site\/category\/noticias\/\",\"name\":\"Not\\u00edcias\"}},{\"@type\":\"ListItem\",\"position\":3,\"item\":{\"@type\":\"WebPage\",\"@id\":\"https:\/\/abrelivros.org.br\/site\/category\/noticias\/noticias-da-imprensa\/\",\"url\":\"https:\/\/abrelivros.org.br\/site\/category\/noticias\/noticias-da-imprensa\/\",\"name\":\"Not\\u00edcias da imprensa\"}},{\"@type\":\"ListItem\",\"position\":4,\"item\":{\"@type\":\"WebPage\",\"@id\":\"https:\/\/abrelivros.org.br\/site\/senador-alerta-que-pec-emergencial-pode-ser-mais-uma-ameaca-a-desoneracao-do-livro\/\",\"url\":\"https:\/\/abrelivros.org.br\/site\/senador-alerta-que-pec-emergencial-pode-ser-mais-uma-ameaca-a-desoneracao-do-livro\/\",\"name\":\"Senador alerta que PEC Emergencial pode ser (mais uma) amea\\u00e7a \\u00e0 desonera\\u00e7\\u00e3o do livro\"}}]},{\"@type\":\"Person\",\"@id\":\"https:\/\/abrelivros.org.br\/site\/#\/schema\/person\/65db80e26409802ce15ac5feec6a15fd\",\"name\":\"Reda\\u00e7\\u00e3o Abrelivros\",\"image\":{\"@type\":\"ImageObject\",\"@id\":\"https:\/\/abrelivros.org.br\/site\/#personlogo\",\"inLanguage\":\"pt-BR\",\"url\":\"https:\/\/secure.gravatar.com\/avatar\/c4e57f9c7e3482965bd428192061218520756c39080b1d1820b679fa5e9af192?s=96&d=mm&r=g\",\"caption\":\"Reda\\u00e7\\u00e3o Abrelivros\"}}]}<\/script>\n<!-- \/ Yoast SEO plugin. -->","_links":{"self":[{"href":"https:\/\/abrelivros.org.br\/site\/wp-json\/wp\/v2\/posts\/13343","targetHints":{"allow":["GET"]}}],"collection":[{"href":"https:\/\/abrelivros.org.br\/site\/wp-json\/wp\/v2\/posts"}],"about":[{"href":"https:\/\/abrelivros.org.br\/site\/wp-json\/wp\/v2\/types\/post"}],"author":[{"embeddable":true,"href":"https:\/\/abrelivros.org.br\/site\/wp-json\/wp\/v2\/users\/4"}],"replies":[{"embeddable":true,"href":"https:\/\/abrelivros.org.br\/site\/wp-json\/wp\/v2\/comments?post=13343"}],"version-history":[{"count":1,"href":"https:\/\/abrelivros.org.br\/site\/wp-json\/wp\/v2\/posts\/13343\/revisions"}],"predecessor-version":[{"id":13344,"href":"https:\/\/abrelivros.org.br\/site\/wp-json\/wp\/v2\/posts\/13343\/revisions\/13344"}],"wp:attachment":[{"href":"https:\/\/abrelivros.org.br\/site\/wp-json\/wp\/v2\/media?parent=13343"}],"wp:term":[{"taxonomy":"category","embeddable":true,"href":"https:\/\/abrelivros.org.br\/site\/wp-json\/wp\/v2\/categories?post=13343"},{"taxonomy":"post_tag","embeddable":true,"href":"https:\/\/abrelivros.org.br\/site\/wp-json\/wp\/v2\/tags?post=13343"}],"curies":[{"name":"wp","href":"https:\/\/api.w.org\/{rel}","templated":true}]}}