{"id":13337,"date":"2021-03-03T13:29:41","date_gmt":"2021-03-03T16:29:41","guid":{"rendered":"https:\/\/abrelivros.org.br\/site\/?p=13337"},"modified":"2021-03-03T13:29:41","modified_gmt":"2021-03-03T16:29:41","slug":"volta-as-aulas-presenciais-sera-com-seguranca-afirma-milton-ribeiro","status":"publish","type":"post","link":"https:\/\/abrelivros.org.br\/site\/volta-as-aulas-presenciais-sera-com-seguranca-afirma-milton-ribeiro\/","title":{"rendered":"Volta \u00e0s aulas presenciais ser\u00e1 com seguran\u00e7a, afirma Milton Ribeiro"},"content":{"rendered":"<p>O Ministro da Educa\u00e7\u00e3o, Milton Ribeiro, afirmou hoje (2), em entrevista ao programa A Voz do Brasil, que o governo federal planeja metas para o retorno gradual ao ensino presencial, mas que esse retorno n\u00e3o acontecer\u00e1 a qualquer pre\u00e7o, e sim com crit\u00e9rios e decis\u00f5es que respeitem a dimens\u00e3o continental do Brasil e as diferentes condi\u00e7\u00f5es sanit\u00e1rias das regi\u00f5es.<!--more--><\/p>\n<p>Sobre o calend\u00e1rio do poss\u00edvel retorno, o ministro afirmou que o recrudescimento da pandemia n\u00e3o era esperado, e que datas espec\u00edficas n\u00e3o podem ser firmadas ainda, tendo em vista a atual situa\u00e7\u00e3o da pandemia de covid-19. \u201cN\u00f3s n\u00e3o temos um prazo. Isso depende muito da situa\u00e7\u00e3o local. Com o advento da vacina\u00e7\u00e3o, teremos condi\u00e7\u00f5es de retornar, logo logo, com seguran\u00e7a\u201d, afirmou.<\/p>\n<p><strong>Educa\u00e7\u00e3o conectada<\/strong><\/p>\n<p>Com a impossibilidade de aulas presenciais, as aulas remotas via internet se tornaram ferramentas b\u00e1sicas de educa\u00e7\u00e3o. Segundo informou o ministro da Educa\u00e7\u00e3o, mais de 76 mil escolas p\u00fablicas em cerca de 5 mil munic\u00edpios receberam verbas do programa Educa\u00e7\u00e3o Conectada para implementar projetos de educa\u00e7\u00e3o \u00e0 dist\u00e2ncia.<\/p>\n<p>\u201cInvestimos perto de 250 milh\u00f5es de reais [em conectividade para escolas p\u00fablicas]. Vale lembrar que alunos de escola p\u00fablica que n\u00e3o tem o mesmo acesso \u00e0 educa\u00e7\u00e3o de alunos oriundos de escolas particulares s\u00e3o amparados pela lei que regulamenta o acesso \u00e0s universidades p\u00fablicas, com reserva de 50% das vagas\u201d, explicou o ministro.<\/p>\n<p><strong>Ensino profissionalizante<\/strong><\/p>\n<p>Segundo Milton Ribeiro, a educa\u00e7\u00e3o profissionalizante \u00e9 prioridade na pasta a pedido do presidente Jair Bolsonaro. O ministro revelou que h\u00e1 uma parceria em andamento com a Alemanha, que auxiliar\u00e1 o Brasil na estrutura\u00e7\u00e3o de um ensino m\u00e9dio profissionalizante eficaz. \u201cO Brasil carece de bons t\u00e9cnicos. Pessoas de n\u00edvel m\u00e9dio que possam atuar de maneira eficiente\u201d, frisou Ribeiro.<\/p>\n<p><strong>Valoriza\u00e7\u00e3o de profissionais<\/strong><\/p>\n<p>Sobre o panorama de investimentos em educa\u00e7\u00e3o planejado para o futuro, o ministro da Educa\u00e7\u00e3o diz acreditar que haja a necessidade de foco na camada do ensino fundamental. Segundo Ribeiro, a alfabetiza\u00e7\u00e3o eficaz e a compreens\u00e3o consolidada dos fundamentos matem\u00e1ticos s\u00e3o caracter\u00edsticas essenciais para a educa\u00e7\u00e3o, ao contr\u00e1rio do foco voltado para o ensino superior.<\/p>\n<p>Sobre o Fundo de Manuten\u00e7\u00e3o e Desenvolvimento da Educa\u00e7\u00e3o B\u00e1sica e de Valoriza\u00e7\u00e3o dos Profissionais da Educa\u00e7\u00e3o (Fundeb), o ministro afirmou que a possibilidade de maior controle dos recursos &#8211; por meio de solicita\u00e7\u00f5es de presta\u00e7\u00e3o de contas da Controladoria Geral da Uni\u00e3o (CGU) e do Tribunal de Contas da Uni\u00e3o (TCU) ajudar\u00e3o a identificar e sanar problemas de corrup\u00e7\u00e3o na distribui\u00e7\u00e3o de verbas da educa\u00e7\u00e3o. \u201cSem presta\u00e7\u00e3o de contas, n\u00e3o h\u00e1 dinheiro novo. Chega. O Brasil n\u00e3o aguenta mais tanta corrup\u00e7\u00e3o. O que queremos \u00e9 seriedade.&#8221;<\/p>\n<p>A medida, por consequ\u00eancia, far\u00e1 com que mais recursos cheguem ao destino final e gerem o benef\u00edcio esperado pela pasta.<\/p>\n<p><strong>Absten\u00e7\u00e3o no Enem<\/strong><\/p>\n<p>Sobre o alto \u00edndice de<a href=\"https:\/\/agenciabrasil.ebc.com.br\/radioagencia-nacional\/educacao\/audio\/2021-01\/enem-2020-abstencao-supera-o-1o-dia-de-prova-e-chega-553\" target=\"_blank\" rel=\"noopener noreferrer\"> absten\u00e7\u00e3o do Enem 2020<\/a>, Milton Ribeiro lembrou que, al\u00e9m da preocupa\u00e7\u00e3o com a pandemia de covid-19, <a href=\"https:\/\/agenciabrasil.ebc.com.br\/saude\/noticia\/2021-01\/manaus-familiares-buscam-cilindros-de-oxigenio-para-salvar-pacientes\" target=\"_blank\" rel=\"noopener noreferrer\">a situa\u00e7\u00e3o emergencial de Manaus<\/a> pode ter influenciado na aus\u00eancia de estudantes. \u201cImagine os pais de uma crian\u00e7a, de um adolescente, que faria a prova como treineiro, sem compromisso, e ouvir o que houve em Manaus\u201d, explicou.<\/p>\n<p>O ministro da Educa\u00e7\u00e3o afirmou ainda que haver\u00e1 investimentos na melhoria do formato de aplica\u00e7\u00e3o das provas do Enem Digital, que dever\u00e1 substituir completamente o exame em papel, j\u00e1 que o custo log\u00edstico das provas impressas \u00e9 \u201castron\u00f4mico\u201d. \u201cEsse ano, o Brasil gastou R$ 780 milh\u00f5es na aplica\u00e7\u00e3o do Enem. \u00c9 uma verdadeira fortuna em impostos. Vamos tentar reduzir sem perder qualidade\u201d, explicou.<\/p>\n<p><strong>Escolas c\u00edvico-militares<\/strong><\/p>\n<p>As escolas c\u00edvico-militares, que dever\u00e3o ter <a href=\"https:\/\/agenciabrasil.ebc.com.br\/educacao\/noticia\/2020-12\/governo-preve-adesao-de-54-escolas-ao-modelo-civico-militar-em-2021\" target=\"_blank\" rel=\"noopener noreferrer\">200 unidades distribu\u00eddas ao redor do pa\u00eds at\u00e9 2023<\/a>, tamb\u00e9m foram elogiadas pelo ministro, que afirma que h\u00e1 uma grande demanda do modelo de ensino em diversos munic\u00edpios do pa\u00eds. \u201cTemos um or\u00e7amento que prev\u00ea cerca de 54 escolas por ano. Temos, na fila de espera 16 estados e 200 munic\u00edpios. Essas escolas afetam a comunidade e transformam os arredores. Muitos problemas que geralmente acontecem nas escolas p\u00fablicas convencionais n\u00e3o ocorrem [nas escolas c\u00edvico-militares]\u201d, concluiu o ministro.<\/p>\n","protected":false},"excerpt":{"rendered":"<p>O Ministro da Educa\u00e7\u00e3o, Milton Ribeiro, afirmou hoje (2), em entrevista ao programa A Voz do Brasil, que o governo federal planeja metas para o retorno gradual ao ensino presencial, mas que esse retorno n\u00e3o acontecer\u00e1 a qualquer pre\u00e7o, e sim com crit\u00e9rios e decis\u00f5es que respeitem a dimens\u00e3o continental do Brasil e as diferentes [&hellip;]<\/p>\n","protected":false},"author":4,"featured_media":0,"comment_status":"closed","ping_status":"closed","sticky":false,"template":"","format":"standard","meta":{"footnotes":"","_links_to":"","_links_to_target":""},"categories":[9],"tags":[],"class_list":["post-13337","post","type-post","status-publish","format-standard","hentry","category-noticias-da-imprensa"],"yoast_head":"<!-- This site is optimized with the Yoast SEO plugin v15.1 - https:\/\/yoast.com\/wordpress\/plugins\/seo\/ -->\n<title>Volta \u00e0s aulas presenciais ser\u00e1 com seguran\u00e7a, afirma Milton Ribeiro &raquo; Abrelivros<\/title>\n<meta name=\"robots\" content=\"index, follow, max-snippet:-1, max-image-preview:large, max-video-preview:-1\" \/>\n<link rel=\"canonical\" href=\"https:\/\/abrelivros.org.br\/site\/volta-as-aulas-presenciais-sera-com-seguranca-afirma-milton-ribeiro\/\" \/>\n<meta property=\"og:locale\" content=\"pt_BR\" \/>\n<meta property=\"og:type\" content=\"article\" \/>\n<meta property=\"og:title\" content=\"Volta \u00e0s aulas presenciais ser\u00e1 com seguran\u00e7a, afirma Milton Ribeiro &raquo; Abrelivros\" \/>\n<meta property=\"og:description\" content=\"O Ministro da Educa\u00e7\u00e3o, Milton Ribeiro, afirmou hoje (2), em entrevista ao programa A Voz do Brasil, que o governo federal planeja metas para o retorno gradual ao ensino presencial, mas que esse retorno n\u00e3o acontecer\u00e1 a qualquer pre\u00e7o, e sim com crit\u00e9rios e decis\u00f5es que respeitem a dimens\u00e3o continental do Brasil e as diferentes [&hellip;]\" \/>\n<meta property=\"og:url\" content=\"https:\/\/abrelivros.org.br\/site\/volta-as-aulas-presenciais-sera-com-seguranca-afirma-milton-ribeiro\/\" \/>\n<meta property=\"og:site_name\" content=\"Abrelivros\" \/>\n<meta property=\"article:published_time\" content=\"2021-03-03T16:29:41+00:00\" \/>\n<meta name=\"twitter:card\" content=\"summary_large_image\" \/>\n<script type=\"application\/ld+json\" class=\"yoast-schema-graph\">{\"@context\":\"https:\/\/schema.org\",\"@graph\":[{\"@type\":\"WebSite\",\"@id\":\"https:\/\/abrelivros.org.br\/site\/#website\",\"url\":\"https:\/\/abrelivros.org.br\/site\/\",\"name\":\"Abrelivros\",\"description\":\"\",\"potentialAction\":[{\"@type\":\"SearchAction\",\"target\":\"https:\/\/abrelivros.org.br\/site\/?s={search_term_string}\",\"query-input\":\"required name=search_term_string\"}],\"inLanguage\":\"pt-BR\"},{\"@type\":\"WebPage\",\"@id\":\"https:\/\/abrelivros.org.br\/site\/volta-as-aulas-presenciais-sera-com-seguranca-afirma-milton-ribeiro\/#webpage\",\"url\":\"https:\/\/abrelivros.org.br\/site\/volta-as-aulas-presenciais-sera-com-seguranca-afirma-milton-ribeiro\/\",\"name\":\"Volta \\u00e0s aulas presenciais ser\\u00e1 com seguran\\u00e7a, afirma Milton Ribeiro &raquo; Abrelivros\",\"isPartOf\":{\"@id\":\"https:\/\/abrelivros.org.br\/site\/#website\"},\"datePublished\":\"2021-03-03T16:29:41+00:00\",\"dateModified\":\"2021-03-03T16:29:41+00:00\",\"author\":{\"@id\":\"https:\/\/abrelivros.org.br\/site\/#\/schema\/person\/65db80e26409802ce15ac5feec6a15fd\"},\"breadcrumb\":{\"@id\":\"https:\/\/abrelivros.org.br\/site\/volta-as-aulas-presenciais-sera-com-seguranca-afirma-milton-ribeiro\/#breadcrumb\"},\"inLanguage\":\"pt-BR\",\"potentialAction\":[{\"@type\":\"ReadAction\",\"target\":[\"https:\/\/abrelivros.org.br\/site\/volta-as-aulas-presenciais-sera-com-seguranca-afirma-milton-ribeiro\/\"]}]},{\"@type\":\"BreadcrumbList\",\"@id\":\"https:\/\/abrelivros.org.br\/site\/volta-as-aulas-presenciais-sera-com-seguranca-afirma-milton-ribeiro\/#breadcrumb\",\"itemListElement\":[{\"@type\":\"ListItem\",\"position\":1,\"item\":{\"@type\":\"WebPage\",\"@id\":\"https:\/\/abrelivros.org.br\/site\/\",\"url\":\"https:\/\/abrelivros.org.br\/site\/\",\"name\":\"In\\u00edcio\"}},{\"@type\":\"ListItem\",\"position\":2,\"item\":{\"@type\":\"WebPage\",\"@id\":\"https:\/\/abrelivros.org.br\/site\/category\/noticias\/\",\"url\":\"https:\/\/abrelivros.org.br\/site\/category\/noticias\/\",\"name\":\"Not\\u00edcias\"}},{\"@type\":\"ListItem\",\"position\":3,\"item\":{\"@type\":\"WebPage\",\"@id\":\"https:\/\/abrelivros.org.br\/site\/category\/noticias\/noticias-da-imprensa\/\",\"url\":\"https:\/\/abrelivros.org.br\/site\/category\/noticias\/noticias-da-imprensa\/\",\"name\":\"Not\\u00edcias da imprensa\"}},{\"@type\":\"ListItem\",\"position\":4,\"item\":{\"@type\":\"WebPage\",\"@id\":\"https:\/\/abrelivros.org.br\/site\/volta-as-aulas-presenciais-sera-com-seguranca-afirma-milton-ribeiro\/\",\"url\":\"https:\/\/abrelivros.org.br\/site\/volta-as-aulas-presenciais-sera-com-seguranca-afirma-milton-ribeiro\/\",\"name\":\"Volta \\u00e0s aulas presenciais ser\\u00e1 com seguran\\u00e7a, afirma Milton Ribeiro\"}}]},{\"@type\":\"Person\",\"@id\":\"https:\/\/abrelivros.org.br\/site\/#\/schema\/person\/65db80e26409802ce15ac5feec6a15fd\",\"name\":\"Reda\\u00e7\\u00e3o Abrelivros\",\"image\":{\"@type\":\"ImageObject\",\"@id\":\"https:\/\/abrelivros.org.br\/site\/#personlogo\",\"inLanguage\":\"pt-BR\",\"url\":\"https:\/\/secure.gravatar.com\/avatar\/c4e57f9c7e3482965bd428192061218520756c39080b1d1820b679fa5e9af192?s=96&d=mm&r=g\",\"caption\":\"Reda\\u00e7\\u00e3o Abrelivros\"}}]}<\/script>\n<!-- \/ Yoast SEO plugin. -->","_links":{"self":[{"href":"https:\/\/abrelivros.org.br\/site\/wp-json\/wp\/v2\/posts\/13337","targetHints":{"allow":["GET"]}}],"collection":[{"href":"https:\/\/abrelivros.org.br\/site\/wp-json\/wp\/v2\/posts"}],"about":[{"href":"https:\/\/abrelivros.org.br\/site\/wp-json\/wp\/v2\/types\/post"}],"author":[{"embeddable":true,"href":"https:\/\/abrelivros.org.br\/site\/wp-json\/wp\/v2\/users\/4"}],"replies":[{"embeddable":true,"href":"https:\/\/abrelivros.org.br\/site\/wp-json\/wp\/v2\/comments?post=13337"}],"version-history":[{"count":1,"href":"https:\/\/abrelivros.org.br\/site\/wp-json\/wp\/v2\/posts\/13337\/revisions"}],"predecessor-version":[{"id":13338,"href":"https:\/\/abrelivros.org.br\/site\/wp-json\/wp\/v2\/posts\/13337\/revisions\/13338"}],"wp:attachment":[{"href":"https:\/\/abrelivros.org.br\/site\/wp-json\/wp\/v2\/media?parent=13337"}],"wp:term":[{"taxonomy":"category","embeddable":true,"href":"https:\/\/abrelivros.org.br\/site\/wp-json\/wp\/v2\/categories?post=13337"},{"taxonomy":"post_tag","embeddable":true,"href":"https:\/\/abrelivros.org.br\/site\/wp-json\/wp\/v2\/tags?post=13337"}],"curies":[{"name":"wp","href":"https:\/\/api.w.org\/{rel}","templated":true}]}}