{"id":13335,"date":"2021-03-03T13:23:40","date_gmt":"2021-03-03T16:23:40","guid":{"rendered":"https:\/\/abrelivros.org.br\/site\/?p=13335"},"modified":"2021-03-03T13:23:40","modified_gmt":"2021-03-03T16:23:40","slug":"secretarios-de-educacao-pelo-pais-resistem-a-novo-fechamento-de-escolas","status":"publish","type":"post","link":"https:\/\/abrelivros.org.br\/site\/secretarios-de-educacao-pelo-pais-resistem-a-novo-fechamento-de-escolas\/","title":{"rendered":"Secret\u00e1rios de Educa\u00e7\u00e3o pelo pa\u00eds resistem a novo fechamento de escolas"},"content":{"rendered":"<p>Secret\u00e1rios estaduais de Educa\u00e7\u00e3o t\u00eam resistido \u00e0 recomenda\u00e7\u00e3o das equipes de sa\u00fade para um <a href=\"https:\/\/www1.folha.uol.com.br\/equilibrioesaude\/2021\/03\/sp-estuda-fase-vermelha-no-estado-contra-covid-19-mas-com-escolas-abertas.shtml\" target=\"_blank\" rel=\"noopener noreferrer\">novo fechamento de escolas<\/a>. Eles defendem que as aulas presenciais n\u00e3o contribu\u00edram para o aumento de infec\u00e7\u00f5es.<!--more--><\/p>\n<p>Diante do que veem como o<a href=\"https:\/\/www1.folha.uol.com.br\/equilibrioesaude\/2021\/03\/brasil-completa-40-dias-com-media-movel-de-mortes-por-covid-acima-de-1000.shtml\" target=\"_blank\" rel=\"noopener noreferrer\"> pior momento da pandemia<\/a>, secret\u00e1rios estaduais de Sa\u00fade pediram na segunda (1) a ado\u00e7\u00e3o de medidas mais rigorosas para evitar o colapso na sa\u00fade, entre elas a suspens\u00e3o das aulas presenciais.<\/p>\n<p>Em resposta nesta ter\u00e7a (2), o Consed (Conselho Nacional de Secret\u00e1rios Estaduais de Educa\u00e7\u00e3o) disse ver com \u201cprofunda preocupa\u00e7\u00e3o\u201d o pedido de suspens\u00e3o das atividades presenciais na educa\u00e7\u00e3o. A nota destaca que a maioria das escolas est\u00e1 fechada h\u00e1 quase um ano e pedem que a decis\u00e3o seja encaminhada localmente.<\/p>\n<p>\u201cO conselho sugere que os comit\u00eas cient\u00edficos e os gestores educacionais, com a responsabilidade que lhes s\u00e3o outorgadas, definam, localmente, com serenidade sobre o modelo organizacional de ensino nas escolas, observando os poss\u00edveis preju\u00edzos.&#8221;<\/p>\n<p>Nesta ter\u00e7a, Jean Gorinchteyn, secret\u00e1rio de Sa\u00fade de S\u00e3o Paulo, tamb\u00e9m <a href=\"https:\/\/www1.folha.uol.com.br\/cotidiano\/2021\/03\/saude-vai-pedir-suspensao-de-aulas-no-estado-de-sao-paulo-diz-secretario.shtml\" target=\"_blank\" rel=\"noopener noreferrer\">defendeu a suspens\u00e3o das aulas presenciais diante do agravamento da pandemia no estado<\/a>. A declara\u00e7\u00e3o causou mal-estar no governo Jo\u00e3o Doria (PSDB), j\u00e1 que as escolas foram classificadas em dezembro do ano passado como servi\u00e7os essenciais para que pudessem permanecer abertas em qualquer fase da pandemia.<\/p>\n<p>\u201cN\u00e3o queremos nos opor aos secret\u00e1rios de sa\u00fade e aos comit\u00eas cient\u00edficos, mas temos que zelar por manter as escolas abertas o m\u00e1ximo poss\u00edvel e defender que s\u00f3 sejam fechadas quando forem adotadas medidas mais duras para todos os setores. N\u00e3o s\u00f3 para as escolas\u201d, disse Vitor de Angelo, presidente do Consed e secret\u00e1rio do Esp\u00edrito Santo.<\/p>\n<p>O governo capixaba definiu que as escolas s\u00f3 n\u00e3o podem abrir em cidades classificadas como de alto risco para o coronav\u00edrus \u2014o que atualmente ocorre em apenas um munic\u00edpio, Pi\u00fama. \u201cSe for necess\u00e1rio, n\u00e3o vou resistir a fechar a escola, desde que seja o \u00faltimo setor a fechar.\u201d<\/p>\n<p>Dois dias ap\u00f3s parte dos alunos ter retornado \u00e0s atividades presenciais, o governo do Paran\u00e1 determinou novo fechamento das escolas ao publicar decreto proibindo o funcionamento de todos os servi\u00e7os considerados n\u00e3o essenciais.<\/p>\n<p>Renato Feder, secret\u00e1rio de educa\u00e7\u00e3o do Paran\u00e1, defende que a nova suspens\u00e3o das aulas presenciais s\u00f3 se justifica em um contexto de lockdown como o adotado pelo governo. \u201cSe \u00e9 lockdown, tem que fechar tudo, inclusive a escola. Mas ela deve ser a primeira a abrir quando for poss\u00edvel.\u201d<\/p>\n<p>Os secret\u00e1rios defendem que a reabertura parcial das escolas no ano passado mostrou que elas n\u00e3o contribuem para o aumento de infec\u00e7\u00f5es se os protocolos de seguran\u00e7a forem seguidos.<\/p>\n<p>&#8220;N\u00e3o se pode responsabilizar as escolas pelo aumento de casos. Elas ficaram fechadas por quase um ano e os casos subiram antes mesmo delas reabrirem&#8221;, diz Cec\u00edlia Mota, secret\u00e1ria do Mato Grosso do Sul.<\/p>\n<p>O estado j\u00e1 autorizou a retomada das aulas presenciais, mas elas s\u00f3 dever\u00e3o come\u00e7ar em abril para que o calend\u00e1rio esteja alinhado com as redes municipais. &#8220;Muitos prefeitos que acabaram de assumir disseram que n\u00e3o tiveram tempo de se preparar. Por isso, optamos por esperar mais um m\u00eas.&#8221;<\/p>\n<p>Em ao menos dois estados, Rio Grande do Sul e Minas Gerais, os governos estaduais autorizaram a volta \u00e0s aulas presenciais, mas a a\u00e7\u00e3o foi barrada pela justi\u00e7a. Em outros 13 estados ainda n\u00e3o h\u00e1 previs\u00e3o de reabertura das escolas.<\/p>\n","protected":false},"excerpt":{"rendered":"<p>Secret\u00e1rios estaduais de Educa\u00e7\u00e3o t\u00eam resistido \u00e0 recomenda\u00e7\u00e3o das equipes de sa\u00fade para um novo fechamento de escolas. Eles defendem que as aulas presenciais n\u00e3o contribu\u00edram para o aumento de infec\u00e7\u00f5es.<\/p>\n","protected":false},"author":4,"featured_media":0,"comment_status":"closed","ping_status":"closed","sticky":false,"template":"","format":"standard","meta":{"footnotes":"","_links_to":"","_links_to_target":""},"categories":[9],"tags":[],"class_list":["post-13335","post","type-post","status-publish","format-standard","hentry","category-noticias-da-imprensa"],"yoast_head":"<!-- This site is optimized with the Yoast SEO plugin v15.1 - https:\/\/yoast.com\/wordpress\/plugins\/seo\/ -->\n<title>Secret\u00e1rios de Educa\u00e7\u00e3o pelo pa\u00eds resistem a novo fechamento de escolas &raquo; Abrelivros<\/title>\n<meta name=\"robots\" content=\"index, follow, max-snippet:-1, max-image-preview:large, max-video-preview:-1\" \/>\n<link rel=\"canonical\" href=\"https:\/\/abrelivros.org.br\/site\/secretarios-de-educacao-pelo-pais-resistem-a-novo-fechamento-de-escolas\/\" \/>\n<meta property=\"og:locale\" content=\"pt_BR\" \/>\n<meta property=\"og:type\" content=\"article\" \/>\n<meta property=\"og:title\" content=\"Secret\u00e1rios de Educa\u00e7\u00e3o pelo pa\u00eds resistem a novo fechamento de escolas &raquo; Abrelivros\" \/>\n<meta property=\"og:description\" content=\"Secret\u00e1rios estaduais de Educa\u00e7\u00e3o t\u00eam resistido \u00e0 recomenda\u00e7\u00e3o das equipes de sa\u00fade para um novo fechamento de escolas. Eles defendem que as aulas presenciais n\u00e3o contribu\u00edram para o aumento de infec\u00e7\u00f5es.\" \/>\n<meta property=\"og:url\" content=\"https:\/\/abrelivros.org.br\/site\/secretarios-de-educacao-pelo-pais-resistem-a-novo-fechamento-de-escolas\/\" \/>\n<meta property=\"og:site_name\" content=\"Abrelivros\" \/>\n<meta property=\"article:published_time\" content=\"2021-03-03T16:23:40+00:00\" \/>\n<meta name=\"twitter:card\" content=\"summary_large_image\" \/>\n<script type=\"application\/ld+json\" class=\"yoast-schema-graph\">{\"@context\":\"https:\/\/schema.org\",\"@graph\":[{\"@type\":\"WebSite\",\"@id\":\"https:\/\/abrelivros.org.br\/site\/#website\",\"url\":\"https:\/\/abrelivros.org.br\/site\/\",\"name\":\"Abrelivros\",\"description\":\"\",\"potentialAction\":[{\"@type\":\"SearchAction\",\"target\":\"https:\/\/abrelivros.org.br\/site\/?s={search_term_string}\",\"query-input\":\"required name=search_term_string\"}],\"inLanguage\":\"pt-BR\"},{\"@type\":\"WebPage\",\"@id\":\"https:\/\/abrelivros.org.br\/site\/secretarios-de-educacao-pelo-pais-resistem-a-novo-fechamento-de-escolas\/#webpage\",\"url\":\"https:\/\/abrelivros.org.br\/site\/secretarios-de-educacao-pelo-pais-resistem-a-novo-fechamento-de-escolas\/\",\"name\":\"Secret\\u00e1rios de Educa\\u00e7\\u00e3o pelo pa\\u00eds resistem a novo fechamento de escolas &raquo; Abrelivros\",\"isPartOf\":{\"@id\":\"https:\/\/abrelivros.org.br\/site\/#website\"},\"datePublished\":\"2021-03-03T16:23:40+00:00\",\"dateModified\":\"2021-03-03T16:23:40+00:00\",\"author\":{\"@id\":\"https:\/\/abrelivros.org.br\/site\/#\/schema\/person\/65db80e26409802ce15ac5feec6a15fd\"},\"breadcrumb\":{\"@id\":\"https:\/\/abrelivros.org.br\/site\/secretarios-de-educacao-pelo-pais-resistem-a-novo-fechamento-de-escolas\/#breadcrumb\"},\"inLanguage\":\"pt-BR\",\"potentialAction\":[{\"@type\":\"ReadAction\",\"target\":[\"https:\/\/abrelivros.org.br\/site\/secretarios-de-educacao-pelo-pais-resistem-a-novo-fechamento-de-escolas\/\"]}]},{\"@type\":\"BreadcrumbList\",\"@id\":\"https:\/\/abrelivros.org.br\/site\/secretarios-de-educacao-pelo-pais-resistem-a-novo-fechamento-de-escolas\/#breadcrumb\",\"itemListElement\":[{\"@type\":\"ListItem\",\"position\":1,\"item\":{\"@type\":\"WebPage\",\"@id\":\"https:\/\/abrelivros.org.br\/site\/\",\"url\":\"https:\/\/abrelivros.org.br\/site\/\",\"name\":\"In\\u00edcio\"}},{\"@type\":\"ListItem\",\"position\":2,\"item\":{\"@type\":\"WebPage\",\"@id\":\"https:\/\/abrelivros.org.br\/site\/category\/noticias\/\",\"url\":\"https:\/\/abrelivros.org.br\/site\/category\/noticias\/\",\"name\":\"Not\\u00edcias\"}},{\"@type\":\"ListItem\",\"position\":3,\"item\":{\"@type\":\"WebPage\",\"@id\":\"https:\/\/abrelivros.org.br\/site\/category\/noticias\/noticias-da-imprensa\/\",\"url\":\"https:\/\/abrelivros.org.br\/site\/category\/noticias\/noticias-da-imprensa\/\",\"name\":\"Not\\u00edcias da imprensa\"}},{\"@type\":\"ListItem\",\"position\":4,\"item\":{\"@type\":\"WebPage\",\"@id\":\"https:\/\/abrelivros.org.br\/site\/secretarios-de-educacao-pelo-pais-resistem-a-novo-fechamento-de-escolas\/\",\"url\":\"https:\/\/abrelivros.org.br\/site\/secretarios-de-educacao-pelo-pais-resistem-a-novo-fechamento-de-escolas\/\",\"name\":\"Secret\\u00e1rios de Educa\\u00e7\\u00e3o pelo pa\\u00eds resistem a novo fechamento de escolas\"}}]},{\"@type\":\"Person\",\"@id\":\"https:\/\/abrelivros.org.br\/site\/#\/schema\/person\/65db80e26409802ce15ac5feec6a15fd\",\"name\":\"Reda\\u00e7\\u00e3o Abrelivros\",\"image\":{\"@type\":\"ImageObject\",\"@id\":\"https:\/\/abrelivros.org.br\/site\/#personlogo\",\"inLanguage\":\"pt-BR\",\"url\":\"https:\/\/secure.gravatar.com\/avatar\/c4e57f9c7e3482965bd428192061218520756c39080b1d1820b679fa5e9af192?s=96&d=mm&r=g\",\"caption\":\"Reda\\u00e7\\u00e3o Abrelivros\"}}]}<\/script>\n<!-- \/ Yoast SEO plugin. -->","_links":{"self":[{"href":"https:\/\/abrelivros.org.br\/site\/wp-json\/wp\/v2\/posts\/13335","targetHints":{"allow":["GET"]}}],"collection":[{"href":"https:\/\/abrelivros.org.br\/site\/wp-json\/wp\/v2\/posts"}],"about":[{"href":"https:\/\/abrelivros.org.br\/site\/wp-json\/wp\/v2\/types\/post"}],"author":[{"embeddable":true,"href":"https:\/\/abrelivros.org.br\/site\/wp-json\/wp\/v2\/users\/4"}],"replies":[{"embeddable":true,"href":"https:\/\/abrelivros.org.br\/site\/wp-json\/wp\/v2\/comments?post=13335"}],"version-history":[{"count":1,"href":"https:\/\/abrelivros.org.br\/site\/wp-json\/wp\/v2\/posts\/13335\/revisions"}],"predecessor-version":[{"id":13336,"href":"https:\/\/abrelivros.org.br\/site\/wp-json\/wp\/v2\/posts\/13335\/revisions\/13336"}],"wp:attachment":[{"href":"https:\/\/abrelivros.org.br\/site\/wp-json\/wp\/v2\/media?parent=13335"}],"wp:term":[{"taxonomy":"category","embeddable":true,"href":"https:\/\/abrelivros.org.br\/site\/wp-json\/wp\/v2\/categories?post=13335"},{"taxonomy":"post_tag","embeddable":true,"href":"https:\/\/abrelivros.org.br\/site\/wp-json\/wp\/v2\/tags?post=13335"}],"curies":[{"name":"wp","href":"https:\/\/api.w.org\/{rel}","templated":true}]}}