{"id":13333,"date":"2021-03-02T13:12:38","date_gmt":"2021-03-02T16:12:38","guid":{"rendered":"https:\/\/abrelivros.org.br\/site\/?p=13333"},"modified":"2021-03-02T13:12:38","modified_gmt":"2021-03-02T16:12:38","slug":"secretarios-de-educacao-defendem-volta-as-aulas-presenciais-com-medidas-de-seguranca","status":"publish","type":"post","link":"https:\/\/abrelivros.org.br\/site\/secretarios-de-educacao-defendem-volta-as-aulas-presenciais-com-medidas-de-seguranca\/","title":{"rendered":"Secret\u00e1rios de educa\u00e7\u00e3o defendem volta \u00e0s aulas presenciais com medidas de seguran\u00e7a"},"content":{"rendered":"<p>O Conselho Nacional de Secret\u00e1rios de Educa\u00e7\u00e3o (Consed) emitiu nota nesta ter\u00e7a-feira (2) defendendo a volta \u00e0s aulas presenciais, desde que sejam adotadas medidas de seguran\u00e7a de acordo com a situa\u00e7\u00e3o local da pandemia.<\/p>\n<p>A manifesta\u00e7\u00e3o ocorre ap\u00f3s secret\u00e1rios de sa\u00fade pedirem <a href=\"https:\/\/g1.globo.com\/bemestar\/coronavirus\/noticia\/2021\/03\/01\/conselho-de-secretarios-divulga-carta-com-sugestoes-de-medidas-urgentes-contra-iminente-colapso-das-redes-publica-e-privada-por-causa-da-covid.ghtml\" target=\"_blank\" rel=\"noopener noreferrer\">toque de recolher nacional e fechamento de escolas<\/a>, bares e praias contra colapso da sa\u00fade.<!--more--><\/p>\n<p>A nota manifesta &#8220;profunda preocupa\u00e7\u00e3o com a defesa da &#8216;suspens\u00e3o das atividades presenciais de todos os n\u00edveis da educa\u00e7\u00e3o do pa\u00eds&#8217;\u201d e lembra que as escolas est\u00e3o fechadas h\u00e1 quase um ano, &#8220;com graves preju\u00edzos para aprendizagem e para os aspectos socioemocionais.&#8221;<\/p>\n<p>O Consed sugere que as autoridades sanit\u00e1rias definam o modelo de ensino com seguran\u00e7a para alunos e professores, de acordo com a situa\u00e7\u00e3o da pandemia em cada regi\u00e3o do pa\u00eds.<\/p>\n<p>Um levantamento feito pelo Jornal Nacional (veja no v\u00eddeo acima) aponta que, at\u00e9 segunda-feira (1\u00ba) 10 estados adotam o modelo h\u00edbrido de ensino, com parte dos alunos com aulas presenciais nas escolas e parte com aulas remotas, em casa, em sistema de rod\u00edzio. S\u00e3o eles: AL, CE, ES, MA, PE, RJ, SC, SE, SP, TO.<\/p>\n<p>Outros tr\u00eas estados est\u00e3o com as aulas presenciais suspensas temporariamente: GO, PR e RS.<\/p>\n<p>Os demais seguem com aulas \u00e0 dist\u00e2ncia.<\/p>\n<p><strong>Leia a nota na \u00edntegra:<\/strong><\/p>\n<p>&#8220;O Conselho Nacional de Secret\u00e1rios de Educa\u00e7\u00e3o (Consed) manifesta sua profunda preocupa\u00e7\u00e3o com a defesa da \u201csuspens\u00e3o das atividades presenciais de todos os n\u00edveis da educa\u00e7\u00e3o do pa\u00eds\u201d. O Consed entende a realidade atual, no que diz respeito \u00e0 pandemia da Covid-19, e compreende, tamb\u00e9m, que os cen\u00e1rios regionais s\u00e3o muito diferentes, mas lembra que a maioria das escolas brasileiras, especialmente na educa\u00e7\u00e3o p\u00fablica, est\u00e1 fechada h\u00e1 quase um ano, com graves preju\u00edzos para aprendizagem e para os aspectos socioemocionais. O direito \u00e0 vida e o direito \u00e0 educa\u00e7\u00e3o s\u00e3o inalien\u00e1veis, complementares e devem ser respaldados, nesse momento de crise pand\u00eamica, em evid\u00eancias cient\u00edficas.<\/p>\n<p>Em respeito \u00e0 ci\u00eancia, \u00e0s condi\u00e7\u00f5es e \u00e0s diversidades locais, que por si s\u00f3 encaminham solu\u00e7\u00f5es diferenciadas para o problema, o conselho sugere que os comit\u00eas cient\u00edficos, as autoridades sanit\u00e1rias e os gestores educacionais, com a responsabilidade que lhes s\u00e3o outorgadas, definam, localmente, com serenidade, sobre o modelo organizacional de ensino nas escolas, com seguran\u00e7a para estudantes e profissionais, observando os poss\u00edveis preju\u00edzos educacionais que podem penalizar milh\u00f5es de estudantes brasileiros. &#8220;<\/p>\n","protected":false},"excerpt":{"rendered":"<p>O Conselho Nacional de Secret\u00e1rios de Educa\u00e7\u00e3o (Consed) emitiu nota nesta ter\u00e7a-feira (2) defendendo a volta \u00e0s aulas presenciais, desde que sejam adotadas medidas de seguran\u00e7a de acordo com a situa\u00e7\u00e3o local da pandemia. A manifesta\u00e7\u00e3o ocorre ap\u00f3s secret\u00e1rios de sa\u00fade pedirem toque de recolher nacional e fechamento de escolas, bares e praias contra colapso [&hellip;]<\/p>\n","protected":false},"author":4,"featured_media":0,"comment_status":"closed","ping_status":"closed","sticky":false,"template":"","format":"standard","meta":{"footnotes":"","_links_to":"","_links_to_target":""},"categories":[9],"tags":[],"class_list":["post-13333","post","type-post","status-publish","format-standard","hentry","category-noticias-da-imprensa"],"yoast_head":"<!-- This site is optimized with the Yoast SEO plugin v15.1 - https:\/\/yoast.com\/wordpress\/plugins\/seo\/ -->\n<title>Secret\u00e1rios de educa\u00e7\u00e3o defendem volta \u00e0s aulas presenciais com medidas de seguran\u00e7a &raquo; Abrelivros<\/title>\n<meta name=\"robots\" content=\"index, follow, max-snippet:-1, max-image-preview:large, max-video-preview:-1\" \/>\n<link rel=\"canonical\" href=\"https:\/\/abrelivros.org.br\/site\/secretarios-de-educacao-defendem-volta-as-aulas-presenciais-com-medidas-de-seguranca\/\" \/>\n<meta property=\"og:locale\" content=\"pt_BR\" \/>\n<meta property=\"og:type\" content=\"article\" \/>\n<meta property=\"og:title\" content=\"Secret\u00e1rios de educa\u00e7\u00e3o defendem volta \u00e0s aulas presenciais com medidas de seguran\u00e7a &raquo; Abrelivros\" \/>\n<meta property=\"og:description\" content=\"O Conselho Nacional de Secret\u00e1rios de Educa\u00e7\u00e3o (Consed) emitiu nota nesta ter\u00e7a-feira (2) defendendo a volta \u00e0s aulas presenciais, desde que sejam adotadas medidas de seguran\u00e7a de acordo com a situa\u00e7\u00e3o local da pandemia. A manifesta\u00e7\u00e3o ocorre ap\u00f3s secret\u00e1rios de sa\u00fade pedirem toque de recolher nacional e fechamento de escolas, bares e praias contra colapso [&hellip;]\" \/>\n<meta property=\"og:url\" content=\"https:\/\/abrelivros.org.br\/site\/secretarios-de-educacao-defendem-volta-as-aulas-presenciais-com-medidas-de-seguranca\/\" \/>\n<meta property=\"og:site_name\" content=\"Abrelivros\" \/>\n<meta property=\"article:published_time\" content=\"2021-03-02T16:12:38+00:00\" \/>\n<meta name=\"twitter:card\" content=\"summary_large_image\" \/>\n<script type=\"application\/ld+json\" class=\"yoast-schema-graph\">{\"@context\":\"https:\/\/schema.org\",\"@graph\":[{\"@type\":\"WebSite\",\"@id\":\"https:\/\/abrelivros.org.br\/site\/#website\",\"url\":\"https:\/\/abrelivros.org.br\/site\/\",\"name\":\"Abrelivros\",\"description\":\"\",\"potentialAction\":[{\"@type\":\"SearchAction\",\"target\":\"https:\/\/abrelivros.org.br\/site\/?s={search_term_string}\",\"query-input\":\"required name=search_term_string\"}],\"inLanguage\":\"pt-BR\"},{\"@type\":\"WebPage\",\"@id\":\"https:\/\/abrelivros.org.br\/site\/secretarios-de-educacao-defendem-volta-as-aulas-presenciais-com-medidas-de-seguranca\/#webpage\",\"url\":\"https:\/\/abrelivros.org.br\/site\/secretarios-de-educacao-defendem-volta-as-aulas-presenciais-com-medidas-de-seguranca\/\",\"name\":\"Secret\\u00e1rios de educa\\u00e7\\u00e3o defendem volta \\u00e0s aulas presenciais com medidas de seguran\\u00e7a &raquo; Abrelivros\",\"isPartOf\":{\"@id\":\"https:\/\/abrelivros.org.br\/site\/#website\"},\"datePublished\":\"2021-03-02T16:12:38+00:00\",\"dateModified\":\"2021-03-02T16:12:38+00:00\",\"author\":{\"@id\":\"https:\/\/abrelivros.org.br\/site\/#\/schema\/person\/65db80e26409802ce15ac5feec6a15fd\"},\"breadcrumb\":{\"@id\":\"https:\/\/abrelivros.org.br\/site\/secretarios-de-educacao-defendem-volta-as-aulas-presenciais-com-medidas-de-seguranca\/#breadcrumb\"},\"inLanguage\":\"pt-BR\",\"potentialAction\":[{\"@type\":\"ReadAction\",\"target\":[\"https:\/\/abrelivros.org.br\/site\/secretarios-de-educacao-defendem-volta-as-aulas-presenciais-com-medidas-de-seguranca\/\"]}]},{\"@type\":\"BreadcrumbList\",\"@id\":\"https:\/\/abrelivros.org.br\/site\/secretarios-de-educacao-defendem-volta-as-aulas-presenciais-com-medidas-de-seguranca\/#breadcrumb\",\"itemListElement\":[{\"@type\":\"ListItem\",\"position\":1,\"item\":{\"@type\":\"WebPage\",\"@id\":\"https:\/\/abrelivros.org.br\/site\/\",\"url\":\"https:\/\/abrelivros.org.br\/site\/\",\"name\":\"In\\u00edcio\"}},{\"@type\":\"ListItem\",\"position\":2,\"item\":{\"@type\":\"WebPage\",\"@id\":\"https:\/\/abrelivros.org.br\/site\/category\/noticias\/\",\"url\":\"https:\/\/abrelivros.org.br\/site\/category\/noticias\/\",\"name\":\"Not\\u00edcias\"}},{\"@type\":\"ListItem\",\"position\":3,\"item\":{\"@type\":\"WebPage\",\"@id\":\"https:\/\/abrelivros.org.br\/site\/category\/noticias\/noticias-da-imprensa\/\",\"url\":\"https:\/\/abrelivros.org.br\/site\/category\/noticias\/noticias-da-imprensa\/\",\"name\":\"Not\\u00edcias da imprensa\"}},{\"@type\":\"ListItem\",\"position\":4,\"item\":{\"@type\":\"WebPage\",\"@id\":\"https:\/\/abrelivros.org.br\/site\/secretarios-de-educacao-defendem-volta-as-aulas-presenciais-com-medidas-de-seguranca\/\",\"url\":\"https:\/\/abrelivros.org.br\/site\/secretarios-de-educacao-defendem-volta-as-aulas-presenciais-com-medidas-de-seguranca\/\",\"name\":\"Secret\\u00e1rios de educa\\u00e7\\u00e3o defendem volta \\u00e0s aulas presenciais com medidas de seguran\\u00e7a\"}}]},{\"@type\":\"Person\",\"@id\":\"https:\/\/abrelivros.org.br\/site\/#\/schema\/person\/65db80e26409802ce15ac5feec6a15fd\",\"name\":\"Reda\\u00e7\\u00e3o Abrelivros\",\"image\":{\"@type\":\"ImageObject\",\"@id\":\"https:\/\/abrelivros.org.br\/site\/#personlogo\",\"inLanguage\":\"pt-BR\",\"url\":\"https:\/\/secure.gravatar.com\/avatar\/c4e57f9c7e3482965bd428192061218520756c39080b1d1820b679fa5e9af192?s=96&d=mm&r=g\",\"caption\":\"Reda\\u00e7\\u00e3o Abrelivros\"}}]}<\/script>\n<!-- \/ Yoast SEO plugin. -->","_links":{"self":[{"href":"https:\/\/abrelivros.org.br\/site\/wp-json\/wp\/v2\/posts\/13333","targetHints":{"allow":["GET"]}}],"collection":[{"href":"https:\/\/abrelivros.org.br\/site\/wp-json\/wp\/v2\/posts"}],"about":[{"href":"https:\/\/abrelivros.org.br\/site\/wp-json\/wp\/v2\/types\/post"}],"author":[{"embeddable":true,"href":"https:\/\/abrelivros.org.br\/site\/wp-json\/wp\/v2\/users\/4"}],"replies":[{"embeddable":true,"href":"https:\/\/abrelivros.org.br\/site\/wp-json\/wp\/v2\/comments?post=13333"}],"version-history":[{"count":1,"href":"https:\/\/abrelivros.org.br\/site\/wp-json\/wp\/v2\/posts\/13333\/revisions"}],"predecessor-version":[{"id":13334,"href":"https:\/\/abrelivros.org.br\/site\/wp-json\/wp\/v2\/posts\/13333\/revisions\/13334"}],"wp:attachment":[{"href":"https:\/\/abrelivros.org.br\/site\/wp-json\/wp\/v2\/media?parent=13333"}],"wp:term":[{"taxonomy":"category","embeddable":true,"href":"https:\/\/abrelivros.org.br\/site\/wp-json\/wp\/v2\/categories?post=13333"},{"taxonomy":"post_tag","embeddable":true,"href":"https:\/\/abrelivros.org.br\/site\/wp-json\/wp\/v2\/tags?post=13333"}],"curies":[{"name":"wp","href":"https:\/\/api.w.org\/{rel}","templated":true}]}}