{"id":13331,"date":"2021-03-02T13:07:35","date_gmt":"2021-03-02T16:07:35","guid":{"rendered":"https:\/\/abrelivros.org.br\/site\/?p=13331"},"modified":"2021-03-02T13:07:35","modified_gmt":"2021-03-02T16:07:35","slug":"mec-e-banco-mundial-tratam-de-acoes-para-o-novo-ensino-medio","status":"publish","type":"post","link":"https:\/\/abrelivros.org.br\/site\/mec-e-banco-mundial-tratam-de-acoes-para-o-novo-ensino-medio\/","title":{"rendered":"MEC e Banco Mundial tratam de a\u00e7\u00f5es para o Novo Ensino M\u00e9dio"},"content":{"rendered":"<p>O Minist\u00e9rio da Educa\u00e7\u00e3o (MEC) e o Banco Mundial realizam miss\u00e3o que contar\u00e1 com a participa\u00e7\u00e3o de representantes do FNDE, INEP, CGU, Minist\u00e9rio da Economia e Conselho Nacional dos Secret\u00e1rios de Educa\u00e7\u00e3o (CONSED) para discutir e delinear as a\u00e7\u00f5es estruturantes para o fomento do Novo Ensino M\u00e9dio, conforme previstas no acordo de empr\u00e9stimo da institui\u00e7\u00e3o financeira concedido ao Governo Federal para apoiar a implementa\u00e7\u00e3o do Novo Ensino M\u00e9dio.<!--more--> As reuni\u00f5es acontecem de 1\u00ba a 05 de mar\u00e7o, online, via v\u00eddeo conferencia.<\/p>\n<p>Na pauta ser\u00e3o debatidos o fortalecimento t\u00e9cnico das equipes das Secretarias de Educa\u00e7\u00e3o; a\u00e7\u00f5es e programas alinhados ao contexto da pandemia; impactos e resultados esperados do Novo Ensino M\u00e9dio; adequa\u00e7\u00f5es dos exames externos (ENEM e SAEB) assim como dos materiais e recursos did\u00e1ticos, entre outras tem\u00e1ticas relacionadas a \u00faltima etapa da Educa\u00e7\u00e3o B\u00e1sica.<\/p>\n<p>O acordo entre o Governo Federal e o Banco Mundial foi assinado em 24 de maio de 2018 e tem vig\u00eancia de 2018 a 2023. Por meio dele, foram destinados US$ 221 milh\u00f5es para programas e a\u00e7\u00f5es do Plano Plurianual (PPA) previamente selecionados e acordados, relacionados ao ensino m\u00e9dio, e tamb\u00e9m vinculados a uma parte do or\u00e7amento do MEC \u00e0 resultados. Desta forma, foram definidos indicadores vinculados a desembolsos relacionados aos objetivos do programa, condicionados ao cumprimento de metas.<\/p>\n<p>Adicionalmente, US$ 29 milh\u00f5es foram destinados para apoiar a\u00e7\u00f5es de assist\u00eancias t\u00e9cnicas, de modo a fortalecer a capacidade institucional do MEC e das Secretarias de Educa\u00e7\u00e3o nos estados.<\/p>\n<p>&nbsp;<\/p>\n","protected":false},"excerpt":{"rendered":"<p>O Minist\u00e9rio da Educa\u00e7\u00e3o (MEC) e o Banco Mundial realizam miss\u00e3o que contar\u00e1 com a participa\u00e7\u00e3o de representantes do FNDE, INEP, CGU, Minist\u00e9rio da Economia e Conselho Nacional dos Secret\u00e1rios de Educa\u00e7\u00e3o (CONSED) para discutir e delinear as a\u00e7\u00f5es estruturantes para o fomento do Novo Ensino M\u00e9dio, conforme previstas no acordo de empr\u00e9stimo da institui\u00e7\u00e3o [&hellip;]<\/p>\n","protected":false},"author":4,"featured_media":0,"comment_status":"closed","ping_status":"closed","sticky":false,"template":"","format":"standard","meta":{"footnotes":"","_links_to":"","_links_to_target":""},"categories":[9],"tags":[],"class_list":["post-13331","post","type-post","status-publish","format-standard","hentry","category-noticias-da-imprensa"],"yoast_head":"<!-- This site is optimized with the Yoast SEO plugin v15.1 - https:\/\/yoast.com\/wordpress\/plugins\/seo\/ -->\n<title>MEC e Banco Mundial tratam de a\u00e7\u00f5es para o Novo Ensino M\u00e9dio &raquo; Abrelivros<\/title>\n<meta name=\"robots\" content=\"index, follow, max-snippet:-1, max-image-preview:large, max-video-preview:-1\" \/>\n<link rel=\"canonical\" href=\"https:\/\/abrelivros.org.br\/site\/mec-e-banco-mundial-tratam-de-acoes-para-o-novo-ensino-medio\/\" \/>\n<meta property=\"og:locale\" content=\"pt_BR\" \/>\n<meta property=\"og:type\" content=\"article\" \/>\n<meta property=\"og:title\" content=\"MEC e Banco Mundial tratam de a\u00e7\u00f5es para o Novo Ensino M\u00e9dio &raquo; Abrelivros\" \/>\n<meta property=\"og:description\" content=\"O Minist\u00e9rio da Educa\u00e7\u00e3o (MEC) e o Banco Mundial realizam miss\u00e3o que contar\u00e1 com a participa\u00e7\u00e3o de representantes do FNDE, INEP, CGU, Minist\u00e9rio da Economia e Conselho Nacional dos Secret\u00e1rios de Educa\u00e7\u00e3o (CONSED) para discutir e delinear as a\u00e7\u00f5es estruturantes para o fomento do Novo Ensino M\u00e9dio, conforme previstas no acordo de empr\u00e9stimo da institui\u00e7\u00e3o [&hellip;]\" \/>\n<meta property=\"og:url\" content=\"https:\/\/abrelivros.org.br\/site\/mec-e-banco-mundial-tratam-de-acoes-para-o-novo-ensino-medio\/\" \/>\n<meta property=\"og:site_name\" content=\"Abrelivros\" \/>\n<meta property=\"article:published_time\" content=\"2021-03-02T16:07:35+00:00\" \/>\n<meta name=\"twitter:card\" content=\"summary_large_image\" \/>\n<script type=\"application\/ld+json\" class=\"yoast-schema-graph\">{\"@context\":\"https:\/\/schema.org\",\"@graph\":[{\"@type\":\"WebSite\",\"@id\":\"https:\/\/abrelivros.org.br\/site\/#website\",\"url\":\"https:\/\/abrelivros.org.br\/site\/\",\"name\":\"Abrelivros\",\"description\":\"\",\"potentialAction\":[{\"@type\":\"SearchAction\",\"target\":\"https:\/\/abrelivros.org.br\/site\/?s={search_term_string}\",\"query-input\":\"required name=search_term_string\"}],\"inLanguage\":\"pt-BR\"},{\"@type\":\"WebPage\",\"@id\":\"https:\/\/abrelivros.org.br\/site\/mec-e-banco-mundial-tratam-de-acoes-para-o-novo-ensino-medio\/#webpage\",\"url\":\"https:\/\/abrelivros.org.br\/site\/mec-e-banco-mundial-tratam-de-acoes-para-o-novo-ensino-medio\/\",\"name\":\"MEC e Banco Mundial tratam de a\\u00e7\\u00f5es para o Novo Ensino M\\u00e9dio &raquo; Abrelivros\",\"isPartOf\":{\"@id\":\"https:\/\/abrelivros.org.br\/site\/#website\"},\"datePublished\":\"2021-03-02T16:07:35+00:00\",\"dateModified\":\"2021-03-02T16:07:35+00:00\",\"author\":{\"@id\":\"https:\/\/abrelivros.org.br\/site\/#\/schema\/person\/65db80e26409802ce15ac5feec6a15fd\"},\"breadcrumb\":{\"@id\":\"https:\/\/abrelivros.org.br\/site\/mec-e-banco-mundial-tratam-de-acoes-para-o-novo-ensino-medio\/#breadcrumb\"},\"inLanguage\":\"pt-BR\",\"potentialAction\":[{\"@type\":\"ReadAction\",\"target\":[\"https:\/\/abrelivros.org.br\/site\/mec-e-banco-mundial-tratam-de-acoes-para-o-novo-ensino-medio\/\"]}]},{\"@type\":\"BreadcrumbList\",\"@id\":\"https:\/\/abrelivros.org.br\/site\/mec-e-banco-mundial-tratam-de-acoes-para-o-novo-ensino-medio\/#breadcrumb\",\"itemListElement\":[{\"@type\":\"ListItem\",\"position\":1,\"item\":{\"@type\":\"WebPage\",\"@id\":\"https:\/\/abrelivros.org.br\/site\/\",\"url\":\"https:\/\/abrelivros.org.br\/site\/\",\"name\":\"In\\u00edcio\"}},{\"@type\":\"ListItem\",\"position\":2,\"item\":{\"@type\":\"WebPage\",\"@id\":\"https:\/\/abrelivros.org.br\/site\/category\/noticias\/\",\"url\":\"https:\/\/abrelivros.org.br\/site\/category\/noticias\/\",\"name\":\"Not\\u00edcias\"}},{\"@type\":\"ListItem\",\"position\":3,\"item\":{\"@type\":\"WebPage\",\"@id\":\"https:\/\/abrelivros.org.br\/site\/category\/noticias\/noticias-da-imprensa\/\",\"url\":\"https:\/\/abrelivros.org.br\/site\/category\/noticias\/noticias-da-imprensa\/\",\"name\":\"Not\\u00edcias da imprensa\"}},{\"@type\":\"ListItem\",\"position\":4,\"item\":{\"@type\":\"WebPage\",\"@id\":\"https:\/\/abrelivros.org.br\/site\/mec-e-banco-mundial-tratam-de-acoes-para-o-novo-ensino-medio\/\",\"url\":\"https:\/\/abrelivros.org.br\/site\/mec-e-banco-mundial-tratam-de-acoes-para-o-novo-ensino-medio\/\",\"name\":\"MEC e Banco Mundial tratam de a\\u00e7\\u00f5es para o Novo Ensino M\\u00e9dio\"}}]},{\"@type\":\"Person\",\"@id\":\"https:\/\/abrelivros.org.br\/site\/#\/schema\/person\/65db80e26409802ce15ac5feec6a15fd\",\"name\":\"Reda\\u00e7\\u00e3o Abrelivros\",\"image\":{\"@type\":\"ImageObject\",\"@id\":\"https:\/\/abrelivros.org.br\/site\/#personlogo\",\"inLanguage\":\"pt-BR\",\"url\":\"https:\/\/secure.gravatar.com\/avatar\/c4e57f9c7e3482965bd428192061218520756c39080b1d1820b679fa5e9af192?s=96&d=mm&r=g\",\"caption\":\"Reda\\u00e7\\u00e3o Abrelivros\"}}]}<\/script>\n<!-- \/ Yoast SEO plugin. -->","_links":{"self":[{"href":"https:\/\/abrelivros.org.br\/site\/wp-json\/wp\/v2\/posts\/13331","targetHints":{"allow":["GET"]}}],"collection":[{"href":"https:\/\/abrelivros.org.br\/site\/wp-json\/wp\/v2\/posts"}],"about":[{"href":"https:\/\/abrelivros.org.br\/site\/wp-json\/wp\/v2\/types\/post"}],"author":[{"embeddable":true,"href":"https:\/\/abrelivros.org.br\/site\/wp-json\/wp\/v2\/users\/4"}],"replies":[{"embeddable":true,"href":"https:\/\/abrelivros.org.br\/site\/wp-json\/wp\/v2\/comments?post=13331"}],"version-history":[{"count":1,"href":"https:\/\/abrelivros.org.br\/site\/wp-json\/wp\/v2\/posts\/13331\/revisions"}],"predecessor-version":[{"id":13332,"href":"https:\/\/abrelivros.org.br\/site\/wp-json\/wp\/v2\/posts\/13331\/revisions\/13332"}],"wp:attachment":[{"href":"https:\/\/abrelivros.org.br\/site\/wp-json\/wp\/v2\/media?parent=13331"}],"wp:term":[{"taxonomy":"category","embeddable":true,"href":"https:\/\/abrelivros.org.br\/site\/wp-json\/wp\/v2\/categories?post=13331"},{"taxonomy":"post_tag","embeddable":true,"href":"https:\/\/abrelivros.org.br\/site\/wp-json\/wp\/v2\/tags?post=13331"}],"curies":[{"name":"wp","href":"https:\/\/api.w.org\/{rel}","templated":true}]}}