{"id":13329,"date":"2021-03-01T13:55:51","date_gmt":"2021-03-01T16:55:51","guid":{"rendered":"https:\/\/abrelivros.org.br\/site\/?p=13329"},"modified":"2021-03-01T13:55:51","modified_gmt":"2021-03-01T16:55:51","slug":"livro-didatico-e-transformacao-social","status":"publish","type":"post","link":"https:\/\/abrelivros.org.br\/site\/livro-didatico-e-transformacao-social\/","title":{"rendered":"Livro did\u00e1tico e transforma\u00e7\u00e3o social"},"content":{"rendered":"<p>No dia 27 de fevereiro se comemora o Dia Nacional do Livro Did\u00e1tico, homenagem a um produto editorial imprescind\u00edvel para a forma\u00e7\u00e3o educacional dos alunos das escolas privadas e p\u00fablicas. E este ano acontece em meio ao cronograma de uma das mais relevantes mudan\u00e7as na educa\u00e7\u00e3o no Brasil em d\u00e9cadas: a reforma do Ensino M\u00e9dio.<!--more--><\/p>\n<p>Mais da metade dos brasileiros com 25 anos ou mais n\u00e3o concluiu esta fase final da Educa\u00e7\u00e3o B\u00e1sica \u2013 70 milh\u00f5es de pessoas. Cerca de 30% dos jovens de 15 a 17 anos n\u00e3o est\u00e3o no Ensino M\u00e9dio, bem acima dos 15% m\u00e1ximos estabelecido pelo Plano Nacional de Educa\u00e7\u00e3o (PNE). Trata-se de um problema estrutural, que atinge gera\u00e7\u00e3o ap\u00f3s gera\u00e7\u00e3o e n\u00e3o pode mais ser relegado.<\/p>\n<p>Um dos motivos da desmotiva\u00e7\u00e3o e do desinteresse dos jovens \u00e9 o descompasso entre a forma\u00e7\u00e3o oferecida, os desejos pessoais e as exig\u00eancias do mundo contempor\u00e2neo. O pa\u00eds precisa oferecer no Ensino M\u00e9dio uma trajet\u00f3ria escolar que fa\u00e7a mais sentido, gere maior engajamento, dialogue com o projeto de vida dos estudantes.<\/p>\n<p>Com as mudan\u00e7as a serem implantadas, de acordo com a Base Nacional Comum Curricular (BNCC), o novo Ensino M\u00e9dio ter\u00e1 amplia\u00e7\u00e3o da carga hor\u00e1ria m\u00ednima, flexibiliza\u00e7\u00e3o curricular, foco no estudante e no seu desenvolvimento integral e a incorpora\u00e7\u00e3o de pr\u00e1ticas escolares mais din\u00e2micas e interativas, que considerem as especificidades e demandas de jovens que j\u00e1 nasceram no s\u00e9culo XXI. Ao inv\u00e9s de 13 disciplinas distintas, ser\u00e3o quatro \u00c1reas do Conhecimento: Linguagens, Matem\u00e1tica, Ci\u00eancias da Natureza e Ci\u00eancias Humanas e Sociais Aplicadas.<\/p>\n<p>O desafio de mudar o Ensino M\u00e9dio conta com uma das maiores iniciativas educacionais do mundo, o Programa Nacional do Livro e do Material Did\u00e1tico (PNLD). De responsabilidade do Minist\u00e9rio da Educa\u00e7\u00e3o, em conjunto com o Fundo Nacional de Desenvolvimento da Educa\u00e7\u00e3o (FNDE), o PNLD realiza, atrav\u00e9s de editais anuais, a avalia\u00e7\u00e3o, aquisi\u00e7\u00e3o e distribui\u00e7\u00e3o de materiais did\u00e1ticos para as escolas p\u00fablicas de Educa\u00e7\u00e3o Infantil, Ensino Fundamental e M\u00e9dio, na modalidade regular e de Educa\u00e7\u00e3o de Jovens e Adultos (EJA). O programa tem como pilares principais a oferta de materiais did\u00e1ticos de qualidade, com diversidade de concep\u00e7\u00f5es pedag\u00f3gicas e respeito \u00e0 autonomia do professor, que pode escolher o material que vai utilizar em sala de aula.<\/p>\n<p>O edital 2021 do PNLD veio apoiar as mudan\u00e7as no Ensino M\u00e9dio. Em seu Objeto 1, oferece a educadores e gestores de escolas p\u00fablicas a escolha de obras did\u00e1ticas de transi\u00e7\u00e3o, previstas para serem utilizadas em sala de aula no segundo semestre de 2021. Os materiais \u2013 Projetos Integradores por \u00c1rea de Conhecimento e Projetos de Vida \u2013 s\u00e3o complementares ao trabalho feito atualmente e introduzem uma nova maneira de atua\u00e7\u00e3o em sala de aula, sem a necessidade de abrir m\u00e3o imediatamente dos livros did\u00e1ticos disciplinares existentes.<\/p>\n<p>Os livros de Projetos Integradores s\u00e3o um primeiro passo na incorpora\u00e7\u00e3o de materiais adaptados \u00e0 BNCC e ao novo Ensino M\u00e9dio, j\u00e1 tendo como base o ensino aprendizagem a partir das \u00c1reas de Conhecimento. \u00c9 a oportunidade para os professores irem se adaptando aos novos materiais did\u00e1ticos integrados, passando a trabalhar de maneira interdisciplinar com outros professores.<\/p>\n<p>O Brasil realiza essa reforma estrutural com o apoio de uma ind\u00fastria editorial capaz de atender a tamanho desafio, e que nos \u00faltimos anos aprimorou ainda mais seus conte\u00fados. N\u00e3o podemos mais falar em um produto somente f\u00edsico, mas sim em conte\u00fado did\u00e1tico, que pode ser adaptado a diversos tipos de plataformas tecnol\u00f3gicas.<\/p>\n<p>Esta ind\u00fastria possui equipes altamente qualificadas, que al\u00e9m dos autores incluem profissionais como editores, revisores, diagramadores, especialistas em tecnologia da educa\u00e7\u00e3o e profissionais de iconografia.<\/p>\n<p>A produ\u00e7\u00e3o de obras did\u00e1ticas corresponde \u00e0 metade da produ\u00e7\u00e3o de livros no Brasil. Em 2020 o PNLD distribuiu mais de 170 milh\u00f5es de exemplares a escolas p\u00fablicas, beneficiando mais de 30 milh\u00f5es de alunos da Educa\u00e7\u00e3o Infantil ao Ensino M\u00e9dio.<\/p>\n<p>Neste in\u00edcio de 2021 estamos em um per\u00edodo de extrema import\u00e2ncia porque as escolas p\u00fablicas ter\u00e3o a oportunidade de escolha dos materiais de transi\u00e7\u00e3o para o Novo Ensino M\u00e9dio. O prazo vai de 1 a 15 de mar\u00e7o, e \u00e9 fundamental a mobiliza\u00e7\u00e3o dos professores.<\/p>\n<p>A educa\u00e7\u00e3o \u00e9 um ineg\u00e1vel caminho de transforma\u00e7\u00e3o social e de forma\u00e7\u00e3o do indiv\u00edduo. E o livro did\u00e1tico tem um papel imprescind\u00edvel neste processo. Sem livro, n\u00e3o h\u00e1 aula de qualidade. E sem aula de qualidade n\u00e3o h\u00e1 ensino-aprendizagem.<\/p>\n<p>&nbsp;<\/p>\n<p>\u00c2ngelo Xavier, presidente da Associa\u00e7\u00e3o Brasileira de Editores e Produtores de Conte\u00fado e Tecnologia Educacional (Abrelivros).<\/p>\n<p>&nbsp;<\/p>\n","protected":false},"excerpt":{"rendered":"<p>No dia 27 de fevereiro se comemora o Dia Nacional do Livro Did\u00e1tico, homenagem a um produto editorial imprescind\u00edvel para a forma\u00e7\u00e3o educacional dos alunos das escolas privadas e p\u00fablicas. E este ano acontece em meio ao cronograma de uma das mais relevantes mudan\u00e7as na educa\u00e7\u00e3o no Brasil em d\u00e9cadas: a reforma do Ensino M\u00e9dio.<\/p>\n","protected":false},"author":4,"featured_media":0,"comment_status":"closed","ping_status":"closed","sticky":false,"template":"","format":"standard","meta":{"footnotes":"","_links_to":"","_links_to_target":""},"categories":[9,10],"tags":[],"class_list":["post-13329","post","type-post","status-publish","format-standard","hentry","category-noticias-da-imprensa","category-pnld-programa-nacional-do-livro-e-do-material-didatico"],"yoast_head":"<!-- This site is optimized with the Yoast SEO plugin v15.1 - https:\/\/yoast.com\/wordpress\/plugins\/seo\/ -->\n<title>Livro did\u00e1tico e transforma\u00e7\u00e3o social &raquo; Abrelivros<\/title>\n<meta name=\"robots\" content=\"index, follow, max-snippet:-1, max-image-preview:large, max-video-preview:-1\" \/>\n<link rel=\"canonical\" href=\"https:\/\/abrelivros.org.br\/site\/livro-didatico-e-transformacao-social\/\" \/>\n<meta property=\"og:locale\" content=\"pt_BR\" \/>\n<meta property=\"og:type\" content=\"article\" \/>\n<meta property=\"og:title\" content=\"Livro did\u00e1tico e transforma\u00e7\u00e3o social &raquo; Abrelivros\" \/>\n<meta property=\"og:description\" content=\"No dia 27 de fevereiro se comemora o Dia Nacional do Livro Did\u00e1tico, homenagem a um produto editorial imprescind\u00edvel para a forma\u00e7\u00e3o educacional dos alunos das escolas privadas e p\u00fablicas. E este ano acontece em meio ao cronograma de uma das mais relevantes mudan\u00e7as na educa\u00e7\u00e3o no Brasil em d\u00e9cadas: a reforma do Ensino M\u00e9dio.\" \/>\n<meta property=\"og:url\" content=\"https:\/\/abrelivros.org.br\/site\/livro-didatico-e-transformacao-social\/\" \/>\n<meta property=\"og:site_name\" content=\"Abrelivros\" \/>\n<meta property=\"article:published_time\" content=\"2021-03-01T16:55:51+00:00\" \/>\n<meta name=\"twitter:card\" content=\"summary_large_image\" \/>\n<script type=\"application\/ld+json\" class=\"yoast-schema-graph\">{\"@context\":\"https:\/\/schema.org\",\"@graph\":[{\"@type\":\"WebSite\",\"@id\":\"https:\/\/abrelivros.org.br\/site\/#website\",\"url\":\"https:\/\/abrelivros.org.br\/site\/\",\"name\":\"Abrelivros\",\"description\":\"\",\"potentialAction\":[{\"@type\":\"SearchAction\",\"target\":\"https:\/\/abrelivros.org.br\/site\/?s={search_term_string}\",\"query-input\":\"required name=search_term_string\"}],\"inLanguage\":\"pt-BR\"},{\"@type\":\"WebPage\",\"@id\":\"https:\/\/abrelivros.org.br\/site\/livro-didatico-e-transformacao-social\/#webpage\",\"url\":\"https:\/\/abrelivros.org.br\/site\/livro-didatico-e-transformacao-social\/\",\"name\":\"Livro did\\u00e1tico e transforma\\u00e7\\u00e3o social &raquo; Abrelivros\",\"isPartOf\":{\"@id\":\"https:\/\/abrelivros.org.br\/site\/#website\"},\"datePublished\":\"2021-03-01T16:55:51+00:00\",\"dateModified\":\"2021-03-01T16:55:51+00:00\",\"author\":{\"@id\":\"https:\/\/abrelivros.org.br\/site\/#\/schema\/person\/65db80e26409802ce15ac5feec6a15fd\"},\"breadcrumb\":{\"@id\":\"https:\/\/abrelivros.org.br\/site\/livro-didatico-e-transformacao-social\/#breadcrumb\"},\"inLanguage\":\"pt-BR\",\"potentialAction\":[{\"@type\":\"ReadAction\",\"target\":[\"https:\/\/abrelivros.org.br\/site\/livro-didatico-e-transformacao-social\/\"]}]},{\"@type\":\"BreadcrumbList\",\"@id\":\"https:\/\/abrelivros.org.br\/site\/livro-didatico-e-transformacao-social\/#breadcrumb\",\"itemListElement\":[{\"@type\":\"ListItem\",\"position\":1,\"item\":{\"@type\":\"WebPage\",\"@id\":\"https:\/\/abrelivros.org.br\/site\/\",\"url\":\"https:\/\/abrelivros.org.br\/site\/\",\"name\":\"In\\u00edcio\"}},{\"@type\":\"ListItem\",\"position\":2,\"item\":{\"@type\":\"WebPage\",\"@id\":\"https:\/\/abrelivros.org.br\/site\/category\/noticias\/\",\"url\":\"https:\/\/abrelivros.org.br\/site\/category\/noticias\/\",\"name\":\"Not\\u00edcias\"}},{\"@type\":\"ListItem\",\"position\":3,\"item\":{\"@type\":\"WebPage\",\"@id\":\"https:\/\/abrelivros.org.br\/site\/category\/noticias\/noticias-da-imprensa\/\",\"url\":\"https:\/\/abrelivros.org.br\/site\/category\/noticias\/noticias-da-imprensa\/\",\"name\":\"Not\\u00edcias da imprensa\"}},{\"@type\":\"ListItem\",\"position\":4,\"item\":{\"@type\":\"WebPage\",\"@id\":\"https:\/\/abrelivros.org.br\/site\/livro-didatico-e-transformacao-social\/\",\"url\":\"https:\/\/abrelivros.org.br\/site\/livro-didatico-e-transformacao-social\/\",\"name\":\"Livro did\\u00e1tico e transforma\\u00e7\\u00e3o social\"}}]},{\"@type\":\"Person\",\"@id\":\"https:\/\/abrelivros.org.br\/site\/#\/schema\/person\/65db80e26409802ce15ac5feec6a15fd\",\"name\":\"Reda\\u00e7\\u00e3o Abrelivros\",\"image\":{\"@type\":\"ImageObject\",\"@id\":\"https:\/\/abrelivros.org.br\/site\/#personlogo\",\"inLanguage\":\"pt-BR\",\"url\":\"https:\/\/secure.gravatar.com\/avatar\/c4e57f9c7e3482965bd428192061218520756c39080b1d1820b679fa5e9af192?s=96&d=mm&r=g\",\"caption\":\"Reda\\u00e7\\u00e3o Abrelivros\"}}]}<\/script>\n<!-- \/ Yoast SEO plugin. -->","_links":{"self":[{"href":"https:\/\/abrelivros.org.br\/site\/wp-json\/wp\/v2\/posts\/13329","targetHints":{"allow":["GET"]}}],"collection":[{"href":"https:\/\/abrelivros.org.br\/site\/wp-json\/wp\/v2\/posts"}],"about":[{"href":"https:\/\/abrelivros.org.br\/site\/wp-json\/wp\/v2\/types\/post"}],"author":[{"embeddable":true,"href":"https:\/\/abrelivros.org.br\/site\/wp-json\/wp\/v2\/users\/4"}],"replies":[{"embeddable":true,"href":"https:\/\/abrelivros.org.br\/site\/wp-json\/wp\/v2\/comments?post=13329"}],"version-history":[{"count":1,"href":"https:\/\/abrelivros.org.br\/site\/wp-json\/wp\/v2\/posts\/13329\/revisions"}],"predecessor-version":[{"id":13330,"href":"https:\/\/abrelivros.org.br\/site\/wp-json\/wp\/v2\/posts\/13329\/revisions\/13330"}],"wp:attachment":[{"href":"https:\/\/abrelivros.org.br\/site\/wp-json\/wp\/v2\/media?parent=13329"}],"wp:term":[{"taxonomy":"category","embeddable":true,"href":"https:\/\/abrelivros.org.br\/site\/wp-json\/wp\/v2\/categories?post=13329"},{"taxonomy":"post_tag","embeddable":true,"href":"https:\/\/abrelivros.org.br\/site\/wp-json\/wp\/v2\/tags?post=13329"}],"curies":[{"name":"wp","href":"https:\/\/api.w.org\/{rel}","templated":true}]}}