{"id":13327,"date":"2021-03-01T13:49:52","date_gmt":"2021-03-01T16:49:52","guid":{"rendered":"https:\/\/abrelivros.org.br\/site\/?p=13327"},"modified":"2021-03-01T13:49:52","modified_gmt":"2021-03-01T16:49:52","slug":"a-deterioracao-da-educacao-basica","status":"publish","type":"post","link":"https:\/\/abrelivros.org.br\/site\/a-deterioracao-da-educacao-basica\/","title":{"rendered":"A deteriora\u00e7\u00e3o da educa\u00e7\u00e3o b\u00e1sica"},"content":{"rendered":"<p>No mundo inteiro a pandemia precipitou uma crise sem precedentes na educa\u00e7\u00e3o. O apag\u00e3o acarretou perdas expressivas de aprendizagem, aumentou as desigualdades e ampliou os riscos de evas\u00e3o escolar. Mas, por causa da assombrosa des\u00eddia do governo federal, a educa\u00e7\u00e3o no Brasil vive uma crise dentro da crise.<!--more--> Ou melhor: j\u00e1 vivia uma crise end\u00f3gena que foi agravada por uma crise ex\u00f3gena.<\/p>\n<p>A mera dan\u00e7a das cadeiras no MEC \u00e9 sintoma suficiente dessa inc\u00faria. Antes do atual ministro, Milton Ribeiro, que desde julho n\u00e3o mostrou a que veio, a pasta foi comandada tr\u00eas meses pelo inoperante V\u00e9lez Rodr\u00edguez; depois um ano e dois meses por Abraham Weintraub, que nada mais fez que reduzir o MEC a uma casamata para guerrilheiros culturais bolsonaristas; e alguns dias por Carlos Decotelli, que se notabilizou pelas fraudes em seu curr\u00edculo acad\u00eamico.<\/p>\n<p>\u201cCom rela\u00e7\u00e3o ao MEC, al\u00e9m da aus\u00eancia de coordena\u00e7\u00e3o nacional, cuja responsabilidade \u00e9 do governo federal, o ano de 2020 refor\u00e7ou a imagem de um minist\u00e9rio sem capacidade de lideran\u00e7a e com s\u00e9rios problemas de gest\u00e3o\u201d, <a href=\"https:\/\/todospelaeducacao.org.br\/noticias\/relatorio-do-todos-impacto-da-pandemia-na-educacao-basica-tem-ido-alem-do-fechamento-de-escolas\/\" target=\"_blank\" rel=\"noopener noreferrer\">concluiu um balan\u00e7o do instituto Todos Pela Educa\u00e7\u00e3o<\/a>. Nada ilustra mais essa in\u00e9pcia que o desempenho na educa\u00e7\u00e3o b\u00e1sica. Reiteradas vezes, at\u00e9 colidirem com a lei, o presidente Jair Bolsonaro e seu sabujo Abraham Weintraub amea\u00e7aram sabotar o ensino universit\u00e1rio \u2013 em especial as Humanidades \u2013, sob o pretexto de priorizar a educa\u00e7\u00e3o b\u00e1sica. Se esse antagonismo esp\u00fario entre ensino b\u00e1sico e superior j\u00e1 n\u00e3o demonstrasse uma concep\u00e7\u00e3o suficientemente tacanha da educa\u00e7\u00e3o, o balan\u00e7o prova que ela \u00e9 tamb\u00e9m hip\u00f3crita. A educa\u00e7\u00e3o b\u00e1sica encerrou o ano de 2020 com o menor or\u00e7amento e a menor execu\u00e7\u00e3o da d\u00e9cada.<\/p>\n<p>A contra\u00e7\u00e3o n\u00e3o pode ser atribu\u00edda exclusivamente \u00e0 crise. Entre 2010 e 2018 (incluindo, portanto, os anos de recess\u00e3o), a dota\u00e7\u00e3o anual m\u00e9dia para a educa\u00e7\u00e3o b\u00e1sica foi de R$ 52,2 bilh\u00f5es. Nos dois anos de Bolsonaro, foi de R$ 45,2 bilh\u00f5es. O desempenho da educa\u00e7\u00e3o b\u00e1sica em 2020, tanto na compara\u00e7\u00e3o com outras etapas quanto com anos anteriores, foi muito aqu\u00e9m do esperado: dentre todas as etapas, as despesas discricion\u00e1rias com o ensino b\u00e1sico obtiveram a menor taxa de pagamento (47%); a dota\u00e7\u00e3o das emendas parlamentares acumulou redu\u00e7\u00e3o de 40%; e, das despesas obrigat\u00f3rias, 81% foram executados, ante 86% em 2019, 95% em 2018 e 92% em 2017.<\/p>\n<p>Em raz\u00e3o da baixa execu\u00e7\u00e3o or\u00e7ament\u00e1ria iniciada no primeiro ano do governo, 2020 foi marcado pelo financiamento excessivo de restos a pagar, dificultando a execu\u00e7\u00e3o subnacional pela falta de previsibilidade dos recursos recebidos.<\/p>\n<p>A \u201cs\u00edntese da pasta\u201d, segundo o Todos Pela Educa\u00e7\u00e3o, \u00e9 de \u201cina\u00e7\u00e3o, baixa execu\u00e7\u00e3o or\u00e7ament\u00e1ria e fragilidades na governan\u00e7a e na pactua\u00e7\u00e3o com Estados e munic\u00edpios, trazendo preju\u00edzos incalcul\u00e1veis a curto, m\u00e9dio e longo prazos para a melhoria da qualidade da educa\u00e7\u00e3o b\u00e1sica\u201d.<\/p>\n<p>Al\u00e9m da anomia na provis\u00e3o do ensino remoto e no planejamento do retorno \u00e0s aulas, o governo federal ainda vetou trechos da MP 934\/20 que previam o repasse de recursos da merenda diretamente aos pais e deixou \u00e0 deriva reformas como a implementa\u00e7\u00e3o da Base Nacional Curricular Comum, o Novo Ensino M\u00e9dio e medidas voltadas \u00e0 profissionaliza\u00e7\u00e3o de carreira e forma\u00e7\u00e3o docente. Numa lista de 34 prioridades apresentadas pelo governo ao Congresso, apenas uma diz respeito \u00e0 educa\u00e7\u00e3o, tratando da pauta absolutamente irrelevante da regulamenta\u00e7\u00e3o do homeschooling.<\/p>\n<p>O quadro em 2020 s\u00f3 n\u00e3o foi pior por causa da a\u00e7\u00e3o de prefeituras, governos estaduais, entidades representativas e do Congresso, respons\u00e1veis por avan\u00e7os importantes, como a aprova\u00e7\u00e3o do Novo Fundeb.<\/p>\n<p>Se, no campo educacional, um voto de confian\u00e7a no in\u00edcio da gest\u00e3o Bolsonaro era uma ingenuidade culposa, condescender dois anos depois com essa ilus\u00e3o j\u00e1 caracteriza uma atitude dolosa. Mais do que nunca, garantir o avan\u00e7o da educa\u00e7\u00e3o \u2013 ou, ao menos, conter a sua deteriora\u00e7\u00e3o \u2013 depender\u00e1 do protagonismo en\u00e9rgico da sociedade civil, dos governos subnacionais e principalmente do Congresso.<\/p>\n<p>&nbsp;<\/p>\n","protected":false},"excerpt":{"rendered":"<p>No mundo inteiro a pandemia precipitou uma crise sem precedentes na educa\u00e7\u00e3o. O apag\u00e3o acarretou perdas expressivas de aprendizagem, aumentou as desigualdades e ampliou os riscos de evas\u00e3o escolar. Mas, por causa da assombrosa des\u00eddia do governo federal, a educa\u00e7\u00e3o no Brasil vive uma crise dentro da crise.<\/p>\n","protected":false},"author":4,"featured_media":0,"comment_status":"closed","ping_status":"closed","sticky":false,"template":"","format":"standard","meta":{"footnotes":"","_links_to":"","_links_to_target":""},"categories":[9],"tags":[],"class_list":["post-13327","post","type-post","status-publish","format-standard","hentry","category-noticias-da-imprensa"],"yoast_head":"<!-- This site is optimized with the Yoast SEO plugin v15.1 - https:\/\/yoast.com\/wordpress\/plugins\/seo\/ -->\n<title>A deteriora\u00e7\u00e3o da educa\u00e7\u00e3o b\u00e1sica &raquo; Abrelivros<\/title>\n<meta name=\"robots\" content=\"index, follow, max-snippet:-1, max-image-preview:large, max-video-preview:-1\" \/>\n<link rel=\"canonical\" href=\"https:\/\/abrelivros.org.br\/site\/a-deterioracao-da-educacao-basica\/\" \/>\n<meta property=\"og:locale\" content=\"pt_BR\" \/>\n<meta property=\"og:type\" content=\"article\" \/>\n<meta property=\"og:title\" content=\"A deteriora\u00e7\u00e3o da educa\u00e7\u00e3o b\u00e1sica &raquo; Abrelivros\" \/>\n<meta property=\"og:description\" content=\"No mundo inteiro a pandemia precipitou uma crise sem precedentes na educa\u00e7\u00e3o. O apag\u00e3o acarretou perdas expressivas de aprendizagem, aumentou as desigualdades e ampliou os riscos de evas\u00e3o escolar. Mas, por causa da assombrosa des\u00eddia do governo federal, a educa\u00e7\u00e3o no Brasil vive uma crise dentro da crise.\" \/>\n<meta property=\"og:url\" content=\"https:\/\/abrelivros.org.br\/site\/a-deterioracao-da-educacao-basica\/\" \/>\n<meta property=\"og:site_name\" content=\"Abrelivros\" \/>\n<meta property=\"article:published_time\" content=\"2021-03-01T16:49:52+00:00\" \/>\n<meta name=\"twitter:card\" content=\"summary_large_image\" \/>\n<script type=\"application\/ld+json\" class=\"yoast-schema-graph\">{\"@context\":\"https:\/\/schema.org\",\"@graph\":[{\"@type\":\"WebSite\",\"@id\":\"https:\/\/abrelivros.org.br\/site\/#website\",\"url\":\"https:\/\/abrelivros.org.br\/site\/\",\"name\":\"Abrelivros\",\"description\":\"\",\"potentialAction\":[{\"@type\":\"SearchAction\",\"target\":\"https:\/\/abrelivros.org.br\/site\/?s={search_term_string}\",\"query-input\":\"required name=search_term_string\"}],\"inLanguage\":\"pt-BR\"},{\"@type\":\"WebPage\",\"@id\":\"https:\/\/abrelivros.org.br\/site\/a-deterioracao-da-educacao-basica\/#webpage\",\"url\":\"https:\/\/abrelivros.org.br\/site\/a-deterioracao-da-educacao-basica\/\",\"name\":\"A deteriora\\u00e7\\u00e3o da educa\\u00e7\\u00e3o b\\u00e1sica &raquo; Abrelivros\",\"isPartOf\":{\"@id\":\"https:\/\/abrelivros.org.br\/site\/#website\"},\"datePublished\":\"2021-03-01T16:49:52+00:00\",\"dateModified\":\"2021-03-01T16:49:52+00:00\",\"author\":{\"@id\":\"https:\/\/abrelivros.org.br\/site\/#\/schema\/person\/65db80e26409802ce15ac5feec6a15fd\"},\"breadcrumb\":{\"@id\":\"https:\/\/abrelivros.org.br\/site\/a-deterioracao-da-educacao-basica\/#breadcrumb\"},\"inLanguage\":\"pt-BR\",\"potentialAction\":[{\"@type\":\"ReadAction\",\"target\":[\"https:\/\/abrelivros.org.br\/site\/a-deterioracao-da-educacao-basica\/\"]}]},{\"@type\":\"BreadcrumbList\",\"@id\":\"https:\/\/abrelivros.org.br\/site\/a-deterioracao-da-educacao-basica\/#breadcrumb\",\"itemListElement\":[{\"@type\":\"ListItem\",\"position\":1,\"item\":{\"@type\":\"WebPage\",\"@id\":\"https:\/\/abrelivros.org.br\/site\/\",\"url\":\"https:\/\/abrelivros.org.br\/site\/\",\"name\":\"In\\u00edcio\"}},{\"@type\":\"ListItem\",\"position\":2,\"item\":{\"@type\":\"WebPage\",\"@id\":\"https:\/\/abrelivros.org.br\/site\/category\/noticias\/\",\"url\":\"https:\/\/abrelivros.org.br\/site\/category\/noticias\/\",\"name\":\"Not\\u00edcias\"}},{\"@type\":\"ListItem\",\"position\":3,\"item\":{\"@type\":\"WebPage\",\"@id\":\"https:\/\/abrelivros.org.br\/site\/category\/noticias\/noticias-da-imprensa\/\",\"url\":\"https:\/\/abrelivros.org.br\/site\/category\/noticias\/noticias-da-imprensa\/\",\"name\":\"Not\\u00edcias da imprensa\"}},{\"@type\":\"ListItem\",\"position\":4,\"item\":{\"@type\":\"WebPage\",\"@id\":\"https:\/\/abrelivros.org.br\/site\/a-deterioracao-da-educacao-basica\/\",\"url\":\"https:\/\/abrelivros.org.br\/site\/a-deterioracao-da-educacao-basica\/\",\"name\":\"A deteriora\\u00e7\\u00e3o da educa\\u00e7\\u00e3o b\\u00e1sica\"}}]},{\"@type\":\"Person\",\"@id\":\"https:\/\/abrelivros.org.br\/site\/#\/schema\/person\/65db80e26409802ce15ac5feec6a15fd\",\"name\":\"Reda\\u00e7\\u00e3o Abrelivros\",\"image\":{\"@type\":\"ImageObject\",\"@id\":\"https:\/\/abrelivros.org.br\/site\/#personlogo\",\"inLanguage\":\"pt-BR\",\"url\":\"https:\/\/secure.gravatar.com\/avatar\/c4e57f9c7e3482965bd428192061218520756c39080b1d1820b679fa5e9af192?s=96&d=mm&r=g\",\"caption\":\"Reda\\u00e7\\u00e3o Abrelivros\"}}]}<\/script>\n<!-- \/ Yoast SEO plugin. -->","_links":{"self":[{"href":"https:\/\/abrelivros.org.br\/site\/wp-json\/wp\/v2\/posts\/13327","targetHints":{"allow":["GET"]}}],"collection":[{"href":"https:\/\/abrelivros.org.br\/site\/wp-json\/wp\/v2\/posts"}],"about":[{"href":"https:\/\/abrelivros.org.br\/site\/wp-json\/wp\/v2\/types\/post"}],"author":[{"embeddable":true,"href":"https:\/\/abrelivros.org.br\/site\/wp-json\/wp\/v2\/users\/4"}],"replies":[{"embeddable":true,"href":"https:\/\/abrelivros.org.br\/site\/wp-json\/wp\/v2\/comments?post=13327"}],"version-history":[{"count":1,"href":"https:\/\/abrelivros.org.br\/site\/wp-json\/wp\/v2\/posts\/13327\/revisions"}],"predecessor-version":[{"id":13328,"href":"https:\/\/abrelivros.org.br\/site\/wp-json\/wp\/v2\/posts\/13327\/revisions\/13328"}],"wp:attachment":[{"href":"https:\/\/abrelivros.org.br\/site\/wp-json\/wp\/v2\/media?parent=13327"}],"wp:term":[{"taxonomy":"category","embeddable":true,"href":"https:\/\/abrelivros.org.br\/site\/wp-json\/wp\/v2\/categories?post=13327"},{"taxonomy":"post_tag","embeddable":true,"href":"https:\/\/abrelivros.org.br\/site\/wp-json\/wp\/v2\/tags?post=13327"}],"curies":[{"name":"wp","href":"https:\/\/api.w.org\/{rel}","templated":true}]}}