{"id":13324,"date":"2021-03-01T13:44:17","date_gmt":"2021-03-01T16:44:17","guid":{"rendered":"https:\/\/abrelivros.org.br\/site\/?p=13324"},"modified":"2021-03-01T13:44:17","modified_gmt":"2021-03-01T16:44:17","slug":"secretario-de-regulacao-do-mec-danilo-dupas-e-o-novo-presidente-do-inep","status":"publish","type":"post","link":"https:\/\/abrelivros.org.br\/site\/secretario-de-regulacao-do-mec-danilo-dupas-e-o-novo-presidente-do-inep\/","title":{"rendered":"Secret\u00e1rio de Regula\u00e7\u00e3o do MEC, Danilo Dupas \u00e9 o novo presidente do  Inep"},"content":{"rendered":"<p>O ministro da Educa\u00e7\u00e3o, Milton Ribeiro, anunciou que o secret\u00e1rio de Regula\u00e7\u00e3o e Supervis\u00e3o da Educa\u00e7\u00e3o Superior, Danilo Dupas, ser\u00e1 o novo presidente do Inep (Instituto Nacional de Estudos e Pesquisas Educacionais An\u00edsio Teixeira), respons\u00e1vel pelo Enem (Exame Nacional do Ensino M\u00e9dio). Ele vai substituir Alexandre Lopes, exonerado hoje do cargo.<!--more--><\/p>\n<p>&#8220;Danilo \u00e9 um profissional t\u00e9cnico, mestre em Administra\u00e7\u00e3o, que atua no setor educacional h\u00e1 20 anos. Como Secret\u00e1rio da Seres, realizou um brilhante trabalho em apenas 6 meses, reconhecido e elogiado tanto pelo setor p\u00fablico como pelo privado&#8221;, escreveu Ribeiro em uma rede social.<\/p>\n<p>O posto de Dupas na Secretaria de Regula\u00e7\u00e3o ser\u00e1 ocupado pelo diretor da pasta, Paulo Almeida.<\/p>\n<p>Como Secret\u00e1rio da Seres, realizou um brilhante trabalho no MEC em apenas 6 meses, reconhecido e elogiado tanto pelo setor p\u00fablico como pelo privado. (2\/4)<\/p>\n<p>O novo presidente do Inep \u00e9 economista e especialista em Administra\u00e7\u00e3o de Neg\u00f3cios pela Universidade Presbiteriana Mackenzie, segundo informa seu curr\u00edculo Lattes. Antes de integrar o MEC, Dupas atuou no setor educacional por mais de 20 anos, tendo sido gerente administrativo do Fundo MackPesquisa, do Instituto Presbiteriano Mackenzie (IPM), nos \u00faltimos cinco.<\/p>\n<p>Ele tamb\u00e9m diz ter sido professor nas \u00e1reas de gest\u00e3o, planejamento e inova\u00e7\u00e3o e assistente de Desenvolvimento de Com\u00e9rcio Exterior na Secretaria de Desenvolvimento Econ\u00f4mico da prefeitura de Sorocaba, no interior de S\u00e3o Paulo.<\/p>\n<p><strong>Decis\u00e3o &#8220;administrativa&#8221;, diz MEC<\/strong><br \/>\nAssinada pelo ministro-chefe da Casa Civil, Walter Braga Netto, a exonera\u00e7\u00e3o de Alexandre Lopes foi uma decis\u00e3o administrativa, segundo o MEC. Em nota divulgada pela manh\u00e3, Milton Ribeiro tamb\u00e9m agradeceu ao agora ex-presidente pelo trabalho realizado \u00e0 frente do Inep.<\/p>\n<p>Lopes estava no comando do Inep desde maio de 2019. Ele foi o quarto presidente do instituto no governo de Jair Bolsonaro (sem partido), uma vez que tr\u00eas trocas foram realizadas nos primeiros cinco meses da gest\u00e3o.<\/p>\n<p>Antes dele, comandaram o Inep por um curto per\u00edodo Marcus Vinicius Rodrigues e Elmer Vicenzi. J\u00e1 Maria In\u00eas Fini, que ocupava o cargo no governo de Michel Temer (MDB), foi exonerada nos primeiros dias de janeiro de 2019.<\/p>\n","protected":false},"excerpt":{"rendered":"<p>O ministro da Educa\u00e7\u00e3o, Milton Ribeiro, anunciou que o secret\u00e1rio de Regula\u00e7\u00e3o e Supervis\u00e3o da Educa\u00e7\u00e3o Superior, Danilo Dupas, ser\u00e1 o novo presidente do Inep (Instituto Nacional de Estudos e Pesquisas Educacionais An\u00edsio Teixeira), respons\u00e1vel pelo Enem (Exame Nacional do Ensino M\u00e9dio). Ele vai substituir Alexandre Lopes, exonerado hoje do cargo.<\/p>\n","protected":false},"author":4,"featured_media":0,"comment_status":"closed","ping_status":"closed","sticky":false,"template":"","format":"standard","meta":{"footnotes":"","_links_to":"","_links_to_target":""},"categories":[9],"tags":[],"class_list":["post-13324","post","type-post","status-publish","format-standard","hentry","category-noticias-da-imprensa"],"yoast_head":"<!-- This site is optimized with the Yoast SEO plugin v15.1 - https:\/\/yoast.com\/wordpress\/plugins\/seo\/ -->\n<title>Secret\u00e1rio de Regula\u00e7\u00e3o do MEC, Danilo Dupas \u00e9 o novo presidente do Inep &raquo; Abrelivros<\/title>\n<meta name=\"robots\" content=\"index, follow, max-snippet:-1, max-image-preview:large, max-video-preview:-1\" \/>\n<link rel=\"canonical\" href=\"https:\/\/abrelivros.org.br\/site\/secretario-de-regulacao-do-mec-danilo-dupas-e-o-novo-presidente-do-inep\/\" \/>\n<meta property=\"og:locale\" content=\"pt_BR\" \/>\n<meta property=\"og:type\" content=\"article\" \/>\n<meta property=\"og:title\" content=\"Secret\u00e1rio de Regula\u00e7\u00e3o do MEC, Danilo Dupas \u00e9 o novo presidente do Inep &raquo; Abrelivros\" \/>\n<meta property=\"og:description\" content=\"O ministro da Educa\u00e7\u00e3o, Milton Ribeiro, anunciou que o secret\u00e1rio de Regula\u00e7\u00e3o e Supervis\u00e3o da Educa\u00e7\u00e3o Superior, Danilo Dupas, ser\u00e1 o novo presidente do Inep (Instituto Nacional de Estudos e Pesquisas Educacionais An\u00edsio Teixeira), respons\u00e1vel pelo Enem (Exame Nacional do Ensino M\u00e9dio). Ele vai substituir Alexandre Lopes, exonerado hoje do cargo.\" \/>\n<meta property=\"og:url\" content=\"https:\/\/abrelivros.org.br\/site\/secretario-de-regulacao-do-mec-danilo-dupas-e-o-novo-presidente-do-inep\/\" \/>\n<meta property=\"og:site_name\" content=\"Abrelivros\" \/>\n<meta property=\"article:published_time\" content=\"2021-03-01T16:44:17+00:00\" \/>\n<meta name=\"twitter:card\" content=\"summary_large_image\" \/>\n<script type=\"application\/ld+json\" class=\"yoast-schema-graph\">{\"@context\":\"https:\/\/schema.org\",\"@graph\":[{\"@type\":\"WebSite\",\"@id\":\"https:\/\/abrelivros.org.br\/site\/#website\",\"url\":\"https:\/\/abrelivros.org.br\/site\/\",\"name\":\"Abrelivros\",\"description\":\"\",\"potentialAction\":[{\"@type\":\"SearchAction\",\"target\":\"https:\/\/abrelivros.org.br\/site\/?s={search_term_string}\",\"query-input\":\"required name=search_term_string\"}],\"inLanguage\":\"pt-BR\"},{\"@type\":\"WebPage\",\"@id\":\"https:\/\/abrelivros.org.br\/site\/secretario-de-regulacao-do-mec-danilo-dupas-e-o-novo-presidente-do-inep\/#webpage\",\"url\":\"https:\/\/abrelivros.org.br\/site\/secretario-de-regulacao-do-mec-danilo-dupas-e-o-novo-presidente-do-inep\/\",\"name\":\"Secret\\u00e1rio de Regula\\u00e7\\u00e3o do MEC, Danilo Dupas \\u00e9 o novo presidente do Inep &raquo; Abrelivros\",\"isPartOf\":{\"@id\":\"https:\/\/abrelivros.org.br\/site\/#website\"},\"datePublished\":\"2021-03-01T16:44:17+00:00\",\"dateModified\":\"2021-03-01T16:44:17+00:00\",\"author\":{\"@id\":\"https:\/\/abrelivros.org.br\/site\/#\/schema\/person\/65db80e26409802ce15ac5feec6a15fd\"},\"breadcrumb\":{\"@id\":\"https:\/\/abrelivros.org.br\/site\/secretario-de-regulacao-do-mec-danilo-dupas-e-o-novo-presidente-do-inep\/#breadcrumb\"},\"inLanguage\":\"pt-BR\",\"potentialAction\":[{\"@type\":\"ReadAction\",\"target\":[\"https:\/\/abrelivros.org.br\/site\/secretario-de-regulacao-do-mec-danilo-dupas-e-o-novo-presidente-do-inep\/\"]}]},{\"@type\":\"BreadcrumbList\",\"@id\":\"https:\/\/abrelivros.org.br\/site\/secretario-de-regulacao-do-mec-danilo-dupas-e-o-novo-presidente-do-inep\/#breadcrumb\",\"itemListElement\":[{\"@type\":\"ListItem\",\"position\":1,\"item\":{\"@type\":\"WebPage\",\"@id\":\"https:\/\/abrelivros.org.br\/site\/\",\"url\":\"https:\/\/abrelivros.org.br\/site\/\",\"name\":\"In\\u00edcio\"}},{\"@type\":\"ListItem\",\"position\":2,\"item\":{\"@type\":\"WebPage\",\"@id\":\"https:\/\/abrelivros.org.br\/site\/category\/noticias\/\",\"url\":\"https:\/\/abrelivros.org.br\/site\/category\/noticias\/\",\"name\":\"Not\\u00edcias\"}},{\"@type\":\"ListItem\",\"position\":3,\"item\":{\"@type\":\"WebPage\",\"@id\":\"https:\/\/abrelivros.org.br\/site\/category\/noticias\/noticias-da-imprensa\/\",\"url\":\"https:\/\/abrelivros.org.br\/site\/category\/noticias\/noticias-da-imprensa\/\",\"name\":\"Not\\u00edcias da imprensa\"}},{\"@type\":\"ListItem\",\"position\":4,\"item\":{\"@type\":\"WebPage\",\"@id\":\"https:\/\/abrelivros.org.br\/site\/secretario-de-regulacao-do-mec-danilo-dupas-e-o-novo-presidente-do-inep\/\",\"url\":\"https:\/\/abrelivros.org.br\/site\/secretario-de-regulacao-do-mec-danilo-dupas-e-o-novo-presidente-do-inep\/\",\"name\":\"Secret\\u00e1rio de Regula\\u00e7\\u00e3o do MEC, Danilo Dupas \\u00e9 o novo presidente do Inep\"}}]},{\"@type\":\"Person\",\"@id\":\"https:\/\/abrelivros.org.br\/site\/#\/schema\/person\/65db80e26409802ce15ac5feec6a15fd\",\"name\":\"Reda\\u00e7\\u00e3o Abrelivros\",\"image\":{\"@type\":\"ImageObject\",\"@id\":\"https:\/\/abrelivros.org.br\/site\/#personlogo\",\"inLanguage\":\"pt-BR\",\"url\":\"https:\/\/secure.gravatar.com\/avatar\/c4e57f9c7e3482965bd428192061218520756c39080b1d1820b679fa5e9af192?s=96&d=mm&r=g\",\"caption\":\"Reda\\u00e7\\u00e3o Abrelivros\"}}]}<\/script>\n<!-- \/ Yoast SEO plugin. -->","_links":{"self":[{"href":"https:\/\/abrelivros.org.br\/site\/wp-json\/wp\/v2\/posts\/13324","targetHints":{"allow":["GET"]}}],"collection":[{"href":"https:\/\/abrelivros.org.br\/site\/wp-json\/wp\/v2\/posts"}],"about":[{"href":"https:\/\/abrelivros.org.br\/site\/wp-json\/wp\/v2\/types\/post"}],"author":[{"embeddable":true,"href":"https:\/\/abrelivros.org.br\/site\/wp-json\/wp\/v2\/users\/4"}],"replies":[{"embeddable":true,"href":"https:\/\/abrelivros.org.br\/site\/wp-json\/wp\/v2\/comments?post=13324"}],"version-history":[{"count":1,"href":"https:\/\/abrelivros.org.br\/site\/wp-json\/wp\/v2\/posts\/13324\/revisions"}],"predecessor-version":[{"id":13325,"href":"https:\/\/abrelivros.org.br\/site\/wp-json\/wp\/v2\/posts\/13324\/revisions\/13325"}],"wp:attachment":[{"href":"https:\/\/abrelivros.org.br\/site\/wp-json\/wp\/v2\/media?parent=13324"}],"wp:term":[{"taxonomy":"category","embeddable":true,"href":"https:\/\/abrelivros.org.br\/site\/wp-json\/wp\/v2\/categories?post=13324"},{"taxonomy":"post_tag","embeddable":true,"href":"https:\/\/abrelivros.org.br\/site\/wp-json\/wp\/v2\/tags?post=13324"}],"curies":[{"name":"wp","href":"https:\/\/api.w.org\/{rel}","templated":true}]}}