{"id":13321,"date":"2021-03-01T13:30:26","date_gmt":"2021-03-01T16:30:26","guid":{"rendered":"https:\/\/abrelivros.org.br\/site\/?p=13321"},"modified":"2021-03-01T13:30:51","modified_gmt":"2021-03-01T16:30:51","slug":"mais-de-60-mil-adultos-deixaram-de-estudar-durante-a-pandemia-em-sp","status":"publish","type":"post","link":"https:\/\/abrelivros.org.br\/site\/mais-de-60-mil-adultos-deixaram-de-estudar-durante-a-pandemia-em-sp\/","title":{"rendered":"Mais de 60 mil adultos deixaram de estudar durante a pandemia em SP"},"content":{"rendered":"<p>Aos 60 anos, Maria das Gra\u00e7as de Morais conquistou parte de um sonho, sentou pela primeira vez em uma carteira escolar para assistir aula. Sem nunca ter frequentado escola, seu maior desejo \u00e9 aprender a ler e escrever.<\/p>\n<p>Apesar de ter come\u00e7ado as aulas h\u00e1 menos de um m\u00eas, Maria das Gra\u00e7as j\u00e1 encontra <a href=\"https:\/\/www1.folha.uol.com.br\/educacao\/2020\/06\/escolas-temem-que-adultos-abandonem-estudos-apos-pandemia-do-coronavirus.shtml\" target=\"_blank\" rel=\"noopener noreferrer\">dificuldades para continuar estudando durante a pandemia<\/a>.<!--more--> Ela tem esbarrado nos mesmos empecilhos que, ao longo da crise do coronav\u00edrus, j\u00e1 tiraram ao menos 60 mil pessoas da EJA (Educa\u00e7\u00e3o de Jovens e Adultos) somente no estado de S\u00e3o Paulo.<\/p>\n<p><a href=\"https:\/\/www1.folha.uol.com.br\/educacao\/2019\/09\/aos-45-anos-educacao-de-adultos-em-colegio-de-sp-resiste-a-encolhimento-do-setor.shtml\" target=\"_blank\" rel=\"noopener noreferrer\">Historicamente marginalizada<\/a> pelas pol\u00edticas educacionais, essa modalidade de ensino ficou ainda mais fragilizada com a suspens\u00e3o das aulas presenciais e os efeitos econ\u00f4micos e sociais da pandemia nos alunos.<\/p>\n<p>S\u00f3 nas escolas estaduais, o n\u00famero de matr\u00edculas nesta etapa caiu 31% de janeiro do ano passado para o mesmo m\u00eas de 2021 \u2014com a sa\u00edda de 56,7 mil alunos. J\u00e1 nas escolas municipais da capital, a redu\u00e7\u00e3o foi de 7,4%, com a perda de 2,2 mil estudantes.<\/p>\n<p>O n\u00famero pode ser ainda maior j\u00e1 que a modalidade tamb\u00e9m \u00e9 ofertada em escolas municipais de outras cidades e, <a href=\"https:\/\/www1.folha.uol.com.br\/educacao\/2019\/09\/aos-45-anos-educacao-de-adultos-em-colegio-de-sp-resiste-a-encolhimento-do-setor.shtml\" target=\"_blank\" rel=\"noopener noreferrer\">em menor n\u00famero, na rede particular<\/a>.<\/p>\n<p>Maria das Gra\u00e7as est\u00e1 matriculada no col\u00e9gio Santa Maria, unidade privada na zona sul da capital, que oferta essa etapa de ensino gratuitamente. Ela conta ter esperado completar 60 anos para ter gratuidade no transporte p\u00fablico para chegar \u00e0 escola.<\/p>\n<p>No entanto, neste ano ela n\u00e3o teve direito ao benef\u00edcio, que foi <a href=\"https:\/\/agora.folha.uol.com.br\/sao-paulo\/2020\/12\/covas-e-doria-acabam-com-gratuidade-no-transporte-para-quem-tem-entre-60-e-64-anos.shtml\" target=\"_blank\" rel=\"noopener noreferrer\">cortado da popula\u00e7\u00e3o de 60 a 65 anos<\/a> pelo governador Jo\u00e3o Doria (PSDB) e pelo prefeito Bruno Covas (PSDB). Para n\u00e3o parar de estudar, ela tem feito a p\u00e9 o trajeto de sua casa at\u00e9 a escola.<\/p>\n<p>\u201cA passagem \u00e9 muito cara e n\u00e3o conseguiria pagar durante todo o m\u00eas. Eu e uma amiga, que tamb\u00e9m estuda l\u00e1, vamos a p\u00e9. \u00c9 uma caminhada de 1 hora e 10 minutos, n\u00f3s vamos conversando. O maior problema \u00e9 a volta j\u00e1 que as aulas terminam \u00e0s 22h30.\u201d<\/p>\n<p>Ela tenta conseguir o bilhete \u00fanico estudantil para ter gratuidade no \u00f4nibus. Enquanto n\u00e3o consegue, Maria das Gra\u00e7as conta com a ajuda da filha para pagar o transporte nos dias de chuva ou quando n\u00e3o tem a companhia da amiga para voltar da escola.<\/p>\n<p>\u201cN\u00e3o vou desistir, n\u00e3o tenho pregui\u00e7a. Pela primeira vez na vida, tenho apoio para estudar. Chegou a minha vez\u201d, conta. De uma fam\u00edlia de 7 filhos, ela come\u00e7ou a trabalhar na ro\u00e7a aos 6 anos no interior de Minas Gerais e nunca frequentou a escola.<\/p>\n<p>\u201cMeu sonho \u00e9 aprender a ler. A gente passa muita humilha\u00e7\u00e3o por n\u00e3o saber, tem que enxergar pelo olho do outro. Quero n\u00e3o depender de ningu\u00e9m para ir nos lugares, quero ter uma carteira assinada, um emprego bom.\u201d<\/p>\n<p>O col\u00e9gio Santa Maria registrou uma queda de 20% de alunos no EJA neste ano, cerca de 150 pessoas deixaram de estudar.<\/p>\n<p>Mais de 70% dos alunos dessa etapa no col\u00e9gio t\u00eam perfil semelhante ao de Maria das Gra\u00e7as. A maioria s\u00e3o mulheres, acima dos 50 anos e que sempre tiveram empregos informais \u2014grupo que tamb\u00e9m foi o mais afetado com a pandemia.<\/p>\n<p>\u201cOs alunos n\u00e3o pararam de estudar porque desistiram, mas pela falta de condi\u00e7\u00f5es financeiras. Muitos deles, at\u00e9 os mais velhos, tiveram que voltar a trabalhar ou n\u00e3o conseguem mais pagar a passagem de \u00f4nibus para vir at\u00e9 a escola\u201d, conta Maria Cec\u00edlia Ferraiol, diretora do col\u00e9gio.<\/p>\n<p>No col\u00e9gio Santa Cruz, na zona oeste da capital, a evas\u00e3o tamb\u00e9m alcan\u00e7ou 20% dos alunos. Fernando Frochtengarten, diretor da unidade, tamb\u00e9m avalia que a sa\u00edda se deve \u00e0 maior vulnerabilidade dos estudantes dessa etapa.<\/p>\n<p>Al\u00e9m dos problemas financeiros que surgiram durante a pandemia, a maioria n\u00e3o conseguiu acompanhar as atividades remotas por n\u00e3o ter equipamento e internet em casa e pela dificuldade de usar a tecnologia.<\/p>\n<p>\u201cA maior evas\u00e3o aconteceu entre alunos que estavam no ciclo da alfabetiza\u00e7\u00e3o, chegando a 30%, que \u00e9 onde est\u00e3o as pessoas mais velhas e mais vulner\u00e1veis. \u00c9 uma etapa que exige muita aproxima\u00e7\u00e3o do professor e foi muito dif\u00edcil fazer a adapta\u00e7\u00e3o para o ensino remoto.\u201d<\/p>\n<p>O col\u00e9gio avalia que parte dos alunos pode retornar quando as aulas presenciais para essa etapa voltarem a acontecer. No entanto, Frochtengarten diz que muitos j\u00e1 perderam o v\u00ednculo com a escola por mudan\u00e7as no trabalho e por conta da doen\u00e7a do coronav\u00edrus.<\/p>\n<p>\u201cA condi\u00e7\u00e3o social desses alunos nitidamente piorou. Temos casos de pessoas que se mudaram por n\u00e3o conseguir mais se sustentar em S\u00e3o Paulo, empregados dom\u00e9sticos que tiveram de viajar com os patr\u00f5es, precariza\u00e7\u00e3o das condi\u00e7\u00f5es de trabalho e quem se afastou por ter ficado doente ou ter de cuidar de parentes adoecidos\u201d, relata.<\/p>\n<p>Principal respons\u00e1vel pela oferta de EJA no estado, a Secretaria Estadual de Educa\u00e7\u00e3o diz que a redu\u00e7\u00e3o verificada entre janeiro do ano passado e o mesmo m\u00eas de 2021 ainda \u00e9 um dado preliminar. A pasta afirma que novas matr\u00edculas devem ocorrer at\u00e9 maio.<\/p>\n<p>Caetano Siqueira, que chefia a coordenadoria pedag\u00f3gica da pasta, diz que a queda verificada nas escolas estaduais foi mais acentuada entre alunos mais novos, de 19 a 22 anos. \u201c\u00c9 uma popula\u00e7\u00e3o mais jovem, que pode ter priorizado outras atividades durante a pandemia.\u201d<\/p>\n<p>Segundo ele, a secretaria deve intensificar nas pr\u00f3ximas semanas a veicula\u00e7\u00e3o de uma campanha de busca ativa para essa etapa, a\u00e7\u00e3o que j\u00e1 vinha sendo desenvolvida pelas escolas.<\/p>\n<p>Siqueira tamb\u00e9m disse que a pasta comprou neste ano livros did\u00e1ticos desenvolvidos especialmente para a EJA. O governo federal suspendeu a compra de obras espec\u00edficas para essa etapa em 2016 e, desde ent\u00e3o, S\u00e3o Paulo utiliza o material feito para alunos do ensino fundamental e m\u00e9dio com os adultos.<\/p>\n<p>A Prefeitura de S\u00e3o Paulo tamb\u00e9m diz que as escolas mant\u00eam campanha de busca ativa para que os alunos dessa etapa voltem a estudar, agora que as escolas reabriram. Segundo a Secretaria Municipal de Educa\u00e7\u00e3o, as unidades se esfor\u00e7aram para manter o contato pelas redes sociais e, em algumas delas, os professores foram at\u00e9 mesmo \u00e0 casa dos estudantes.<\/p>\n<p>Para professores e coordenadores de turmas de EJA, o aumento da evas\u00e3o n\u00e3o \u00e9 resultado apenas dos efeitos da pandemia, mas tamb\u00e9m do <a href=\"https:\/\/www1.folha.uol.com.br\/paywall\/login.shtml?https:\/\/www1.folha.uol.com.br\/educacao\/2016\/08\/1807993-escolas-do-antigo-ensino-supletivo-perdem-100-mil-alunos-por-ano.shtml\" target=\"_blank\" rel=\"noopener noreferrer\">abandono, que se repete h\u00e1 anos<\/a>, dessa etapa nas pol\u00edticas p\u00fablicas educacionais.<\/p>\n<p>Uma das primeiras a\u00e7\u00f5es do governo Jair Bolsonaro (sem partido) na educa\u00e7\u00e3o foi extinguir a Secadi, secretaria respons\u00e1vel por a\u00e7\u00f5es de desenvolvimento da EJA, no Minist\u00e9rio da Educa\u00e7\u00e3o.<\/p>\n<p>No governo Temer, o \u00fanico programa de alfabetiza\u00e7\u00e3o de adultos teve <a href=\"https:\/\/www1.folha.uol.com.br\/educacao\/2019\/07\/governo-corta-repasse-para-educacao-basica-e-esvazia-programas.shtml\" target=\"_blank\" rel=\"noopener noreferrer\">queda de repasses<\/a>. Desde 2016, o governo federal tamb\u00e9m deixou de comprar livros did\u00e1ticos e de ter pol\u00edticas de forma\u00e7\u00e3o de professores para atuar nessa etapa de ensino.<\/p>\n<p>Com esse cen\u00e1rio, as matr\u00edculas na EJA vem caindo ano a ano. De 2010 a 2019, a queda foi de 30%, passando de 4,2 milh\u00f5es para 3 milh\u00f5es de alunos. O <a href=\"https:\/\/www1.folha.uol.com.br\/educacao\/2020\/06\/negros-sao-717-dos-jovens-que-abandonam-a-escola-no-brasil.shtml\" target=\"_blank\" rel=\"noopener noreferrer\">p\u00fablico potencial<\/a> para essa etapa \u00e9 muito maior, j\u00e1 que o pa\u00eds tem <a href=\"https:\/\/www1.folha.uol.com.br\/educacao\/2019\/06\/quatro-anos-depois-brasil-ainda-nao-bateu-meta-de-alfabetizacao.shtml\" target=\"_blank\" rel=\"noopener noreferrer\">11 milh\u00f5es de pessoas<\/a> de 15 anos ou mais que n\u00e3o s\u00e3o capazes de ler e escrever nem ao menos um bilhete simples.<\/p>\n","protected":false},"excerpt":{"rendered":"<p>Aos 60 anos, Maria das Gra\u00e7as de Morais conquistou parte de um sonho, sentou pela primeira vez em uma carteira escolar para assistir aula. Sem nunca ter frequentado escola, seu maior desejo \u00e9 aprender a ler e escrever. Apesar de ter come\u00e7ado as aulas h\u00e1 menos de um m\u00eas, Maria das Gra\u00e7as j\u00e1 encontra dificuldades [&hellip;]<\/p>\n","protected":false},"author":4,"featured_media":0,"comment_status":"closed","ping_status":"closed","sticky":false,"template":"","format":"standard","meta":{"footnotes":"","_links_to":"","_links_to_target":""},"categories":[9],"tags":[],"class_list":["post-13321","post","type-post","status-publish","format-standard","hentry","category-noticias-da-imprensa"],"yoast_head":"<!-- This site is optimized with the Yoast SEO plugin v15.1 - https:\/\/yoast.com\/wordpress\/plugins\/seo\/ -->\n<title>Mais de 60 mil adultos deixaram de estudar durante a pandemia em SP &raquo; Abrelivros<\/title>\n<meta name=\"robots\" content=\"index, follow, max-snippet:-1, max-image-preview:large, max-video-preview:-1\" \/>\n<link rel=\"canonical\" href=\"https:\/\/abrelivros.org.br\/site\/mais-de-60-mil-adultos-deixaram-de-estudar-durante-a-pandemia-em-sp\/\" \/>\n<meta property=\"og:locale\" content=\"pt_BR\" \/>\n<meta property=\"og:type\" content=\"article\" \/>\n<meta property=\"og:title\" content=\"Mais de 60 mil adultos deixaram de estudar durante a pandemia em SP &raquo; Abrelivros\" \/>\n<meta property=\"og:description\" content=\"Aos 60 anos, Maria das Gra\u00e7as de Morais conquistou parte de um sonho, sentou pela primeira vez em uma carteira escolar para assistir aula. Sem nunca ter frequentado escola, seu maior desejo \u00e9 aprender a ler e escrever. Apesar de ter come\u00e7ado as aulas h\u00e1 menos de um m\u00eas, Maria das Gra\u00e7as j\u00e1 encontra dificuldades [&hellip;]\" \/>\n<meta property=\"og:url\" content=\"https:\/\/abrelivros.org.br\/site\/mais-de-60-mil-adultos-deixaram-de-estudar-durante-a-pandemia-em-sp\/\" \/>\n<meta property=\"og:site_name\" content=\"Abrelivros\" \/>\n<meta property=\"article:published_time\" content=\"2021-03-01T16:30:26+00:00\" \/>\n<meta property=\"article:modified_time\" content=\"2021-03-01T16:30:51+00:00\" \/>\n<meta name=\"twitter:card\" content=\"summary_large_image\" \/>\n<script type=\"application\/ld+json\" class=\"yoast-schema-graph\">{\"@context\":\"https:\/\/schema.org\",\"@graph\":[{\"@type\":\"WebSite\",\"@id\":\"https:\/\/abrelivros.org.br\/site\/#website\",\"url\":\"https:\/\/abrelivros.org.br\/site\/\",\"name\":\"Abrelivros\",\"description\":\"\",\"potentialAction\":[{\"@type\":\"SearchAction\",\"target\":\"https:\/\/abrelivros.org.br\/site\/?s={search_term_string}\",\"query-input\":\"required name=search_term_string\"}],\"inLanguage\":\"pt-BR\"},{\"@type\":\"WebPage\",\"@id\":\"https:\/\/abrelivros.org.br\/site\/mais-de-60-mil-adultos-deixaram-de-estudar-durante-a-pandemia-em-sp\/#webpage\",\"url\":\"https:\/\/abrelivros.org.br\/site\/mais-de-60-mil-adultos-deixaram-de-estudar-durante-a-pandemia-em-sp\/\",\"name\":\"Mais de 60 mil adultos deixaram de estudar durante a pandemia em SP &raquo; Abrelivros\",\"isPartOf\":{\"@id\":\"https:\/\/abrelivros.org.br\/site\/#website\"},\"datePublished\":\"2021-03-01T16:30:26+00:00\",\"dateModified\":\"2021-03-01T16:30:51+00:00\",\"author\":{\"@id\":\"https:\/\/abrelivros.org.br\/site\/#\/schema\/person\/65db80e26409802ce15ac5feec6a15fd\"},\"breadcrumb\":{\"@id\":\"https:\/\/abrelivros.org.br\/site\/mais-de-60-mil-adultos-deixaram-de-estudar-durante-a-pandemia-em-sp\/#breadcrumb\"},\"inLanguage\":\"pt-BR\",\"potentialAction\":[{\"@type\":\"ReadAction\",\"target\":[\"https:\/\/abrelivros.org.br\/site\/mais-de-60-mil-adultos-deixaram-de-estudar-durante-a-pandemia-em-sp\/\"]}]},{\"@type\":\"BreadcrumbList\",\"@id\":\"https:\/\/abrelivros.org.br\/site\/mais-de-60-mil-adultos-deixaram-de-estudar-durante-a-pandemia-em-sp\/#breadcrumb\",\"itemListElement\":[{\"@type\":\"ListItem\",\"position\":1,\"item\":{\"@type\":\"WebPage\",\"@id\":\"https:\/\/abrelivros.org.br\/site\/\",\"url\":\"https:\/\/abrelivros.org.br\/site\/\",\"name\":\"In\\u00edcio\"}},{\"@type\":\"ListItem\",\"position\":2,\"item\":{\"@type\":\"WebPage\",\"@id\":\"https:\/\/abrelivros.org.br\/site\/category\/noticias\/\",\"url\":\"https:\/\/abrelivros.org.br\/site\/category\/noticias\/\",\"name\":\"Not\\u00edcias\"}},{\"@type\":\"ListItem\",\"position\":3,\"item\":{\"@type\":\"WebPage\",\"@id\":\"https:\/\/abrelivros.org.br\/site\/category\/noticias\/noticias-da-imprensa\/\",\"url\":\"https:\/\/abrelivros.org.br\/site\/category\/noticias\/noticias-da-imprensa\/\",\"name\":\"Not\\u00edcias da imprensa\"}},{\"@type\":\"ListItem\",\"position\":4,\"item\":{\"@type\":\"WebPage\",\"@id\":\"https:\/\/abrelivros.org.br\/site\/mais-de-60-mil-adultos-deixaram-de-estudar-durante-a-pandemia-em-sp\/\",\"url\":\"https:\/\/abrelivros.org.br\/site\/mais-de-60-mil-adultos-deixaram-de-estudar-durante-a-pandemia-em-sp\/\",\"name\":\"Mais de 60 mil adultos deixaram de estudar durante a pandemia em SP\"}}]},{\"@type\":\"Person\",\"@id\":\"https:\/\/abrelivros.org.br\/site\/#\/schema\/person\/65db80e26409802ce15ac5feec6a15fd\",\"name\":\"Reda\\u00e7\\u00e3o Abrelivros\",\"image\":{\"@type\":\"ImageObject\",\"@id\":\"https:\/\/abrelivros.org.br\/site\/#personlogo\",\"inLanguage\":\"pt-BR\",\"url\":\"https:\/\/secure.gravatar.com\/avatar\/c4e57f9c7e3482965bd428192061218520756c39080b1d1820b679fa5e9af192?s=96&d=mm&r=g\",\"caption\":\"Reda\\u00e7\\u00e3o Abrelivros\"}}]}<\/script>\n<!-- \/ Yoast SEO plugin. -->","_links":{"self":[{"href":"https:\/\/abrelivros.org.br\/site\/wp-json\/wp\/v2\/posts\/13321","targetHints":{"allow":["GET"]}}],"collection":[{"href":"https:\/\/abrelivros.org.br\/site\/wp-json\/wp\/v2\/posts"}],"about":[{"href":"https:\/\/abrelivros.org.br\/site\/wp-json\/wp\/v2\/types\/post"}],"author":[{"embeddable":true,"href":"https:\/\/abrelivros.org.br\/site\/wp-json\/wp\/v2\/users\/4"}],"replies":[{"embeddable":true,"href":"https:\/\/abrelivros.org.br\/site\/wp-json\/wp\/v2\/comments?post=13321"}],"version-history":[{"count":2,"href":"https:\/\/abrelivros.org.br\/site\/wp-json\/wp\/v2\/posts\/13321\/revisions"}],"predecessor-version":[{"id":13323,"href":"https:\/\/abrelivros.org.br\/site\/wp-json\/wp\/v2\/posts\/13321\/revisions\/13323"}],"wp:attachment":[{"href":"https:\/\/abrelivros.org.br\/site\/wp-json\/wp\/v2\/media?parent=13321"}],"wp:term":[{"taxonomy":"category","embeddable":true,"href":"https:\/\/abrelivros.org.br\/site\/wp-json\/wp\/v2\/categories?post=13321"},{"taxonomy":"post_tag","embeddable":true,"href":"https:\/\/abrelivros.org.br\/site\/wp-json\/wp\/v2\/tags?post=13321"}],"curies":[{"name":"wp","href":"https:\/\/api.w.org\/{rel}","templated":true}]}}