{"id":13319,"date":"2021-03-01T13:19:41","date_gmt":"2021-03-01T16:19:41","guid":{"rendered":"https:\/\/abrelivros.org.br\/site\/?p=13319"},"modified":"2021-03-01T13:19:41","modified_gmt":"2021-03-01T16:19:41","slug":"apanhadao-o-crescimento-dos-clubes-de-assinaturas-de-livros","status":"publish","type":"post","link":"https:\/\/abrelivros.org.br\/site\/apanhadao-o-crescimento-dos-clubes-de-assinaturas-de-livros\/","title":{"rendered":"Apanhad\u00e3o: O crescimento dos clubes de assinaturas de livros"},"content":{"rendered":"<p>Os clubes de assinaturas de livros foram tema de uma mat\u00e9ria n\u2019<a href=\"https:\/\/oglobo.globo.com\/cultura\/livros\/clubes-de-livros-por-assinatura-se-segmentam-vao-de-feminismo-literatura-africana-24880698?utm_campaign=apanhadao_01032021_-_teste&amp;utm_medium=email&amp;utm_source=RD+Station\" target=\"_blank\" rel=\"noopener noreferrer\">O Globo<\/a>. De acordo com a Betalabs, consultoria especializada em e-commerce, os clubes por assinatura cresceram 60% no ano passado em rela\u00e7\u00e3o a 2019. Na primeira posi\u00e7\u00e3o, est\u00e3o os liter\u00e1rios, um tanto \u00e0 frente dos de bebidas (18%) e alimentos (17%). Entre os assinantes de clubes, mais da metade (55%) s\u00e3o jovens entre 18 e 34 anos.<!--more--> Em meio ao mar de \u201ccaixinhas\u201d com hist\u00f3rias saborosas e brindes exclusivos, editoras e livrarias apostam na segmenta\u00e7\u00e3o como diferencial, com clubes espec\u00edficos de literatura africana, feminista, cat\u00f3lica, e o que mais agradar o fregu\u00eas. Pensando no avan\u00e7o do modelo, a editora Bazar do Tempo prepara para mar\u00e7o o lan\u00e7amento de sua pr\u00f3pria caixinha, o Clube F. \u2013 um clube de leitura feminista, no qual todos os t\u00edtulos ser\u00e3o assinados por mulheres, brasileiras ou estrangeiras.<\/p>\n<p>Al\u00e9m dos clubes de assinaturas, os clubes de leitura tamb\u00e9m cresceram no \u00faltimo ano e t\u00eam ajudado os idosos a superar o isolamento da quarentena. O <a href=\"https:\/\/agora.folha.uol.com.br\/sao-paulo\/2021\/02\/clubes-de-leitura-virtuais-ajudam-idosos-a-superar-o-isolamento-da-quarentena.shtml?utm_campaign=apanhadao_01032021_-_teste&amp;utm_medium=email&amp;utm_source=RD+Station\" target=\"_blank\" rel=\"noopener noreferrer\">Agora S\u00e3o Paulo<\/a> entrevistou alguns idosos que acharam nos clubes uma maneira de enfrentar a solid\u00e3o. A assistente social Angela Grij\u00f3, 71, \u00e9 um exemplo: da quase depress\u00e3o no in\u00edcio da pandemia, ela reencontrou o amor pela leitura em outubro e, desde ent\u00e3o, j\u00e1 leu cerca de 20 t\u00edtulos.<\/p>\n<p>A nova livraria Oju Ob\u00e1 foi assunto na coluna <a href=\"https:\/\/cultura.estadao.com.br\/blogs\/p-de-pop\/na-letra-do-axe-oju-oba-a-livraria-da-inclusao\/?utm_campaign=apanhadao_01032021_-_teste&amp;utm_medium=email&amp;utm_source=RD+Station\" target=\"_blank\" rel=\"noopener noreferrer\">P de Pop<\/a> do Estad\u00e3o. Fundada por Elaine Marcelina e sua filha Anna Gomes, a livraria se encontra fora do eixo Zona Sul\/Centro do Rio de Janeiro e nasceu com o objetivo de dar voz a escribas da prosa e da poesia, com destaque para quem est\u00e1 refletindo a inclus\u00e3o racial. Operando tamb\u00e9m no on-line (podendo ser acessada via ojuobalivraria@gmail.com ou no whatsapp (21) 98309-3648), a livraria fica na Rua Alfredo Pessoa, 85, apt. 201, Campo Grande, Rio de Janeiro. A coluna traz ainda uma pequena entrevista com Elaine.<\/p>\n<p>\u00c2ngelo Xavier, presidente da Associa\u00e7\u00e3o Brasileira de Editores e Produtores de Conte\u00fado e Tecnologia Educacional (Abrelivros), assina artigo no <a href=\"https:\/\/politica.estadao.com.br\/blogs\/fausto-macedo\/livro-didatico-e-transformacao-social\/\" target=\"_blank\" rel=\"noopener noreferrer\">Estad\u00e3o<\/a> defendendo o livro did\u00e1tico como elemento de transforma\u00e7\u00e3o social, sobretudo nesse momento em que se implementa o novo Ensino M\u00e9dio. &#8220;O Brasil realiza essa reforma estrutural com o apoio de uma ind\u00fastria editorial capaz de atender a tamanho desafio, e que nos \u00faltimos anos aprimorou ainda mais seus conte\u00fados. N\u00e3o podemos mais falar em um produto somente f\u00edsico, mas sim em conte\u00fado did\u00e1tico, que pode ser adaptado a diversos tipos de plataformas tecnol\u00f3gicas. Esta ind\u00fastria possui equipes altamente qualificadas, que al\u00e9m dos autores incluem profissionais como editores, revisores, diagramadores, especialistas em tecnologia da educa\u00e7\u00e3o e profissionais de iconografia&#8221;, diz o executivo.<\/p>\n<p>Na <a href=\"https:\/\/cultura.estadao.com.br\/blogs\/babel\/um-livro-por-semana-44-sacrificio-apague-a-luz-se-for-chorar\/?utm_campaign=apanhadao_01032021_-_teste&amp;utm_medium=email&amp;utm_source=RD+Station\" target=\"_blank\" rel=\"noopener noreferrer\">coluna da Babel<\/a>, destaque para o prelo das editoras. Elas marchavam sob o Sol \u00e9 o t\u00edtulo do segundo romance de Cristina Judar, vencedora do Pr\u00eamio S\u00e3o Paulo 2018. O livro sai em abril pela Dublinense e intercala a hist\u00f3ria de duas jovens \u00e0s v\u00e9speras dos 18 anos. E em julho, a N\u00f3s publica La vraie vie, livro de estreia da belga Adeline Dieudonn\u00e9. A obra \u00e9 narrada por uma adolescente que vive num condom\u00ednio de classe m\u00e9dia nos anos 70 e gira em torno de uma fam\u00edlia cheia de conflitos.<\/p>\n<p>Prelo tamb\u00e9m na <a href=\"https:\/\/www1.folha.uol.com.br\/colunas\/walter-porto\/2021\/02\/livros-ineditos-de-walter-benjamin-e-fran-lebowitz-chegam-ao-brasil-em-breve.shtml?utm_campaign=apanhadao_01032021_-_teste&amp;utm_medium=email&amp;utm_source=RD+Station\" target=\"_blank\" rel=\"noopener noreferrer\">Painel das Letras<\/a>. A editora catarinense Nave publica uma obra de Walter Benjamin que ainda permanecia in\u00e9dita em portugu\u00eas. Gente alem\u00e3, publicado sob pseud\u00f4nimo na \u00e9poca da Alemanha nazista, traz coment\u00e1rios do autor a correspond\u00eancias de nomes c\u00e9lebres como Nietzche, Goethe e Kant. A Todavia vai lan\u00e7ar um volume in\u00e9dito de textos de Fran Lebowitz, escritora de Nova York que fez sucesso ao lado de Martin Scorsese na s\u00e9rie documental Faz de conta que NY \u00e9 uma cidade, da Netflix. A Companhia das Letras lan\u00e7a em abril o pr\u00f3ximo romance de Aline Bei, Pequena coreografia do adeus e a ga\u00facha J\u00falia Dantas \u00e9 a primeira autora brasileira no cat\u00e1logo da editora DBA. Em seu segundo romance, a escritora e jornalista parte do olhar de um jovem e desiludido porteiro para discutir assuntos como sexualidade e rela\u00e7\u00f5es entre pais e filhos.<\/p>\n<p>Ainda na coluna, nos dez anos da Flup, a Festa Liter\u00e1ria das Periferias, o festival fez uma parceria com a editora Bazar do Tempo para lan\u00e7ar uma s\u00e9rie de livros, come\u00e7ando em abril. O primeiro, Carolinas, organizado por Julio Ludemir, busca apresentar uma nova gera\u00e7\u00e3o de escritoras negras, com textos gestados em oficinas sob orienta\u00e7\u00e3o de escritores como Itamar Vieira Junior e Eliana Alves Cruz.<\/p>\n<p>E \u00c2ngelo Xavier, presidente da Abrelivros, escreveu um artigo para o <a href=\"https:\/\/politica.estadao.com.br\/blogs\/fausto-macedo\/livro-didatico-e-transformacao-social\/\" target=\"_blank\" rel=\"noopener noreferrer\">Estad\u00e3o<\/a> sobre o livro did\u00e1tico e transforma\u00e7\u00e3o social.<\/p>\n","protected":false},"excerpt":{"rendered":"<p>Os clubes de assinaturas de livros foram tema de uma mat\u00e9ria n\u2019O Globo. De acordo com a Betalabs, consultoria especializada em e-commerce, os clubes por assinatura cresceram 60% no ano passado em rela\u00e7\u00e3o a 2019. Na primeira posi\u00e7\u00e3o, est\u00e3o os liter\u00e1rios, um tanto \u00e0 frente dos de bebidas (18%) e alimentos (17%). Entre os assinantes [&hellip;]<\/p>\n","protected":false},"author":4,"featured_media":0,"comment_status":"closed","ping_status":"closed","sticky":false,"template":"","format":"standard","meta":{"footnotes":"","_links_to":"","_links_to_target":""},"categories":[9],"tags":[],"class_list":["post-13319","post","type-post","status-publish","format-standard","hentry","category-noticias-da-imprensa"],"yoast_head":"<!-- This site is optimized with the Yoast SEO plugin v15.1 - https:\/\/yoast.com\/wordpress\/plugins\/seo\/ -->\n<title>Apanhad\u00e3o: O crescimento dos clubes de assinaturas de livros &raquo; Abrelivros<\/title>\n<meta name=\"robots\" content=\"index, follow, max-snippet:-1, max-image-preview:large, max-video-preview:-1\" \/>\n<link rel=\"canonical\" href=\"https:\/\/abrelivros.org.br\/site\/apanhadao-o-crescimento-dos-clubes-de-assinaturas-de-livros\/\" \/>\n<meta property=\"og:locale\" content=\"pt_BR\" \/>\n<meta property=\"og:type\" content=\"article\" \/>\n<meta property=\"og:title\" content=\"Apanhad\u00e3o: O crescimento dos clubes de assinaturas de livros &raquo; Abrelivros\" \/>\n<meta property=\"og:description\" content=\"Os clubes de assinaturas de livros foram tema de uma mat\u00e9ria n\u2019O Globo. De acordo com a Betalabs, consultoria especializada em e-commerce, os clubes por assinatura cresceram 60% no ano passado em rela\u00e7\u00e3o a 2019. Na primeira posi\u00e7\u00e3o, est\u00e3o os liter\u00e1rios, um tanto \u00e0 frente dos de bebidas (18%) e alimentos (17%). Entre os assinantes [&hellip;]\" \/>\n<meta property=\"og:url\" content=\"https:\/\/abrelivros.org.br\/site\/apanhadao-o-crescimento-dos-clubes-de-assinaturas-de-livros\/\" \/>\n<meta property=\"og:site_name\" content=\"Abrelivros\" \/>\n<meta property=\"article:published_time\" content=\"2021-03-01T16:19:41+00:00\" \/>\n<meta name=\"twitter:card\" content=\"summary_large_image\" \/>\n<script type=\"application\/ld+json\" class=\"yoast-schema-graph\">{\"@context\":\"https:\/\/schema.org\",\"@graph\":[{\"@type\":\"WebSite\",\"@id\":\"https:\/\/abrelivros.org.br\/site\/#website\",\"url\":\"https:\/\/abrelivros.org.br\/site\/\",\"name\":\"Abrelivros\",\"description\":\"\",\"potentialAction\":[{\"@type\":\"SearchAction\",\"target\":\"https:\/\/abrelivros.org.br\/site\/?s={search_term_string}\",\"query-input\":\"required name=search_term_string\"}],\"inLanguage\":\"pt-BR\"},{\"@type\":\"WebPage\",\"@id\":\"https:\/\/abrelivros.org.br\/site\/apanhadao-o-crescimento-dos-clubes-de-assinaturas-de-livros\/#webpage\",\"url\":\"https:\/\/abrelivros.org.br\/site\/apanhadao-o-crescimento-dos-clubes-de-assinaturas-de-livros\/\",\"name\":\"Apanhad\\u00e3o: O crescimento dos clubes de assinaturas de livros &raquo; Abrelivros\",\"isPartOf\":{\"@id\":\"https:\/\/abrelivros.org.br\/site\/#website\"},\"datePublished\":\"2021-03-01T16:19:41+00:00\",\"dateModified\":\"2021-03-01T16:19:41+00:00\",\"author\":{\"@id\":\"https:\/\/abrelivros.org.br\/site\/#\/schema\/person\/65db80e26409802ce15ac5feec6a15fd\"},\"breadcrumb\":{\"@id\":\"https:\/\/abrelivros.org.br\/site\/apanhadao-o-crescimento-dos-clubes-de-assinaturas-de-livros\/#breadcrumb\"},\"inLanguage\":\"pt-BR\",\"potentialAction\":[{\"@type\":\"ReadAction\",\"target\":[\"https:\/\/abrelivros.org.br\/site\/apanhadao-o-crescimento-dos-clubes-de-assinaturas-de-livros\/\"]}]},{\"@type\":\"BreadcrumbList\",\"@id\":\"https:\/\/abrelivros.org.br\/site\/apanhadao-o-crescimento-dos-clubes-de-assinaturas-de-livros\/#breadcrumb\",\"itemListElement\":[{\"@type\":\"ListItem\",\"position\":1,\"item\":{\"@type\":\"WebPage\",\"@id\":\"https:\/\/abrelivros.org.br\/site\/\",\"url\":\"https:\/\/abrelivros.org.br\/site\/\",\"name\":\"In\\u00edcio\"}},{\"@type\":\"ListItem\",\"position\":2,\"item\":{\"@type\":\"WebPage\",\"@id\":\"https:\/\/abrelivros.org.br\/site\/category\/noticias\/\",\"url\":\"https:\/\/abrelivros.org.br\/site\/category\/noticias\/\",\"name\":\"Not\\u00edcias\"}},{\"@type\":\"ListItem\",\"position\":3,\"item\":{\"@type\":\"WebPage\",\"@id\":\"https:\/\/abrelivros.org.br\/site\/category\/noticias\/noticias-da-imprensa\/\",\"url\":\"https:\/\/abrelivros.org.br\/site\/category\/noticias\/noticias-da-imprensa\/\",\"name\":\"Not\\u00edcias da imprensa\"}},{\"@type\":\"ListItem\",\"position\":4,\"item\":{\"@type\":\"WebPage\",\"@id\":\"https:\/\/abrelivros.org.br\/site\/apanhadao-o-crescimento-dos-clubes-de-assinaturas-de-livros\/\",\"url\":\"https:\/\/abrelivros.org.br\/site\/apanhadao-o-crescimento-dos-clubes-de-assinaturas-de-livros\/\",\"name\":\"Apanhad\\u00e3o: O crescimento dos clubes de assinaturas de livros\"}}]},{\"@type\":\"Person\",\"@id\":\"https:\/\/abrelivros.org.br\/site\/#\/schema\/person\/65db80e26409802ce15ac5feec6a15fd\",\"name\":\"Reda\\u00e7\\u00e3o Abrelivros\",\"image\":{\"@type\":\"ImageObject\",\"@id\":\"https:\/\/abrelivros.org.br\/site\/#personlogo\",\"inLanguage\":\"pt-BR\",\"url\":\"https:\/\/secure.gravatar.com\/avatar\/c4e57f9c7e3482965bd428192061218520756c39080b1d1820b679fa5e9af192?s=96&d=mm&r=g\",\"caption\":\"Reda\\u00e7\\u00e3o Abrelivros\"}}]}<\/script>\n<!-- \/ Yoast SEO plugin. -->","_links":{"self":[{"href":"https:\/\/abrelivros.org.br\/site\/wp-json\/wp\/v2\/posts\/13319","targetHints":{"allow":["GET"]}}],"collection":[{"href":"https:\/\/abrelivros.org.br\/site\/wp-json\/wp\/v2\/posts"}],"about":[{"href":"https:\/\/abrelivros.org.br\/site\/wp-json\/wp\/v2\/types\/post"}],"author":[{"embeddable":true,"href":"https:\/\/abrelivros.org.br\/site\/wp-json\/wp\/v2\/users\/4"}],"replies":[{"embeddable":true,"href":"https:\/\/abrelivros.org.br\/site\/wp-json\/wp\/v2\/comments?post=13319"}],"version-history":[{"count":1,"href":"https:\/\/abrelivros.org.br\/site\/wp-json\/wp\/v2\/posts\/13319\/revisions"}],"predecessor-version":[{"id":13320,"href":"https:\/\/abrelivros.org.br\/site\/wp-json\/wp\/v2\/posts\/13319\/revisions\/13320"}],"wp:attachment":[{"href":"https:\/\/abrelivros.org.br\/site\/wp-json\/wp\/v2\/media?parent=13319"}],"wp:term":[{"taxonomy":"category","embeddable":true,"href":"https:\/\/abrelivros.org.br\/site\/wp-json\/wp\/v2\/categories?post=13319"},{"taxonomy":"post_tag","embeddable":true,"href":"https:\/\/abrelivros.org.br\/site\/wp-json\/wp\/v2\/tags?post=13319"}],"curies":[{"name":"wp","href":"https:\/\/api.w.org\/{rel}","templated":true}]}}