{"id":13317,"date":"2021-03-01T13:06:23","date_gmt":"2021-03-01T16:06:23","guid":{"rendered":"https:\/\/abrelivros.org.br\/site\/?p=13317"},"modified":"2021-03-01T13:06:23","modified_gmt":"2021-03-01T16:06:23","slug":"dia-nacional-do-livro-didatico-2","status":"publish","type":"post","link":"https:\/\/abrelivros.org.br\/site\/dia-nacional-do-livro-didatico-2\/","title":{"rendered":"Dia Nacional do Livro Did\u00e1tico"},"content":{"rendered":"<p>Neste dia, o MEC refor\u00e7a seu compromisso de n\u00e3o poupar esfor\u00e7os a fim de que educandos e professores da rede p\u00fablica de ensino tenham acesso a livros e materiais did\u00e1ticos de alta qualidade<\/p>\n<p>Neste s\u00e1bado (27), comemora-se o Dia Nacional do Livro Did\u00e1tico. Trata-se de uma homenagem a um dos mais importantes recursos utilizados na forma\u00e7\u00e3o educacional de estudantes de todo o pa\u00eds.<!--more--> Anualmente, o Minist\u00e9rio da Educa\u00e7\u00e3o (MEC) investe R$ 1,9 bilh\u00e3o em obras did\u00e1ticas.<\/p>\n<p>O Programa Nacional do Livro e do Material Did\u00e1tico (PNLD) consiste em um conjunto de a\u00e7\u00f5es voltadas \u00e0 distribui\u00e7\u00e3o de obras did\u00e1ticas, pedag\u00f3gicas e liter\u00e1rias, al\u00e9m de outros materiais de apoio \u00e0 pr\u00e1tica educativa, cujo p\u00fablico-alvo s\u00e3o os estudantes e os professores das escolas p\u00fablicas da educa\u00e7\u00e3o b\u00e1sica. A cada ano, s\u00e3o distribu\u00eddos cerca de 150 milh\u00f5es de livros did\u00e1ticos para mais de 140 mil escolas brasileiras. Essa a\u00e7\u00e3o beneficia 40 milh\u00f5es de estudantes da rede p\u00fablica de ensino.<\/p>\n<p>Nos \u00faltimos editais, o escopo do PNLD foi ampliado, possibilitando a inclus\u00e3o de outros materiais de apoio \u00e0 pr\u00e1tica educativa, para al\u00e9m das obras did\u00e1ticas e liter\u00e1rias: obras pedag\u00f3gicas, softwarese jogos educacionais, materiais de refor\u00e7o e corre\u00e7\u00e3o de fluxo, materiais de forma\u00e7\u00e3o e materiais destinados \u00e0 gest\u00e3o escolar, por exemplo.<\/p>\n<p>Ainda por meio do PNLD, o MEC busca melhorar o desempenho acad\u00eamico de nossos estudantes, disponibilizando obras cuja efic\u00e1cia seja respaldada por evid\u00eancias cient\u00edficas.<\/p>\n<p>Neste dia, o MEC refor\u00e7a seu compromisso de n\u00e3o poupar esfor\u00e7os a fim de que educandos e professores da rede p\u00fablica de ensino tenham acesso a livros e materiais did\u00e1ticos de alta qualidade.<\/p>\n","protected":false},"excerpt":{"rendered":"<p>Neste dia, o MEC refor\u00e7a seu compromisso de n\u00e3o poupar esfor\u00e7os a fim de que educandos e professores da rede p\u00fablica de ensino tenham acesso a livros e materiais did\u00e1ticos de alta qualidade Neste s\u00e1bado (27), comemora-se o Dia Nacional do Livro Did\u00e1tico. Trata-se de uma homenagem a um dos mais importantes recursos utilizados na [&hellip;]<\/p>\n","protected":false},"author":4,"featured_media":0,"comment_status":"closed","ping_status":"closed","sticky":false,"template":"","format":"standard","meta":{"footnotes":"","_links_to":"","_links_to_target":""},"categories":[9,10],"tags":[],"class_list":["post-13317","post","type-post","status-publish","format-standard","hentry","category-noticias-da-imprensa","category-pnld-programa-nacional-do-livro-e-do-material-didatico"],"yoast_head":"<!-- This site is optimized with the Yoast SEO plugin v15.1 - https:\/\/yoast.com\/wordpress\/plugins\/seo\/ -->\n<title>Dia Nacional do Livro Did\u00e1tico &raquo; Abrelivros<\/title>\n<meta name=\"robots\" content=\"index, follow, max-snippet:-1, max-image-preview:large, max-video-preview:-1\" \/>\n<link rel=\"canonical\" href=\"https:\/\/abrelivros.org.br\/site\/dia-nacional-do-livro-didatico-2\/\" \/>\n<meta property=\"og:locale\" content=\"pt_BR\" \/>\n<meta property=\"og:type\" content=\"article\" \/>\n<meta property=\"og:title\" content=\"Dia Nacional do Livro Did\u00e1tico &raquo; Abrelivros\" \/>\n<meta property=\"og:description\" content=\"Neste dia, o MEC refor\u00e7a seu compromisso de n\u00e3o poupar esfor\u00e7os a fim de que educandos e professores da rede p\u00fablica de ensino tenham acesso a livros e materiais did\u00e1ticos de alta qualidade Neste s\u00e1bado (27), comemora-se o Dia Nacional do Livro Did\u00e1tico. Trata-se de uma homenagem a um dos mais importantes recursos utilizados na [&hellip;]\" \/>\n<meta property=\"og:url\" content=\"https:\/\/abrelivros.org.br\/site\/dia-nacional-do-livro-didatico-2\/\" \/>\n<meta property=\"og:site_name\" content=\"Abrelivros\" \/>\n<meta property=\"article:published_time\" content=\"2021-03-01T16:06:23+00:00\" \/>\n<meta name=\"twitter:card\" content=\"summary_large_image\" \/>\n<script type=\"application\/ld+json\" class=\"yoast-schema-graph\">{\"@context\":\"https:\/\/schema.org\",\"@graph\":[{\"@type\":\"WebSite\",\"@id\":\"https:\/\/abrelivros.org.br\/site\/#website\",\"url\":\"https:\/\/abrelivros.org.br\/site\/\",\"name\":\"Abrelivros\",\"description\":\"\",\"potentialAction\":[{\"@type\":\"SearchAction\",\"target\":\"https:\/\/abrelivros.org.br\/site\/?s={search_term_string}\",\"query-input\":\"required name=search_term_string\"}],\"inLanguage\":\"pt-BR\"},{\"@type\":\"WebPage\",\"@id\":\"https:\/\/abrelivros.org.br\/site\/dia-nacional-do-livro-didatico-2\/#webpage\",\"url\":\"https:\/\/abrelivros.org.br\/site\/dia-nacional-do-livro-didatico-2\/\",\"name\":\"Dia Nacional do Livro Did\\u00e1tico &raquo; Abrelivros\",\"isPartOf\":{\"@id\":\"https:\/\/abrelivros.org.br\/site\/#website\"},\"datePublished\":\"2021-03-01T16:06:23+00:00\",\"dateModified\":\"2021-03-01T16:06:23+00:00\",\"author\":{\"@id\":\"https:\/\/abrelivros.org.br\/site\/#\/schema\/person\/65db80e26409802ce15ac5feec6a15fd\"},\"breadcrumb\":{\"@id\":\"https:\/\/abrelivros.org.br\/site\/dia-nacional-do-livro-didatico-2\/#breadcrumb\"},\"inLanguage\":\"pt-BR\",\"potentialAction\":[{\"@type\":\"ReadAction\",\"target\":[\"https:\/\/abrelivros.org.br\/site\/dia-nacional-do-livro-didatico-2\/\"]}]},{\"@type\":\"BreadcrumbList\",\"@id\":\"https:\/\/abrelivros.org.br\/site\/dia-nacional-do-livro-didatico-2\/#breadcrumb\",\"itemListElement\":[{\"@type\":\"ListItem\",\"position\":1,\"item\":{\"@type\":\"WebPage\",\"@id\":\"https:\/\/abrelivros.org.br\/site\/\",\"url\":\"https:\/\/abrelivros.org.br\/site\/\",\"name\":\"In\\u00edcio\"}},{\"@type\":\"ListItem\",\"position\":2,\"item\":{\"@type\":\"WebPage\",\"@id\":\"https:\/\/abrelivros.org.br\/site\/category\/noticias\/\",\"url\":\"https:\/\/abrelivros.org.br\/site\/category\/noticias\/\",\"name\":\"Not\\u00edcias\"}},{\"@type\":\"ListItem\",\"position\":3,\"item\":{\"@type\":\"WebPage\",\"@id\":\"https:\/\/abrelivros.org.br\/site\/category\/noticias\/noticias-da-imprensa\/\",\"url\":\"https:\/\/abrelivros.org.br\/site\/category\/noticias\/noticias-da-imprensa\/\",\"name\":\"Not\\u00edcias da imprensa\"}},{\"@type\":\"ListItem\",\"position\":4,\"item\":{\"@type\":\"WebPage\",\"@id\":\"https:\/\/abrelivros.org.br\/site\/dia-nacional-do-livro-didatico-2\/\",\"url\":\"https:\/\/abrelivros.org.br\/site\/dia-nacional-do-livro-didatico-2\/\",\"name\":\"Dia Nacional do Livro Did\\u00e1tico\"}}]},{\"@type\":\"Person\",\"@id\":\"https:\/\/abrelivros.org.br\/site\/#\/schema\/person\/65db80e26409802ce15ac5feec6a15fd\",\"name\":\"Reda\\u00e7\\u00e3o Abrelivros\",\"image\":{\"@type\":\"ImageObject\",\"@id\":\"https:\/\/abrelivros.org.br\/site\/#personlogo\",\"inLanguage\":\"pt-BR\",\"url\":\"https:\/\/secure.gravatar.com\/avatar\/c4e57f9c7e3482965bd428192061218520756c39080b1d1820b679fa5e9af192?s=96&d=mm&r=g\",\"caption\":\"Reda\\u00e7\\u00e3o Abrelivros\"}}]}<\/script>\n<!-- \/ Yoast SEO plugin. -->","_links":{"self":[{"href":"https:\/\/abrelivros.org.br\/site\/wp-json\/wp\/v2\/posts\/13317","targetHints":{"allow":["GET"]}}],"collection":[{"href":"https:\/\/abrelivros.org.br\/site\/wp-json\/wp\/v2\/posts"}],"about":[{"href":"https:\/\/abrelivros.org.br\/site\/wp-json\/wp\/v2\/types\/post"}],"author":[{"embeddable":true,"href":"https:\/\/abrelivros.org.br\/site\/wp-json\/wp\/v2\/users\/4"}],"replies":[{"embeddable":true,"href":"https:\/\/abrelivros.org.br\/site\/wp-json\/wp\/v2\/comments?post=13317"}],"version-history":[{"count":1,"href":"https:\/\/abrelivros.org.br\/site\/wp-json\/wp\/v2\/posts\/13317\/revisions"}],"predecessor-version":[{"id":13318,"href":"https:\/\/abrelivros.org.br\/site\/wp-json\/wp\/v2\/posts\/13317\/revisions\/13318"}],"wp:attachment":[{"href":"https:\/\/abrelivros.org.br\/site\/wp-json\/wp\/v2\/media?parent=13317"}],"wp:term":[{"taxonomy":"category","embeddable":true,"href":"https:\/\/abrelivros.org.br\/site\/wp-json\/wp\/v2\/categories?post=13317"},{"taxonomy":"post_tag","embeddable":true,"href":"https:\/\/abrelivros.org.br\/site\/wp-json\/wp\/v2\/tags?post=13317"}],"curies":[{"name":"wp","href":"https:\/\/api.w.org\/{rel}","templated":true}]}}