{"id":13315,"date":"2021-03-01T13:02:54","date_gmt":"2021-03-01T16:02:54","guid":{"rendered":"https:\/\/abrelivros.org.br\/site\/?p=13315"},"modified":"2021-03-01T13:02:54","modified_gmt":"2021-03-01T16:02:54","slug":"pesquisa-producao-e-vendas-do-setor-editorial-brasileiro-termina-dia-21-de-marco","status":"publish","type":"post","link":"https:\/\/abrelivros.org.br\/site\/pesquisa-producao-e-vendas-do-setor-editorial-brasileiro-termina-dia-21-de-marco\/","title":{"rendered":"Pesquisa Produ\u00e7\u00e3o e Vendas do Setor Editorial Brasileiro Termina dia 21 de Mar\u00e7o"},"content":{"rendered":"<p>A C\u00e2mara Brasileira do Livro (CBL), o Sindicato Nacional dos Editores de Livros (SNEL) e a Nielsen Book contam com a sua participa\u00e7\u00e3o!<\/p>\n<p>Muitas editoras j\u00e1 enviaram respostas, mas para que haja uma ades\u00e3o ainda maior, as entidades ampliaram para at\u00e9 o dia 21 de mar\u00e7o o prazo para conclus\u00e3o da Pesquisa Produ\u00e7\u00e3o e Vendas do Setor Editorial Brasileiro (ano-base 2020).<!--more--> N\u00e3o perca essa oportunidade de contribuir com o principal estudo sobre o mercado editorial brasileiro!<\/p>\n<p>Vale lembrar que o question\u00e1rio foi lan\u00e7ado no dia 15 de janeiro e ele n\u00e3o precisa ser respondido de uma \u00fanica vez. Os dados j\u00e1 inseridos s\u00e3o salvos automaticamente e o usu\u00e1rio pode retomar de onde parou. A meta dos organizadores da pesquisa \u00e9 divulgar os resultados em abril.<\/p>\n<p>Qualquer d\u00favida entre em contato com Mariana Bueno, preferencialmente pelo e-mail <a href=\"mailto:producao.vendas@nielsen.com\">producao.vendas@nielsen.com<\/a> ou pelo telefone (11) 99123-5722.<\/p>\n<p>&nbsp;<\/p>\n","protected":false},"excerpt":{"rendered":"<p>A C\u00e2mara Brasileira do Livro (CBL), o Sindicato Nacional dos Editores de Livros (SNEL) e a Nielsen Book contam com a sua participa\u00e7\u00e3o! Muitas editoras j\u00e1 enviaram respostas, mas para que haja uma ades\u00e3o ainda maior, as entidades ampliaram para at\u00e9 o dia 21 de mar\u00e7o o prazo para conclus\u00e3o da Pesquisa Produ\u00e7\u00e3o e Vendas [&hellip;]<\/p>\n","protected":false},"author":4,"featured_media":0,"comment_status":"closed","ping_status":"closed","sticky":false,"template":"","format":"standard","meta":{"footnotes":"","_links_to":"","_links_to_target":""},"categories":[9],"tags":[],"class_list":["post-13315","post","type-post","status-publish","format-standard","hentry","category-noticias-da-imprensa"],"yoast_head":"<!-- This site is optimized with the Yoast SEO plugin v15.1 - https:\/\/yoast.com\/wordpress\/plugins\/seo\/ -->\n<title>Pesquisa Produ\u00e7\u00e3o e Vendas do Setor Editorial Brasileiro Termina dia 21 de Mar\u00e7o &raquo; Abrelivros<\/title>\n<meta name=\"robots\" content=\"index, follow, max-snippet:-1, max-image-preview:large, max-video-preview:-1\" \/>\n<link rel=\"canonical\" href=\"https:\/\/abrelivros.org.br\/site\/pesquisa-producao-e-vendas-do-setor-editorial-brasileiro-termina-dia-21-de-marco\/\" \/>\n<meta property=\"og:locale\" content=\"pt_BR\" \/>\n<meta property=\"og:type\" content=\"article\" \/>\n<meta property=\"og:title\" content=\"Pesquisa Produ\u00e7\u00e3o e Vendas do Setor Editorial Brasileiro Termina dia 21 de Mar\u00e7o &raquo; Abrelivros\" \/>\n<meta property=\"og:description\" content=\"A C\u00e2mara Brasileira do Livro (CBL), o Sindicato Nacional dos Editores de Livros (SNEL) e a Nielsen Book contam com a sua participa\u00e7\u00e3o! Muitas editoras j\u00e1 enviaram respostas, mas para que haja uma ades\u00e3o ainda maior, as entidades ampliaram para at\u00e9 o dia 21 de mar\u00e7o o prazo para conclus\u00e3o da Pesquisa Produ\u00e7\u00e3o e Vendas [&hellip;]\" \/>\n<meta property=\"og:url\" content=\"https:\/\/abrelivros.org.br\/site\/pesquisa-producao-e-vendas-do-setor-editorial-brasileiro-termina-dia-21-de-marco\/\" \/>\n<meta property=\"og:site_name\" content=\"Abrelivros\" \/>\n<meta property=\"article:published_time\" content=\"2021-03-01T16:02:54+00:00\" \/>\n<meta name=\"twitter:card\" content=\"summary_large_image\" \/>\n<script type=\"application\/ld+json\" class=\"yoast-schema-graph\">{\"@context\":\"https:\/\/schema.org\",\"@graph\":[{\"@type\":\"WebSite\",\"@id\":\"https:\/\/abrelivros.org.br\/site\/#website\",\"url\":\"https:\/\/abrelivros.org.br\/site\/\",\"name\":\"Abrelivros\",\"description\":\"\",\"potentialAction\":[{\"@type\":\"SearchAction\",\"target\":\"https:\/\/abrelivros.org.br\/site\/?s={search_term_string}\",\"query-input\":\"required name=search_term_string\"}],\"inLanguage\":\"pt-BR\"},{\"@type\":\"WebPage\",\"@id\":\"https:\/\/abrelivros.org.br\/site\/pesquisa-producao-e-vendas-do-setor-editorial-brasileiro-termina-dia-21-de-marco\/#webpage\",\"url\":\"https:\/\/abrelivros.org.br\/site\/pesquisa-producao-e-vendas-do-setor-editorial-brasileiro-termina-dia-21-de-marco\/\",\"name\":\"Pesquisa Produ\\u00e7\\u00e3o e Vendas do Setor Editorial Brasileiro Termina dia 21 de Mar\\u00e7o &raquo; Abrelivros\",\"isPartOf\":{\"@id\":\"https:\/\/abrelivros.org.br\/site\/#website\"},\"datePublished\":\"2021-03-01T16:02:54+00:00\",\"dateModified\":\"2021-03-01T16:02:54+00:00\",\"author\":{\"@id\":\"https:\/\/abrelivros.org.br\/site\/#\/schema\/person\/65db80e26409802ce15ac5feec6a15fd\"},\"breadcrumb\":{\"@id\":\"https:\/\/abrelivros.org.br\/site\/pesquisa-producao-e-vendas-do-setor-editorial-brasileiro-termina-dia-21-de-marco\/#breadcrumb\"},\"inLanguage\":\"pt-BR\",\"potentialAction\":[{\"@type\":\"ReadAction\",\"target\":[\"https:\/\/abrelivros.org.br\/site\/pesquisa-producao-e-vendas-do-setor-editorial-brasileiro-termina-dia-21-de-marco\/\"]}]},{\"@type\":\"BreadcrumbList\",\"@id\":\"https:\/\/abrelivros.org.br\/site\/pesquisa-producao-e-vendas-do-setor-editorial-brasileiro-termina-dia-21-de-marco\/#breadcrumb\",\"itemListElement\":[{\"@type\":\"ListItem\",\"position\":1,\"item\":{\"@type\":\"WebPage\",\"@id\":\"https:\/\/abrelivros.org.br\/site\/\",\"url\":\"https:\/\/abrelivros.org.br\/site\/\",\"name\":\"In\\u00edcio\"}},{\"@type\":\"ListItem\",\"position\":2,\"item\":{\"@type\":\"WebPage\",\"@id\":\"https:\/\/abrelivros.org.br\/site\/category\/noticias\/\",\"url\":\"https:\/\/abrelivros.org.br\/site\/category\/noticias\/\",\"name\":\"Not\\u00edcias\"}},{\"@type\":\"ListItem\",\"position\":3,\"item\":{\"@type\":\"WebPage\",\"@id\":\"https:\/\/abrelivros.org.br\/site\/category\/noticias\/noticias-da-imprensa\/\",\"url\":\"https:\/\/abrelivros.org.br\/site\/category\/noticias\/noticias-da-imprensa\/\",\"name\":\"Not\\u00edcias da imprensa\"}},{\"@type\":\"ListItem\",\"position\":4,\"item\":{\"@type\":\"WebPage\",\"@id\":\"https:\/\/abrelivros.org.br\/site\/pesquisa-producao-e-vendas-do-setor-editorial-brasileiro-termina-dia-21-de-marco\/\",\"url\":\"https:\/\/abrelivros.org.br\/site\/pesquisa-producao-e-vendas-do-setor-editorial-brasileiro-termina-dia-21-de-marco\/\",\"name\":\"Pesquisa Produ\\u00e7\\u00e3o e Vendas do Setor Editorial Brasileiro Termina dia 21 de Mar\\u00e7o\"}}]},{\"@type\":\"Person\",\"@id\":\"https:\/\/abrelivros.org.br\/site\/#\/schema\/person\/65db80e26409802ce15ac5feec6a15fd\",\"name\":\"Reda\\u00e7\\u00e3o Abrelivros\",\"image\":{\"@type\":\"ImageObject\",\"@id\":\"https:\/\/abrelivros.org.br\/site\/#personlogo\",\"inLanguage\":\"pt-BR\",\"url\":\"https:\/\/secure.gravatar.com\/avatar\/c4e57f9c7e3482965bd428192061218520756c39080b1d1820b679fa5e9af192?s=96&d=mm&r=g\",\"caption\":\"Reda\\u00e7\\u00e3o Abrelivros\"}}]}<\/script>\n<!-- \/ Yoast SEO plugin. -->","_links":{"self":[{"href":"https:\/\/abrelivros.org.br\/site\/wp-json\/wp\/v2\/posts\/13315","targetHints":{"allow":["GET"]}}],"collection":[{"href":"https:\/\/abrelivros.org.br\/site\/wp-json\/wp\/v2\/posts"}],"about":[{"href":"https:\/\/abrelivros.org.br\/site\/wp-json\/wp\/v2\/types\/post"}],"author":[{"embeddable":true,"href":"https:\/\/abrelivros.org.br\/site\/wp-json\/wp\/v2\/users\/4"}],"replies":[{"embeddable":true,"href":"https:\/\/abrelivros.org.br\/site\/wp-json\/wp\/v2\/comments?post=13315"}],"version-history":[{"count":1,"href":"https:\/\/abrelivros.org.br\/site\/wp-json\/wp\/v2\/posts\/13315\/revisions"}],"predecessor-version":[{"id":13316,"href":"https:\/\/abrelivros.org.br\/site\/wp-json\/wp\/v2\/posts\/13315\/revisions\/13316"}],"wp:attachment":[{"href":"https:\/\/abrelivros.org.br\/site\/wp-json\/wp\/v2\/media?parent=13315"}],"wp:term":[{"taxonomy":"category","embeddable":true,"href":"https:\/\/abrelivros.org.br\/site\/wp-json\/wp\/v2\/categories?post=13315"},{"taxonomy":"post_tag","embeddable":true,"href":"https:\/\/abrelivros.org.br\/site\/wp-json\/wp\/v2\/tags?post=13315"}],"curies":[{"name":"wp","href":"https:\/\/api.w.org\/{rel}","templated":true}]}}