{"id":13297,"date":"2021-02-26T12:55:00","date_gmt":"2021-02-26T15:55:00","guid":{"rendered":"https:\/\/abrelivros.org.br\/site\/?p=13297"},"modified":"2021-02-26T12:55:00","modified_gmt":"2021-02-26T15:55:00","slug":"presidente-do-inep-e-exonerado-do-cargo","status":"publish","type":"post","link":"https:\/\/abrelivros.org.br\/site\/presidente-do-inep-e-exonerado-do-cargo\/","title":{"rendered":"Presidente do Inep \u00e9 exonerado do cargo"},"content":{"rendered":"<p>O presidente do Instituto Nacional de Estudos e Pesquisas Educacionais An\u00edsio Teixeira (Inep), Alexandre Lopes, foi exonerado do cargo. A portaria foi publicada pelo governo no <a href=\"https:\/\/www.in.gov.br\/en\/web\/dou\/-\/portarias-de-25-de-fevereiro-de-2021-305398069\" target=\"_blank\" rel=\"noopener noreferrer\">Di\u00e1rio Oficial da Uni\u00e3o<\/a> de hoje (26).<!--more--><\/p>\n<p>At\u00e9 o momento, n\u00e3o foi anunciado o nome de quem o substituir\u00e1 no cargo. Nesta semana, Lopes apresentou ao Conselho Nacional de Educa\u00e7\u00e3o (CNE) o cronograma de trabalho do Inep para 2021, durante a reuni\u00e3o extraordin\u00e1ria p\u00fablica.<\/p>\n<p>Ontem (25), ele apresentou uma proposta de atualiza\u00e7\u00e3o da lei do Sistema Nacional de Avalia\u00e7\u00e3o da Educa\u00e7\u00e3o Superior (Sinaes), com o objetivo de \u201ciniciar um debate em torno do tema\u201d para, posteriormente, se chegar \u201ca uma minuta de projeto de lei que re\u00fana os consensos em rela\u00e7\u00e3o a poss\u00edveis avan\u00e7os na legisla\u00e7\u00e3o\u201d.<\/p>\n<p>Ele ocupava o cargo desde maio de 2019. Antes, foi diretor legislativo da Casa Civil da Presid\u00eancia da Rep\u00fablica (entre janeiro e maio de 2019); subsecret\u00e1rio de Pol\u00edticas P\u00fablicas da Secretaria de Estado da Casa Civil e Rela\u00e7\u00f5es Institucionais e Sociais do Governo do Distrito Federal (de maio de 2016 a dezembro de 2018) e chefe de gabinete do governador do Distrito Federal, Ibaneis Rocha, (de abril a maio de 2016).<\/p>\n<p>Bacharel em direito pela Universidade de Bras\u00edlia (UnB), Lopes \u00e9 engenheiro qu\u00edmico formado pela Universidade Federal do Rio de Janeiro (UFRJ).<\/p>\n","protected":false},"excerpt":{"rendered":"<p>O presidente do Instituto Nacional de Estudos e Pesquisas Educacionais An\u00edsio Teixeira (Inep), Alexandre Lopes, foi exonerado do cargo. A portaria foi publicada pelo governo no Di\u00e1rio Oficial da Uni\u00e3o de hoje (26).<\/p>\n","protected":false},"author":4,"featured_media":0,"comment_status":"closed","ping_status":"closed","sticky":false,"template":"","format":"standard","meta":{"footnotes":"","_links_to":"","_links_to_target":""},"categories":[9],"tags":[],"class_list":["post-13297","post","type-post","status-publish","format-standard","hentry","category-noticias-da-imprensa"],"yoast_head":"<!-- This site is optimized with the Yoast SEO plugin v15.1 - https:\/\/yoast.com\/wordpress\/plugins\/seo\/ -->\n<title>Presidente do Inep \u00e9 exonerado do cargo &raquo; Abrelivros<\/title>\n<meta name=\"robots\" content=\"index, follow, max-snippet:-1, max-image-preview:large, max-video-preview:-1\" \/>\n<link rel=\"canonical\" href=\"https:\/\/abrelivros.org.br\/site\/presidente-do-inep-e-exonerado-do-cargo\/\" \/>\n<meta property=\"og:locale\" content=\"pt_BR\" \/>\n<meta property=\"og:type\" content=\"article\" \/>\n<meta property=\"og:title\" content=\"Presidente do Inep \u00e9 exonerado do cargo &raquo; Abrelivros\" \/>\n<meta property=\"og:description\" content=\"O presidente do Instituto Nacional de Estudos e Pesquisas Educacionais An\u00edsio Teixeira (Inep), Alexandre Lopes, foi exonerado do cargo. A portaria foi publicada pelo governo no Di\u00e1rio Oficial da Uni\u00e3o de hoje (26).\" \/>\n<meta property=\"og:url\" content=\"https:\/\/abrelivros.org.br\/site\/presidente-do-inep-e-exonerado-do-cargo\/\" \/>\n<meta property=\"og:site_name\" content=\"Abrelivros\" \/>\n<meta property=\"article:published_time\" content=\"2021-02-26T15:55:00+00:00\" \/>\n<meta name=\"twitter:card\" content=\"summary_large_image\" \/>\n<script type=\"application\/ld+json\" class=\"yoast-schema-graph\">{\"@context\":\"https:\/\/schema.org\",\"@graph\":[{\"@type\":\"WebSite\",\"@id\":\"https:\/\/abrelivros.org.br\/site\/#website\",\"url\":\"https:\/\/abrelivros.org.br\/site\/\",\"name\":\"Abrelivros\",\"description\":\"\",\"potentialAction\":[{\"@type\":\"SearchAction\",\"target\":\"https:\/\/abrelivros.org.br\/site\/?s={search_term_string}\",\"query-input\":\"required name=search_term_string\"}],\"inLanguage\":\"pt-BR\"},{\"@type\":\"WebPage\",\"@id\":\"https:\/\/abrelivros.org.br\/site\/presidente-do-inep-e-exonerado-do-cargo\/#webpage\",\"url\":\"https:\/\/abrelivros.org.br\/site\/presidente-do-inep-e-exonerado-do-cargo\/\",\"name\":\"Presidente do Inep \\u00e9 exonerado do cargo &raquo; Abrelivros\",\"isPartOf\":{\"@id\":\"https:\/\/abrelivros.org.br\/site\/#website\"},\"datePublished\":\"2021-02-26T15:55:00+00:00\",\"dateModified\":\"2021-02-26T15:55:00+00:00\",\"author\":{\"@id\":\"https:\/\/abrelivros.org.br\/site\/#\/schema\/person\/65db80e26409802ce15ac5feec6a15fd\"},\"breadcrumb\":{\"@id\":\"https:\/\/abrelivros.org.br\/site\/presidente-do-inep-e-exonerado-do-cargo\/#breadcrumb\"},\"inLanguage\":\"pt-BR\",\"potentialAction\":[{\"@type\":\"ReadAction\",\"target\":[\"https:\/\/abrelivros.org.br\/site\/presidente-do-inep-e-exonerado-do-cargo\/\"]}]},{\"@type\":\"BreadcrumbList\",\"@id\":\"https:\/\/abrelivros.org.br\/site\/presidente-do-inep-e-exonerado-do-cargo\/#breadcrumb\",\"itemListElement\":[{\"@type\":\"ListItem\",\"position\":1,\"item\":{\"@type\":\"WebPage\",\"@id\":\"https:\/\/abrelivros.org.br\/site\/\",\"url\":\"https:\/\/abrelivros.org.br\/site\/\",\"name\":\"In\\u00edcio\"}},{\"@type\":\"ListItem\",\"position\":2,\"item\":{\"@type\":\"WebPage\",\"@id\":\"https:\/\/abrelivros.org.br\/site\/category\/noticias\/\",\"url\":\"https:\/\/abrelivros.org.br\/site\/category\/noticias\/\",\"name\":\"Not\\u00edcias\"}},{\"@type\":\"ListItem\",\"position\":3,\"item\":{\"@type\":\"WebPage\",\"@id\":\"https:\/\/abrelivros.org.br\/site\/category\/noticias\/noticias-da-imprensa\/\",\"url\":\"https:\/\/abrelivros.org.br\/site\/category\/noticias\/noticias-da-imprensa\/\",\"name\":\"Not\\u00edcias da imprensa\"}},{\"@type\":\"ListItem\",\"position\":4,\"item\":{\"@type\":\"WebPage\",\"@id\":\"https:\/\/abrelivros.org.br\/site\/presidente-do-inep-e-exonerado-do-cargo\/\",\"url\":\"https:\/\/abrelivros.org.br\/site\/presidente-do-inep-e-exonerado-do-cargo\/\",\"name\":\"Presidente do Inep \\u00e9 exonerado do cargo\"}}]},{\"@type\":\"Person\",\"@id\":\"https:\/\/abrelivros.org.br\/site\/#\/schema\/person\/65db80e26409802ce15ac5feec6a15fd\",\"name\":\"Reda\\u00e7\\u00e3o Abrelivros\",\"image\":{\"@type\":\"ImageObject\",\"@id\":\"https:\/\/abrelivros.org.br\/site\/#personlogo\",\"inLanguage\":\"pt-BR\",\"url\":\"https:\/\/secure.gravatar.com\/avatar\/c4e57f9c7e3482965bd428192061218520756c39080b1d1820b679fa5e9af192?s=96&d=mm&r=g\",\"caption\":\"Reda\\u00e7\\u00e3o Abrelivros\"}}]}<\/script>\n<!-- \/ Yoast SEO plugin. -->","_links":{"self":[{"href":"https:\/\/abrelivros.org.br\/site\/wp-json\/wp\/v2\/posts\/13297","targetHints":{"allow":["GET"]}}],"collection":[{"href":"https:\/\/abrelivros.org.br\/site\/wp-json\/wp\/v2\/posts"}],"about":[{"href":"https:\/\/abrelivros.org.br\/site\/wp-json\/wp\/v2\/types\/post"}],"author":[{"embeddable":true,"href":"https:\/\/abrelivros.org.br\/site\/wp-json\/wp\/v2\/users\/4"}],"replies":[{"embeddable":true,"href":"https:\/\/abrelivros.org.br\/site\/wp-json\/wp\/v2\/comments?post=13297"}],"version-history":[{"count":1,"href":"https:\/\/abrelivros.org.br\/site\/wp-json\/wp\/v2\/posts\/13297\/revisions"}],"predecessor-version":[{"id":13298,"href":"https:\/\/abrelivros.org.br\/site\/wp-json\/wp\/v2\/posts\/13297\/revisions\/13298"}],"wp:attachment":[{"href":"https:\/\/abrelivros.org.br\/site\/wp-json\/wp\/v2\/media?parent=13297"}],"wp:term":[{"taxonomy":"category","embeddable":true,"href":"https:\/\/abrelivros.org.br\/site\/wp-json\/wp\/v2\/categories?post=13297"},{"taxonomy":"post_tag","embeddable":true,"href":"https:\/\/abrelivros.org.br\/site\/wp-json\/wp\/v2\/tags?post=13297"}],"curies":[{"name":"wp","href":"https:\/\/api.w.org\/{rel}","templated":true}]}}