{"id":13295,"date":"2021-02-26T12:52:49","date_gmt":"2021-02-26T15:52:49","guid":{"rendered":"https:\/\/abrelivros.org.br\/site\/?p=13295"},"modified":"2021-02-26T12:52:49","modified_gmt":"2021-02-26T15:52:49","slug":"votacao-de-proposta-que-acaba-com-investimento-minimo-em-educacao-e-saude-e-adiada","status":"publish","type":"post","link":"https:\/\/abrelivros.org.br\/site\/votacao-de-proposta-que-acaba-com-investimento-minimo-em-educacao-e-saude-e-adiada\/","title":{"rendered":"Vota\u00e7\u00e3o de proposta que acaba com investimento m\u00ednimo em Educa\u00e7\u00e3o e Sa\u00fade \u00e9 adiada"},"content":{"rendered":"<p>A vota\u00e7\u00e3o da Proposta de Emenda \u00e0 Constitui\u00e7\u00e3o (PEC) Emergencial no Senado, que pretende acabar com o investimento m\u00ednimo em Educa\u00e7\u00e3o e Sa\u00fade, foi adiada para a semana que vem. A previs\u00e3o era de que o texto fosse votado nesta quinta-feira (25), mas faltou acordo entre os l\u00edderes dos partidos.<!--more--><\/p>\n<p>A PEC prev\u00ea levantar recursos para pagar uma nova rodada do aux\u00edlio emergencial. A Constitui\u00e7\u00e3o diz que estados e munic\u00edpios devem destinar 25% da receita em Educa\u00e7\u00e3o. Em Sa\u00fade, s\u00e3o 12% da receita de estados e 15% dos munic\u00edpios. No caso do governo federal, o piso de gastos nas duas \u00e1reas n\u00e3o pode cair e ainda deve ser corrigido pela infla\u00e7\u00e3o do ano anterior.<\/p>\n<p>Os cortes nestes investimentos foram acrescentados ao texto, que originalmente havia sido enviado ao Congresso em novembro de 2019, com a ideia de equilibrar as contas p\u00fablicas federais.<\/p>\n<p>Diversas entidades de educa\u00e7\u00e3o se manifestaram contra. O relator da PEC, senador M\u00e1rcio Bittar, do MDB, defendeu a aprova\u00e7\u00e3o sem mudan\u00e7as.<\/p>\n<p>\u201cEu acho ruim que ela n\u00e3o seja votada como est\u00e1 apresentada. O Brasil tem que aumentar a d\u00edvida p\u00fablica para atender pais e m\u00e3es de fam\u00edlia que precisam se alimentar, tem. Mas ao mesmo tempo que n\u00f3s temos aumentar rigor fiscal sim. N\u00e3o d\u00e1 para estados, munic\u00edpios e a Uni\u00e3o continuarem agigantando os estados, a estrutura pol\u00edtica administrativa praticamente comendo a sociedade\u201d, afirma M\u00e1rcio Bittar.<\/p>\n<p><strong>Perda em investimentos<\/strong><\/p>\n<p>O presidente do Conselho Nacional de Secret\u00e1rios de Educa\u00e7\u00e3o (Consed), Vitor Angelo, afirmou que, se o texto for aprovado como est\u00e1, haver\u00e1 uma perda grande do que \u00e9 investido hoje em Educa\u00e7\u00e3o.<\/p>\n<p>\u201cAlgumas estimativas apontam pra uma redu\u00e7\u00e3o de 40% na fonte de financiamento para Educa\u00e7\u00e3o, o que representaria alguma coisa como R$ 90 bilh\u00f5es. E \u00e9 por essa raz\u00e3o que o Consed se posiciona contra a sua aprova\u00e7\u00e3o no Congresso Nacional\u201d, afirma Vitor Angelo.<\/p>\n<p>Para o presidente da Uni\u00e3o Nacional dos Dirigentes Municipais de Educa\u00e7\u00e3o (Undime), Luiz Miguel Garcia, a PEC \u00e9 \u201co maior ataque que a Educa\u00e7\u00e3o sofre p\u00f3s-Constitui\u00e7\u00e3o de 1988\u201d<\/p>\n<p>\u201cSe a PEC passar como est\u00e1, podemos entrar em um processo de perda de qualidade muito grande. Imagina os projetos complementares de aprendizagem, de qualidade na alimenta\u00e7\u00e3o das escolas. Todas essas coisas v\u00e3o perdendo espa\u00e7o, vai cortando aqui, ali. Vai minando.\u201d<\/p>\n<p>O movimento Todos pela Educa\u00e7\u00e3o j\u00e1 havia alertado essa semana que a medida, al\u00e9m de levar a uma redu\u00e7\u00e3o substancial dos gastos p\u00fablicos com Educa\u00e7\u00e3o, inviabilizar\u00e1 a implementa\u00e7\u00e3o do Fundeb, mecanismo de redistribui\u00e7\u00e3o dos recursos vinculados \u00e0 educa\u00e7\u00e3o.<\/p>\n<p>Em nota divulgada ontem, o Conselho Nacional de Secret\u00e1rios de Sa\u00fade (Conass), afirmou que \u00e9 preciso previsibilidade de recursos, planejamento, infraestrutura, profissionais de sa\u00fade capacitados e sempre prontos para garantir o cuidado da popula\u00e7\u00e3o.<\/p>\n<p>E que a PEC em discuss\u00e3o traz o risco de retirar a garantia a dois direitos essenciais para o brasileiro: a Sa\u00fade e a Educa\u00e7\u00e3o. Ao negar previsibilidade de recursos, ela tira do povo a conquista mais relevante social no brasil, prevista na constitui\u00e7\u00e3o federal. \u201ca sa\u00fade \u00e9 um direito de todos e dever do estado.\u201d<\/p>\n<p>Nesta quarta (24), o governador do Piau\u00ed e presidente do Cons\u00f3rcio Nordeste, Wellington Dias, assinou em nome do F\u00f3rum de Governadores do Nordeste uma nota p\u00fablica manifestando-se contr\u00e1rio ao fim do piso para Sa\u00fade e Educa\u00e7\u00e3o. Para os gestores, a PEC emergencial \u00e9 uma amea\u00e7a ao Sus e ao Fundeb.<\/p>\n<p><strong>Debate<\/strong><\/p>\n<p>Ainda nesta quinta, l\u00edderes dos partidos devem se reunir no plen\u00e1rio para debater o tema. No bastidor, algumas lideran\u00e7as avaliam fatiar a PEC.<\/p>\n<p>Em tese, poderia ser votado apenas o conjunto de medidas para reduzir despesas pra ajustar as contas p\u00fablicas, viabilizando assim um novo aux\u00edlio emergencial.<\/p>\n<p>O governo faria uma nova rodada do benef\u00edcio por meio de cr\u00e9ditos extraordin\u00e1rios que ficam fora do teto \u2013 que limita as despesas \u00e0 infla\u00e7\u00e3o do ano anterior. Nessa nova rodada do aux\u00edlio emergencial, o governo estuda pagar quatro parcelas de R$ 250. O custo estimado deve ficar entre R$ 30 bilh\u00f5es e R$ 40 bilh\u00f5es.<\/p>\n<p>O l\u00edder do PSD, Nelsinho Trad, afirmou que o Senado est\u00e1 buscando um caminho para aprovar o aux\u00edlio emergencial na semana que vem.<\/p>\n<p>\u201cO projeto est\u00e1 para ser adequado diante da necessidade maior da aprova\u00e7\u00e3o da quest\u00e3o do que que ser\u00e1 destinado a aquele que mais precisa, referente ao ajuste emergencial. Os ajustes fiscais, que precisam ser feitos pra viabilizar essa quest\u00e3o \u00e9 que \u00e9 palco das pol\u00eamicas, por\u00e9m aberto para discuss\u00f5es a fim de exaurir essas pol\u00eamicas pra poder ter uma vota\u00e7\u00e3o na semana que vem esgotada desse assunto\u201d, afirma Nelsino Trad.<\/p>\n<p>&nbsp;<\/p>\n","protected":false},"excerpt":{"rendered":"<p>A vota\u00e7\u00e3o da Proposta de Emenda \u00e0 Constitui\u00e7\u00e3o (PEC) Emergencial no Senado, que pretende acabar com o investimento m\u00ednimo em Educa\u00e7\u00e3o e Sa\u00fade, foi adiada para a semana que vem. A previs\u00e3o era de que o texto fosse votado nesta quinta-feira (25), mas faltou acordo entre os l\u00edderes dos partidos.<\/p>\n","protected":false},"author":4,"featured_media":0,"comment_status":"closed","ping_status":"closed","sticky":false,"template":"","format":"standard","meta":{"footnotes":"","_links_to":"","_links_to_target":""},"categories":[9],"tags":[],"class_list":["post-13295","post","type-post","status-publish","format-standard","hentry","category-noticias-da-imprensa"],"yoast_head":"<!-- This site is optimized with the Yoast SEO plugin v15.1 - https:\/\/yoast.com\/wordpress\/plugins\/seo\/ -->\n<title>Vota\u00e7\u00e3o de proposta que acaba com investimento m\u00ednimo em Educa\u00e7\u00e3o e Sa\u00fade \u00e9 adiada &raquo; Abrelivros<\/title>\n<meta name=\"robots\" content=\"index, follow, max-snippet:-1, max-image-preview:large, max-video-preview:-1\" \/>\n<link rel=\"canonical\" href=\"https:\/\/abrelivros.org.br\/site\/votacao-de-proposta-que-acaba-com-investimento-minimo-em-educacao-e-saude-e-adiada\/\" \/>\n<meta property=\"og:locale\" content=\"pt_BR\" \/>\n<meta property=\"og:type\" content=\"article\" \/>\n<meta property=\"og:title\" content=\"Vota\u00e7\u00e3o de proposta que acaba com investimento m\u00ednimo em Educa\u00e7\u00e3o e Sa\u00fade \u00e9 adiada &raquo; Abrelivros\" \/>\n<meta property=\"og:description\" content=\"A vota\u00e7\u00e3o da Proposta de Emenda \u00e0 Constitui\u00e7\u00e3o (PEC) Emergencial no Senado, que pretende acabar com o investimento m\u00ednimo em Educa\u00e7\u00e3o e Sa\u00fade, foi adiada para a semana que vem. A previs\u00e3o era de que o texto fosse votado nesta quinta-feira (25), mas faltou acordo entre os l\u00edderes dos partidos.\" \/>\n<meta property=\"og:url\" content=\"https:\/\/abrelivros.org.br\/site\/votacao-de-proposta-que-acaba-com-investimento-minimo-em-educacao-e-saude-e-adiada\/\" \/>\n<meta property=\"og:site_name\" content=\"Abrelivros\" \/>\n<meta property=\"article:published_time\" content=\"2021-02-26T15:52:49+00:00\" \/>\n<meta name=\"twitter:card\" content=\"summary_large_image\" \/>\n<script type=\"application\/ld+json\" class=\"yoast-schema-graph\">{\"@context\":\"https:\/\/schema.org\",\"@graph\":[{\"@type\":\"WebSite\",\"@id\":\"https:\/\/abrelivros.org.br\/site\/#website\",\"url\":\"https:\/\/abrelivros.org.br\/site\/\",\"name\":\"Abrelivros\",\"description\":\"\",\"potentialAction\":[{\"@type\":\"SearchAction\",\"target\":\"https:\/\/abrelivros.org.br\/site\/?s={search_term_string}\",\"query-input\":\"required name=search_term_string\"}],\"inLanguage\":\"pt-BR\"},{\"@type\":\"WebPage\",\"@id\":\"https:\/\/abrelivros.org.br\/site\/votacao-de-proposta-que-acaba-com-investimento-minimo-em-educacao-e-saude-e-adiada\/#webpage\",\"url\":\"https:\/\/abrelivros.org.br\/site\/votacao-de-proposta-que-acaba-com-investimento-minimo-em-educacao-e-saude-e-adiada\/\",\"name\":\"Vota\\u00e7\\u00e3o de proposta que acaba com investimento m\\u00ednimo em Educa\\u00e7\\u00e3o e Sa\\u00fade \\u00e9 adiada &raquo; Abrelivros\",\"isPartOf\":{\"@id\":\"https:\/\/abrelivros.org.br\/site\/#website\"},\"datePublished\":\"2021-02-26T15:52:49+00:00\",\"dateModified\":\"2021-02-26T15:52:49+00:00\",\"author\":{\"@id\":\"https:\/\/abrelivros.org.br\/site\/#\/schema\/person\/65db80e26409802ce15ac5feec6a15fd\"},\"breadcrumb\":{\"@id\":\"https:\/\/abrelivros.org.br\/site\/votacao-de-proposta-que-acaba-com-investimento-minimo-em-educacao-e-saude-e-adiada\/#breadcrumb\"},\"inLanguage\":\"pt-BR\",\"potentialAction\":[{\"@type\":\"ReadAction\",\"target\":[\"https:\/\/abrelivros.org.br\/site\/votacao-de-proposta-que-acaba-com-investimento-minimo-em-educacao-e-saude-e-adiada\/\"]}]},{\"@type\":\"BreadcrumbList\",\"@id\":\"https:\/\/abrelivros.org.br\/site\/votacao-de-proposta-que-acaba-com-investimento-minimo-em-educacao-e-saude-e-adiada\/#breadcrumb\",\"itemListElement\":[{\"@type\":\"ListItem\",\"position\":1,\"item\":{\"@type\":\"WebPage\",\"@id\":\"https:\/\/abrelivros.org.br\/site\/\",\"url\":\"https:\/\/abrelivros.org.br\/site\/\",\"name\":\"In\\u00edcio\"}},{\"@type\":\"ListItem\",\"position\":2,\"item\":{\"@type\":\"WebPage\",\"@id\":\"https:\/\/abrelivros.org.br\/site\/category\/noticias\/\",\"url\":\"https:\/\/abrelivros.org.br\/site\/category\/noticias\/\",\"name\":\"Not\\u00edcias\"}},{\"@type\":\"ListItem\",\"position\":3,\"item\":{\"@type\":\"WebPage\",\"@id\":\"https:\/\/abrelivros.org.br\/site\/category\/noticias\/noticias-da-imprensa\/\",\"url\":\"https:\/\/abrelivros.org.br\/site\/category\/noticias\/noticias-da-imprensa\/\",\"name\":\"Not\\u00edcias da imprensa\"}},{\"@type\":\"ListItem\",\"position\":4,\"item\":{\"@type\":\"WebPage\",\"@id\":\"https:\/\/abrelivros.org.br\/site\/votacao-de-proposta-que-acaba-com-investimento-minimo-em-educacao-e-saude-e-adiada\/\",\"url\":\"https:\/\/abrelivros.org.br\/site\/votacao-de-proposta-que-acaba-com-investimento-minimo-em-educacao-e-saude-e-adiada\/\",\"name\":\"Vota\\u00e7\\u00e3o de proposta que acaba com investimento m\\u00ednimo em Educa\\u00e7\\u00e3o e Sa\\u00fade \\u00e9 adiada\"}}]},{\"@type\":\"Person\",\"@id\":\"https:\/\/abrelivros.org.br\/site\/#\/schema\/person\/65db80e26409802ce15ac5feec6a15fd\",\"name\":\"Reda\\u00e7\\u00e3o Abrelivros\",\"image\":{\"@type\":\"ImageObject\",\"@id\":\"https:\/\/abrelivros.org.br\/site\/#personlogo\",\"inLanguage\":\"pt-BR\",\"url\":\"https:\/\/secure.gravatar.com\/avatar\/c4e57f9c7e3482965bd428192061218520756c39080b1d1820b679fa5e9af192?s=96&d=mm&r=g\",\"caption\":\"Reda\\u00e7\\u00e3o Abrelivros\"}}]}<\/script>\n<!-- \/ Yoast SEO plugin. -->","_links":{"self":[{"href":"https:\/\/abrelivros.org.br\/site\/wp-json\/wp\/v2\/posts\/13295","targetHints":{"allow":["GET"]}}],"collection":[{"href":"https:\/\/abrelivros.org.br\/site\/wp-json\/wp\/v2\/posts"}],"about":[{"href":"https:\/\/abrelivros.org.br\/site\/wp-json\/wp\/v2\/types\/post"}],"author":[{"embeddable":true,"href":"https:\/\/abrelivros.org.br\/site\/wp-json\/wp\/v2\/users\/4"}],"replies":[{"embeddable":true,"href":"https:\/\/abrelivros.org.br\/site\/wp-json\/wp\/v2\/comments?post=13295"}],"version-history":[{"count":1,"href":"https:\/\/abrelivros.org.br\/site\/wp-json\/wp\/v2\/posts\/13295\/revisions"}],"predecessor-version":[{"id":13296,"href":"https:\/\/abrelivros.org.br\/site\/wp-json\/wp\/v2\/posts\/13295\/revisions\/13296"}],"wp:attachment":[{"href":"https:\/\/abrelivros.org.br\/site\/wp-json\/wp\/v2\/media?parent=13295"}],"wp:term":[{"taxonomy":"category","embeddable":true,"href":"https:\/\/abrelivros.org.br\/site\/wp-json\/wp\/v2\/categories?post=13295"},{"taxonomy":"post_tag","embeddable":true,"href":"https:\/\/abrelivros.org.br\/site\/wp-json\/wp\/v2\/tags?post=13295"}],"curies":[{"name":"wp","href":"https:\/\/api.w.org\/{rel}","templated":true}]}}