{"id":13291,"date":"2021-02-26T12:47:03","date_gmt":"2021-02-26T15:47:03","guid":{"rendered":"https:\/\/abrelivros.org.br\/site\/?p=13291"},"modified":"2021-02-26T12:56:22","modified_gmt":"2021-02-26T15:56:22","slug":"vitor-tavares-e-reeleito-presidente-da-camara-brasileira-do-livro","status":"publish","type":"post","link":"https:\/\/abrelivros.org.br\/site\/vitor-tavares-e-reeleito-presidente-da-camara-brasileira-do-livro\/","title":{"rendered":"Vitor Tavares \u00e9 reeleito presidente da C\u00e2mara Brasileira do Livro"},"content":{"rendered":"<p>Nesta quinta-feira (25), os associados da C\u00e2mara Brasileira do Livro (CBL) elegeram o novo corpo diretivo, presidido por Vitor Tavares, da Distribuidora Loyola de Livros. O presidente e seus diretores estar\u00e3o \u00e0 frente da entidade no bi\u00eanio 2021-2023.<!--more--><\/p>\n<p>A chapa, com a plataforma Juntos em Defesa do Livro, coloca o combate \u00e0 tentativa de taxa\u00e7\u00e3o do livro e as atividades de incentivo \u00e0 difus\u00e3o do livro e ao est\u00edmulo do gosto pela leitura como um dos objetivos principais.<\/p>\n<p>\u201cIniciamos mais um mandato com ainda mais entusiasmo para trabalhar a todo vapor para desenvolver o setor editorial, fortalecer o livro e democratizar o acesso \u00e0 leitura\u201d, destaca Vitor.<\/p>\n<p>Outra meta importante da diretoria eleita \u00e9 continuar ajudando a ind\u00fastria e o varejo do livro com estrat\u00e9gias capazes de consolidar um caminho para atravessar os obst\u00e1culos, dentre eles os que foram gerados pela pandemia do novo coronav\u00edrus. Al\u00e9m disso, propostas como a defesa das Livrarias e apoio na regulamenta\u00e7\u00e3o da lei que institui a Pol\u00edtica Nacional de Leitura e Escrita (PNLE) est\u00e3o no foco de trabalho.<\/p>\n<p>A cerim\u00f4nia de posse aconteceu hoje, no formato online, por meio da plataforma Zoom.<\/p>\n<p><a href=\"http:\/\/cbl.org.br\/site\/wp-content\/uploads\/2021\/01\/Plataforma-CBL-Vitor-Tavares.pdf\" target=\"_blank\" rel=\"noopener noreferrer\">Confira aqui<\/a> a plataforma completa de trabalho 2021-2023 e abaixo a composi\u00e7\u00e3o da nova diretoria da CBL:<\/p>\n<p>&nbsp;<\/p>\n<p><strong>Presidente<\/strong><\/p>\n<p>Vitor Tavares \u2013 Distribuidora &amp; Livraria Loyola<\/p>\n<p>Vice \u2013 Presidente Administrativo e Financeiro<\/p>\n<p>Diego Drumond \u2013 Faro Editorial<\/p>\n<p>Vice \u2013 Presidente de Comunica\u00e7\u00e3o<\/p>\n<p>Luciano Monteiro \u2013 Editora Moderna \/ Grupo Santillana<\/p>\n<p><strong>Vice \u2013 Presidente Secret\u00e1rio<\/strong><\/p>\n<p>Hubert Alqueres \u2013 Edi\u00e7\u00f5es de Janeiro<\/p>\n<p><strong>Diretores Editores<\/strong><\/p>\n<p>Lilian Zambon \u2013 Cia das Letras \/ Editora Schwarcz<\/p>\n<p>I\u00e3 Paulo Ribeiro \u2013 Edi\u00e7\u00f5es Sesc S\u00e3o Paulo<\/p>\n<p>Sevani de Matos Oliveira \u2013 VR Editora<\/p>\n<p>Henrique Jos\u00e9 Branco Braz\u00e3o Farinha \u2013 Editora \u00c9vora<\/p>\n<p><strong>Diretores Livreiros<\/strong><\/p>\n<p>Alexandre Mendon\u00e7a Martins Fontes \u2013 Livraria Martins Fontes<\/p>\n<p>Paulo Vicente Ruiz de Las Heras Moregola \u2013 Edi\u00e7\u00f5es e Livraria Loyola<\/p>\n<p>Samuel Seibel \u2013 Livraria da Vila<\/p>\n<p>Ricardo Banzatto Shinyashiki \u2013 Gente Livraria e Editora<\/p>\n<p>&nbsp;<\/p>\n<p><strong>Diretores Distribuidores<\/strong><\/p>\n<p>Julio Cesar Augusto Sesma da Cruz \u2013 Catavento Distribuidora de Livros<\/p>\n<p>Paulo Victor de Carvalho Oliveira \u2013 Inova\u00e7\u00e3o Distribuidora de Livros<\/p>\n<p>Marcos Teles Cardoso de Carvalho \u2013 Livraria e Distribuidora Leitura<\/p>\n<p>Antonio Nascimento \u2013 Distribuidora Paisagem<\/p>\n<p><strong>Diretores Creditistas<\/strong><\/p>\n<p>Karine Pansa \u2013 Girassol Brasil Edi\u00e7\u00f5es<\/p>\n<p>Gerson Luiz Barbosa Ramos \u2013 Editora Planeta<\/p>\n<p>Fernanda de Souza Saboya Barros \u2013 Editora Melhoramentos<\/p>\n<p>Antonio Erivan Gomes \u2013 Telos Editora<\/p>\n<p>&nbsp;<\/p>\n","protected":false},"excerpt":{"rendered":"<p>Nesta quinta-feira (25), os associados da C\u00e2mara Brasileira do Livro (CBL) elegeram o novo corpo diretivo, presidido por Vitor Tavares, da Distribuidora Loyola de Livros. O presidente e seus diretores estar\u00e3o \u00e0 frente da entidade no bi\u00eanio 2021-2023.<\/p>\n","protected":false},"author":4,"featured_media":0,"comment_status":"closed","ping_status":"closed","sticky":false,"template":"","format":"standard","meta":{"footnotes":"","_links_to":"","_links_to_target":""},"categories":[9],"tags":[],"class_list":["post-13291","post","type-post","status-publish","format-standard","hentry","category-noticias-da-imprensa"],"yoast_head":"<!-- This site is optimized with the Yoast SEO plugin v15.1 - https:\/\/yoast.com\/wordpress\/plugins\/seo\/ -->\n<title>Vitor Tavares \u00e9 reeleito presidente da C\u00e2mara Brasileira do Livro &raquo; Abrelivros<\/title>\n<meta name=\"robots\" content=\"index, follow, max-snippet:-1, max-image-preview:large, max-video-preview:-1\" \/>\n<link rel=\"canonical\" href=\"https:\/\/abrelivros.org.br\/site\/vitor-tavares-e-reeleito-presidente-da-camara-brasileira-do-livro\/\" \/>\n<meta property=\"og:locale\" content=\"pt_BR\" \/>\n<meta property=\"og:type\" content=\"article\" \/>\n<meta property=\"og:title\" content=\"Vitor Tavares \u00e9 reeleito presidente da C\u00e2mara Brasileira do Livro &raquo; Abrelivros\" \/>\n<meta property=\"og:description\" content=\"Nesta quinta-feira (25), os associados da C\u00e2mara Brasileira do Livro (CBL) elegeram o novo corpo diretivo, presidido por Vitor Tavares, da Distribuidora Loyola de Livros. O presidente e seus diretores estar\u00e3o \u00e0 frente da entidade no bi\u00eanio 2021-2023.\" \/>\n<meta property=\"og:url\" content=\"https:\/\/abrelivros.org.br\/site\/vitor-tavares-e-reeleito-presidente-da-camara-brasileira-do-livro\/\" \/>\n<meta property=\"og:site_name\" content=\"Abrelivros\" \/>\n<meta property=\"article:published_time\" content=\"2021-02-26T15:47:03+00:00\" \/>\n<meta property=\"article:modified_time\" content=\"2021-02-26T15:56:22+00:00\" \/>\n<meta name=\"twitter:card\" content=\"summary_large_image\" \/>\n<script type=\"application\/ld+json\" class=\"yoast-schema-graph\">{\"@context\":\"https:\/\/schema.org\",\"@graph\":[{\"@type\":\"WebSite\",\"@id\":\"https:\/\/abrelivros.org.br\/site\/#website\",\"url\":\"https:\/\/abrelivros.org.br\/site\/\",\"name\":\"Abrelivros\",\"description\":\"\",\"potentialAction\":[{\"@type\":\"SearchAction\",\"target\":\"https:\/\/abrelivros.org.br\/site\/?s={search_term_string}\",\"query-input\":\"required name=search_term_string\"}],\"inLanguage\":\"pt-BR\"},{\"@type\":\"WebPage\",\"@id\":\"https:\/\/abrelivros.org.br\/site\/vitor-tavares-e-reeleito-presidente-da-camara-brasileira-do-livro\/#webpage\",\"url\":\"https:\/\/abrelivros.org.br\/site\/vitor-tavares-e-reeleito-presidente-da-camara-brasileira-do-livro\/\",\"name\":\"Vitor Tavares \\u00e9 reeleito presidente da C\\u00e2mara Brasileira do Livro &raquo; Abrelivros\",\"isPartOf\":{\"@id\":\"https:\/\/abrelivros.org.br\/site\/#website\"},\"datePublished\":\"2021-02-26T15:47:03+00:00\",\"dateModified\":\"2021-02-26T15:56:22+00:00\",\"author\":{\"@id\":\"https:\/\/abrelivros.org.br\/site\/#\/schema\/person\/65db80e26409802ce15ac5feec6a15fd\"},\"breadcrumb\":{\"@id\":\"https:\/\/abrelivros.org.br\/site\/vitor-tavares-e-reeleito-presidente-da-camara-brasileira-do-livro\/#breadcrumb\"},\"inLanguage\":\"pt-BR\",\"potentialAction\":[{\"@type\":\"ReadAction\",\"target\":[\"https:\/\/abrelivros.org.br\/site\/vitor-tavares-e-reeleito-presidente-da-camara-brasileira-do-livro\/\"]}]},{\"@type\":\"BreadcrumbList\",\"@id\":\"https:\/\/abrelivros.org.br\/site\/vitor-tavares-e-reeleito-presidente-da-camara-brasileira-do-livro\/#breadcrumb\",\"itemListElement\":[{\"@type\":\"ListItem\",\"position\":1,\"item\":{\"@type\":\"WebPage\",\"@id\":\"https:\/\/abrelivros.org.br\/site\/\",\"url\":\"https:\/\/abrelivros.org.br\/site\/\",\"name\":\"In\\u00edcio\"}},{\"@type\":\"ListItem\",\"position\":2,\"item\":{\"@type\":\"WebPage\",\"@id\":\"https:\/\/abrelivros.org.br\/site\/category\/noticias\/\",\"url\":\"https:\/\/abrelivros.org.br\/site\/category\/noticias\/\",\"name\":\"Not\\u00edcias\"}},{\"@type\":\"ListItem\",\"position\":3,\"item\":{\"@type\":\"WebPage\",\"@id\":\"https:\/\/abrelivros.org.br\/site\/category\/noticias\/noticias-da-imprensa\/\",\"url\":\"https:\/\/abrelivros.org.br\/site\/category\/noticias\/noticias-da-imprensa\/\",\"name\":\"Not\\u00edcias da imprensa\"}},{\"@type\":\"ListItem\",\"position\":4,\"item\":{\"@type\":\"WebPage\",\"@id\":\"https:\/\/abrelivros.org.br\/site\/vitor-tavares-e-reeleito-presidente-da-camara-brasileira-do-livro\/\",\"url\":\"https:\/\/abrelivros.org.br\/site\/vitor-tavares-e-reeleito-presidente-da-camara-brasileira-do-livro\/\",\"name\":\"Vitor Tavares \\u00e9 reeleito presidente da C\\u00e2mara Brasileira do Livro\"}}]},{\"@type\":\"Person\",\"@id\":\"https:\/\/abrelivros.org.br\/site\/#\/schema\/person\/65db80e26409802ce15ac5feec6a15fd\",\"name\":\"Reda\\u00e7\\u00e3o Abrelivros\",\"image\":{\"@type\":\"ImageObject\",\"@id\":\"https:\/\/abrelivros.org.br\/site\/#personlogo\",\"inLanguage\":\"pt-BR\",\"url\":\"https:\/\/secure.gravatar.com\/avatar\/c4e57f9c7e3482965bd428192061218520756c39080b1d1820b679fa5e9af192?s=96&d=mm&r=g\",\"caption\":\"Reda\\u00e7\\u00e3o Abrelivros\"}}]}<\/script>\n<!-- \/ Yoast SEO plugin. -->","_links":{"self":[{"href":"https:\/\/abrelivros.org.br\/site\/wp-json\/wp\/v2\/posts\/13291","targetHints":{"allow":["GET"]}}],"collection":[{"href":"https:\/\/abrelivros.org.br\/site\/wp-json\/wp\/v2\/posts"}],"about":[{"href":"https:\/\/abrelivros.org.br\/site\/wp-json\/wp\/v2\/types\/post"}],"author":[{"embeddable":true,"href":"https:\/\/abrelivros.org.br\/site\/wp-json\/wp\/v2\/users\/4"}],"replies":[{"embeddable":true,"href":"https:\/\/abrelivros.org.br\/site\/wp-json\/wp\/v2\/comments?post=13291"}],"version-history":[{"count":2,"href":"https:\/\/abrelivros.org.br\/site\/wp-json\/wp\/v2\/posts\/13291\/revisions"}],"predecessor-version":[{"id":13299,"href":"https:\/\/abrelivros.org.br\/site\/wp-json\/wp\/v2\/posts\/13291\/revisions\/13299"}],"wp:attachment":[{"href":"https:\/\/abrelivros.org.br\/site\/wp-json\/wp\/v2\/media?parent=13291"}],"wp:term":[{"taxonomy":"category","embeddable":true,"href":"https:\/\/abrelivros.org.br\/site\/wp-json\/wp\/v2\/categories?post=13291"},{"taxonomy":"post_tag","embeddable":true,"href":"https:\/\/abrelivros.org.br\/site\/wp-json\/wp\/v2\/tags?post=13291"}],"curies":[{"name":"wp","href":"https:\/\/api.w.org\/{rel}","templated":true}]}}