{"id":13286,"date":"2021-02-25T15:30:32","date_gmt":"2021-02-25T18:30:32","guid":{"rendered":"https:\/\/abrelivros.org.br\/site\/?p=13286"},"modified":"2021-02-25T15:30:32","modified_gmt":"2021-02-25T18:30:32","slug":"movimento-quer-trazer-livros-para-antigo-espaco-cultural-da-zona-leste-de-sp","status":"publish","type":"post","link":"https:\/\/abrelivros.org.br\/site\/movimento-quer-trazer-livros-para-antigo-espaco-cultural-da-zona-leste-de-sp\/","title":{"rendered":"Movimento quer trazer livros para antigo espa\u00e7o cultural da Zona Leste de SP"},"content":{"rendered":"<p>Idealizada por um livreiro, um artista visual, um jornalista e uma banc\u00e1ria, nasceu h\u00e1 pouco tempo, a <a href=\"https:\/\/www.instagram.com\/casa_suja\/?hl=pt-br\" target=\"_blank\" rel=\"noopener noreferrer\">Casa Suja<\/a>, movimento que pretende ocupar um espa\u00e7o para transform\u00e1-lo atrav\u00e9s da mem\u00f3ria, literatura e arte.<!--more--> Nesse projeto, Adalberto Ribeiro \u2013 o Beto da Livraria Simples \u2013, Rafael Calisto, Jo\u00e3o Pejan e Ol\u00edvia Marco pretendem ocupar a Savr\u00e9, centro cultural criado por moradores do bairro da Vila R\u00e9, na Zona Leste de S\u00e3o Paulo, nos anos 1950 que abrigou in\u00fameros eventos culturais e promoveu a sociabilidade entre os moradores do bairro.<\/p>\n<p>A ideia \u00e9 transformar o espa\u00e7o em uma Casa de Cultura, com atividades voltadas para preserva\u00e7\u00e3o da mem\u00f3ria do bairro. Dentre os principais objetivos est\u00e3o a cria\u00e7\u00e3o de uma biblioteca e a instala\u00e7\u00e3o de uma livraria popular, com venda de livros novos a pre\u00e7o de custo e usados para troca; a cria\u00e7\u00e3o de um espa\u00e7o integrado ao jardim, dedicado \u00e0 mem\u00f3ria do bairro e das pessoas; e a instala\u00e7\u00e3o do ateli\u00ea para exposi\u00e7\u00f5es e oficinas de arte gratuitas.<\/p>\n<p>Em conversa com o PublishNews, Beto explicou que o livro entra como uma das fones de sustenta\u00e7\u00e3o econ\u00f4mica do espa\u00e7o. &#8220;Vamos vender os livros a partir do pre\u00e7o de custo pra quem mora na regi\u00e3o para tornar mais acess\u00edvel para eles e vamos sugerir uma porcentagem a mais, de 30% para poder manter o lugar, isso se a pessoa puder e quiser&#8221;, explicou. As obras tamb\u00e9m j\u00e1 est\u00e3o em marketplaces como Estante Virtual e Amazon.<\/p>\n<p>Para viabilizar o projeto, a Casa Suja criou um<a href=\"https:\/\/benfeitoria.com\/casasujaocupasavre\" target=\"_blank\" rel=\"noopener noreferrer\"> financiamento coletivo no Benfeitoria<\/a> que j\u00e1 est\u00e1 nos \u00faltimos dias. Quem apoiar o projeto tem direito a vale-compras na Livraria Simples, adesivos, participa\u00e7\u00e3o em oficina de fotografia e at\u00e9 um bike tour pela cidade.<\/p>\n<p>Quem quiser conhecer a Casa Suja, toda quarta-feira \u2013 respeitando os crit\u00e9rios sanit\u00e1rios impostos pela pandemia \u2013 s\u00e3o realizadas novas melhorias no espa\u00e7o que j\u00e1 contou com interven\u00e7\u00f5es art\u00edsticas de alguns grafiteiros como Karine Guerra e Ricardo Cadol.<\/p>\n","protected":false},"excerpt":{"rendered":"<p>Idealizada por um livreiro, um artista visual, um jornalista e uma banc\u00e1ria, nasceu h\u00e1 pouco tempo, a Casa Suja, movimento que pretende ocupar um espa\u00e7o para transform\u00e1-lo atrav\u00e9s da mem\u00f3ria, literatura e arte.<\/p>\n","protected":false},"author":4,"featured_media":0,"comment_status":"closed","ping_status":"closed","sticky":false,"template":"","format":"standard","meta":{"footnotes":"","_links_to":"","_links_to_target":""},"categories":[9],"tags":[],"class_list":["post-13286","post","type-post","status-publish","format-standard","hentry","category-noticias-da-imprensa"],"yoast_head":"<!-- This site is optimized with the Yoast SEO plugin v15.1 - https:\/\/yoast.com\/wordpress\/plugins\/seo\/ -->\n<title>Movimento quer trazer livros para antigo espa\u00e7o cultural da Zona Leste de SP &raquo; Abrelivros<\/title>\n<meta name=\"robots\" content=\"index, follow, max-snippet:-1, max-image-preview:large, max-video-preview:-1\" \/>\n<link rel=\"canonical\" href=\"https:\/\/abrelivros.org.br\/site\/movimento-quer-trazer-livros-para-antigo-espaco-cultural-da-zona-leste-de-sp\/\" \/>\n<meta property=\"og:locale\" content=\"pt_BR\" \/>\n<meta property=\"og:type\" content=\"article\" \/>\n<meta property=\"og:title\" content=\"Movimento quer trazer livros para antigo espa\u00e7o cultural da Zona Leste de SP &raquo; Abrelivros\" \/>\n<meta property=\"og:description\" content=\"Idealizada por um livreiro, um artista visual, um jornalista e uma banc\u00e1ria, nasceu h\u00e1 pouco tempo, a Casa Suja, movimento que pretende ocupar um espa\u00e7o para transform\u00e1-lo atrav\u00e9s da mem\u00f3ria, literatura e arte.\" \/>\n<meta property=\"og:url\" content=\"https:\/\/abrelivros.org.br\/site\/movimento-quer-trazer-livros-para-antigo-espaco-cultural-da-zona-leste-de-sp\/\" \/>\n<meta property=\"og:site_name\" content=\"Abrelivros\" \/>\n<meta property=\"article:published_time\" content=\"2021-02-25T18:30:32+00:00\" \/>\n<meta name=\"twitter:card\" content=\"summary_large_image\" \/>\n<script type=\"application\/ld+json\" class=\"yoast-schema-graph\">{\"@context\":\"https:\/\/schema.org\",\"@graph\":[{\"@type\":\"WebSite\",\"@id\":\"https:\/\/abrelivros.org.br\/site\/#website\",\"url\":\"https:\/\/abrelivros.org.br\/site\/\",\"name\":\"Abrelivros\",\"description\":\"\",\"potentialAction\":[{\"@type\":\"SearchAction\",\"target\":\"https:\/\/abrelivros.org.br\/site\/?s={search_term_string}\",\"query-input\":\"required name=search_term_string\"}],\"inLanguage\":\"pt-BR\"},{\"@type\":\"WebPage\",\"@id\":\"https:\/\/abrelivros.org.br\/site\/movimento-quer-trazer-livros-para-antigo-espaco-cultural-da-zona-leste-de-sp\/#webpage\",\"url\":\"https:\/\/abrelivros.org.br\/site\/movimento-quer-trazer-livros-para-antigo-espaco-cultural-da-zona-leste-de-sp\/\",\"name\":\"Movimento quer trazer livros para antigo espa\\u00e7o cultural da Zona Leste de SP &raquo; Abrelivros\",\"isPartOf\":{\"@id\":\"https:\/\/abrelivros.org.br\/site\/#website\"},\"datePublished\":\"2021-02-25T18:30:32+00:00\",\"dateModified\":\"2021-02-25T18:30:32+00:00\",\"author\":{\"@id\":\"https:\/\/abrelivros.org.br\/site\/#\/schema\/person\/65db80e26409802ce15ac5feec6a15fd\"},\"breadcrumb\":{\"@id\":\"https:\/\/abrelivros.org.br\/site\/movimento-quer-trazer-livros-para-antigo-espaco-cultural-da-zona-leste-de-sp\/#breadcrumb\"},\"inLanguage\":\"pt-BR\",\"potentialAction\":[{\"@type\":\"ReadAction\",\"target\":[\"https:\/\/abrelivros.org.br\/site\/movimento-quer-trazer-livros-para-antigo-espaco-cultural-da-zona-leste-de-sp\/\"]}]},{\"@type\":\"BreadcrumbList\",\"@id\":\"https:\/\/abrelivros.org.br\/site\/movimento-quer-trazer-livros-para-antigo-espaco-cultural-da-zona-leste-de-sp\/#breadcrumb\",\"itemListElement\":[{\"@type\":\"ListItem\",\"position\":1,\"item\":{\"@type\":\"WebPage\",\"@id\":\"https:\/\/abrelivros.org.br\/site\/\",\"url\":\"https:\/\/abrelivros.org.br\/site\/\",\"name\":\"In\\u00edcio\"}},{\"@type\":\"ListItem\",\"position\":2,\"item\":{\"@type\":\"WebPage\",\"@id\":\"https:\/\/abrelivros.org.br\/site\/category\/noticias\/\",\"url\":\"https:\/\/abrelivros.org.br\/site\/category\/noticias\/\",\"name\":\"Not\\u00edcias\"}},{\"@type\":\"ListItem\",\"position\":3,\"item\":{\"@type\":\"WebPage\",\"@id\":\"https:\/\/abrelivros.org.br\/site\/category\/noticias\/noticias-da-imprensa\/\",\"url\":\"https:\/\/abrelivros.org.br\/site\/category\/noticias\/noticias-da-imprensa\/\",\"name\":\"Not\\u00edcias da imprensa\"}},{\"@type\":\"ListItem\",\"position\":4,\"item\":{\"@type\":\"WebPage\",\"@id\":\"https:\/\/abrelivros.org.br\/site\/movimento-quer-trazer-livros-para-antigo-espaco-cultural-da-zona-leste-de-sp\/\",\"url\":\"https:\/\/abrelivros.org.br\/site\/movimento-quer-trazer-livros-para-antigo-espaco-cultural-da-zona-leste-de-sp\/\",\"name\":\"Movimento quer trazer livros para antigo espa\\u00e7o cultural da Zona Leste de SP\"}}]},{\"@type\":\"Person\",\"@id\":\"https:\/\/abrelivros.org.br\/site\/#\/schema\/person\/65db80e26409802ce15ac5feec6a15fd\",\"name\":\"Reda\\u00e7\\u00e3o Abrelivros\",\"image\":{\"@type\":\"ImageObject\",\"@id\":\"https:\/\/abrelivros.org.br\/site\/#personlogo\",\"inLanguage\":\"pt-BR\",\"url\":\"https:\/\/secure.gravatar.com\/avatar\/c4e57f9c7e3482965bd428192061218520756c39080b1d1820b679fa5e9af192?s=96&d=mm&r=g\",\"caption\":\"Reda\\u00e7\\u00e3o Abrelivros\"}}]}<\/script>\n<!-- \/ Yoast SEO plugin. -->","_links":{"self":[{"href":"https:\/\/abrelivros.org.br\/site\/wp-json\/wp\/v2\/posts\/13286","targetHints":{"allow":["GET"]}}],"collection":[{"href":"https:\/\/abrelivros.org.br\/site\/wp-json\/wp\/v2\/posts"}],"about":[{"href":"https:\/\/abrelivros.org.br\/site\/wp-json\/wp\/v2\/types\/post"}],"author":[{"embeddable":true,"href":"https:\/\/abrelivros.org.br\/site\/wp-json\/wp\/v2\/users\/4"}],"replies":[{"embeddable":true,"href":"https:\/\/abrelivros.org.br\/site\/wp-json\/wp\/v2\/comments?post=13286"}],"version-history":[{"count":1,"href":"https:\/\/abrelivros.org.br\/site\/wp-json\/wp\/v2\/posts\/13286\/revisions"}],"predecessor-version":[{"id":13287,"href":"https:\/\/abrelivros.org.br\/site\/wp-json\/wp\/v2\/posts\/13286\/revisions\/13287"}],"wp:attachment":[{"href":"https:\/\/abrelivros.org.br\/site\/wp-json\/wp\/v2\/media?parent=13286"}],"wp:term":[{"taxonomy":"category","embeddable":true,"href":"https:\/\/abrelivros.org.br\/site\/wp-json\/wp\/v2\/categories?post=13286"},{"taxonomy":"post_tag","embeddable":true,"href":"https:\/\/abrelivros.org.br\/site\/wp-json\/wp\/v2\/tags?post=13286"}],"curies":[{"name":"wp","href":"https:\/\/api.w.org\/{rel}","templated":true}]}}