{"id":13279,"date":"2021-02-25T15:21:20","date_gmt":"2021-02-25T18:21:20","guid":{"rendered":"https:\/\/abrelivros.org.br\/site\/?p=13279"},"modified":"2021-02-25T15:21:20","modified_gmt":"2021-02-25T18:21:20","slug":"o-que-mudou-no-mundo-do-livro","status":"publish","type":"post","link":"https:\/\/abrelivros.org.br\/site\/o-que-mudou-no-mundo-do-livro\/","title":{"rendered":"O que mudou no mundo do livro"},"content":{"rendered":"<p>Bernardo Gurbanov, presidente da ANL &#8211; Associa\u00e7\u00e3o Nacional das Livrarias, conversou com Paulo Addair do canal Paponet, Youtube, sobre o que mudou no mundo do livro. No seu varejo, no comportamento do leitor, nas adequa\u00e7\u00f5es de toda a cadeia que superou um dos anos mais dif\u00edceis para o comercio f\u00edsico e, mostrou que o profissional do livro e o, pr\u00f3prio livro, sua capacidade de supera\u00e7\u00e3o.<!--more--><\/p>\n<p>Assista tamb\u00e9m no <strong>Youtube<\/strong>: https:\/\/youtu.be\/aOqSlECYN5s?t=1<\/p>\n","protected":false},"excerpt":{"rendered":"<p>Bernardo Gurbanov, presidente da ANL &#8211; Associa\u00e7\u00e3o Nacional das Livrarias, conversou com Paulo Addair do canal Paponet, Youtube, sobre o que mudou no mundo do livro. No seu varejo, no comportamento do leitor, nas adequa\u00e7\u00f5es de toda a cadeia que superou um dos anos mais dif\u00edceis para o comercio f\u00edsico e, mostrou que o profissional [&hellip;]<\/p>\n","protected":false},"author":4,"featured_media":0,"comment_status":"closed","ping_status":"closed","sticky":false,"template":"","format":"standard","meta":{"footnotes":"","_links_to":"","_links_to_target":""},"categories":[9],"tags":[],"class_list":["post-13279","post","type-post","status-publish","format-standard","hentry","category-noticias-da-imprensa"],"yoast_head":"<!-- This site is optimized with the Yoast SEO plugin v15.1 - https:\/\/yoast.com\/wordpress\/plugins\/seo\/ -->\n<title>O que mudou no mundo do livro &raquo; Abrelivros<\/title>\n<meta name=\"robots\" content=\"index, follow, max-snippet:-1, max-image-preview:large, max-video-preview:-1\" \/>\n<link rel=\"canonical\" href=\"https:\/\/abrelivros.org.br\/site\/o-que-mudou-no-mundo-do-livro\/\" \/>\n<meta property=\"og:locale\" content=\"pt_BR\" \/>\n<meta property=\"og:type\" content=\"article\" \/>\n<meta property=\"og:title\" content=\"O que mudou no mundo do livro &raquo; Abrelivros\" \/>\n<meta property=\"og:description\" content=\"Bernardo Gurbanov, presidente da ANL &#8211; Associa\u00e7\u00e3o Nacional das Livrarias, conversou com Paulo Addair do canal Paponet, Youtube, sobre o que mudou no mundo do livro. No seu varejo, no comportamento do leitor, nas adequa\u00e7\u00f5es de toda a cadeia que superou um dos anos mais dif\u00edceis para o comercio f\u00edsico e, mostrou que o profissional [&hellip;]\" \/>\n<meta property=\"og:url\" content=\"https:\/\/abrelivros.org.br\/site\/o-que-mudou-no-mundo-do-livro\/\" \/>\n<meta property=\"og:site_name\" content=\"Abrelivros\" \/>\n<meta property=\"article:published_time\" content=\"2021-02-25T18:21:20+00:00\" \/>\n<meta name=\"twitter:card\" content=\"summary_large_image\" \/>\n<script type=\"application\/ld+json\" class=\"yoast-schema-graph\">{\"@context\":\"https:\/\/schema.org\",\"@graph\":[{\"@type\":\"WebSite\",\"@id\":\"https:\/\/abrelivros.org.br\/site\/#website\",\"url\":\"https:\/\/abrelivros.org.br\/site\/\",\"name\":\"Abrelivros\",\"description\":\"\",\"potentialAction\":[{\"@type\":\"SearchAction\",\"target\":\"https:\/\/abrelivros.org.br\/site\/?s={search_term_string}\",\"query-input\":\"required name=search_term_string\"}],\"inLanguage\":\"pt-BR\"},{\"@type\":\"WebPage\",\"@id\":\"https:\/\/abrelivros.org.br\/site\/o-que-mudou-no-mundo-do-livro\/#webpage\",\"url\":\"https:\/\/abrelivros.org.br\/site\/o-que-mudou-no-mundo-do-livro\/\",\"name\":\"O que mudou no mundo do livro &raquo; Abrelivros\",\"isPartOf\":{\"@id\":\"https:\/\/abrelivros.org.br\/site\/#website\"},\"datePublished\":\"2021-02-25T18:21:20+00:00\",\"dateModified\":\"2021-02-25T18:21:20+00:00\",\"author\":{\"@id\":\"https:\/\/abrelivros.org.br\/site\/#\/schema\/person\/65db80e26409802ce15ac5feec6a15fd\"},\"breadcrumb\":{\"@id\":\"https:\/\/abrelivros.org.br\/site\/o-que-mudou-no-mundo-do-livro\/#breadcrumb\"},\"inLanguage\":\"pt-BR\",\"potentialAction\":[{\"@type\":\"ReadAction\",\"target\":[\"https:\/\/abrelivros.org.br\/site\/o-que-mudou-no-mundo-do-livro\/\"]}]},{\"@type\":\"BreadcrumbList\",\"@id\":\"https:\/\/abrelivros.org.br\/site\/o-que-mudou-no-mundo-do-livro\/#breadcrumb\",\"itemListElement\":[{\"@type\":\"ListItem\",\"position\":1,\"item\":{\"@type\":\"WebPage\",\"@id\":\"https:\/\/abrelivros.org.br\/site\/\",\"url\":\"https:\/\/abrelivros.org.br\/site\/\",\"name\":\"In\\u00edcio\"}},{\"@type\":\"ListItem\",\"position\":2,\"item\":{\"@type\":\"WebPage\",\"@id\":\"https:\/\/abrelivros.org.br\/site\/category\/noticias\/\",\"url\":\"https:\/\/abrelivros.org.br\/site\/category\/noticias\/\",\"name\":\"Not\\u00edcias\"}},{\"@type\":\"ListItem\",\"position\":3,\"item\":{\"@type\":\"WebPage\",\"@id\":\"https:\/\/abrelivros.org.br\/site\/category\/noticias\/noticias-da-imprensa\/\",\"url\":\"https:\/\/abrelivros.org.br\/site\/category\/noticias\/noticias-da-imprensa\/\",\"name\":\"Not\\u00edcias da imprensa\"}},{\"@type\":\"ListItem\",\"position\":4,\"item\":{\"@type\":\"WebPage\",\"@id\":\"https:\/\/abrelivros.org.br\/site\/o-que-mudou-no-mundo-do-livro\/\",\"url\":\"https:\/\/abrelivros.org.br\/site\/o-que-mudou-no-mundo-do-livro\/\",\"name\":\"O que mudou no mundo do livro\"}}]},{\"@type\":\"Person\",\"@id\":\"https:\/\/abrelivros.org.br\/site\/#\/schema\/person\/65db80e26409802ce15ac5feec6a15fd\",\"name\":\"Reda\\u00e7\\u00e3o Abrelivros\",\"image\":{\"@type\":\"ImageObject\",\"@id\":\"https:\/\/abrelivros.org.br\/site\/#personlogo\",\"inLanguage\":\"pt-BR\",\"url\":\"https:\/\/secure.gravatar.com\/avatar\/c4e57f9c7e3482965bd428192061218520756c39080b1d1820b679fa5e9af192?s=96&d=mm&r=g\",\"caption\":\"Reda\\u00e7\\u00e3o Abrelivros\"}}]}<\/script>\n<!-- \/ Yoast SEO plugin. -->","_links":{"self":[{"href":"https:\/\/abrelivros.org.br\/site\/wp-json\/wp\/v2\/posts\/13279","targetHints":{"allow":["GET"]}}],"collection":[{"href":"https:\/\/abrelivros.org.br\/site\/wp-json\/wp\/v2\/posts"}],"about":[{"href":"https:\/\/abrelivros.org.br\/site\/wp-json\/wp\/v2\/types\/post"}],"author":[{"embeddable":true,"href":"https:\/\/abrelivros.org.br\/site\/wp-json\/wp\/v2\/users\/4"}],"replies":[{"embeddable":true,"href":"https:\/\/abrelivros.org.br\/site\/wp-json\/wp\/v2\/comments?post=13279"}],"version-history":[{"count":1,"href":"https:\/\/abrelivros.org.br\/site\/wp-json\/wp\/v2\/posts\/13279\/revisions"}],"predecessor-version":[{"id":13280,"href":"https:\/\/abrelivros.org.br\/site\/wp-json\/wp\/v2\/posts\/13279\/revisions\/13280"}],"wp:attachment":[{"href":"https:\/\/abrelivros.org.br\/site\/wp-json\/wp\/v2\/media?parent=13279"}],"wp:term":[{"taxonomy":"category","embeddable":true,"href":"https:\/\/abrelivros.org.br\/site\/wp-json\/wp\/v2\/categories?post=13279"},{"taxonomy":"post_tag","embeddable":true,"href":"https:\/\/abrelivros.org.br\/site\/wp-json\/wp\/v2\/tags?post=13279"}],"curies":[{"name":"wp","href":"https:\/\/api.w.org\/{rel}","templated":true}]}}