{"id":13277,"date":"2021-02-25T15:19:05","date_gmt":"2021-02-25T18:19:05","guid":{"rendered":"https:\/\/abrelivros.org.br\/site\/?p=13277"},"modified":"2021-02-25T15:19:05","modified_gmt":"2021-02-25T18:19:05","slug":"pec-186-um-ataque-ao-direito-fundamental-de-acesso-a-educacao","status":"publish","type":"post","link":"https:\/\/abrelivros.org.br\/site\/pec-186-um-ataque-ao-direito-fundamental-de-acesso-a-educacao\/","title":{"rendered":"PEC 186 \u2013 um ataque ao direito fundamental de acesso \u00e0 educa\u00e7\u00e3o"},"content":{"rendered":"<p>A Proposta de Emenda Constitucional n\u00ba 186 em tramite no Senado Federal, inobstante seus pontos positivos no tocante a limita\u00e7\u00e3o dos gastos p\u00fablicos, ofende um dos direitos mais importantes do cidad\u00e3o, o acesso \u00e0 educa\u00e7\u00e3o. O substitutivo com mais de uma centena de emendas no artigo 4\u00ba, determina: \u2013 Art. 4\u00ba Ficam revogados: o caput e os \u00a7\u00a7 1\u00ba e 2\u00ba do art. 212 da Constitui\u00e7\u00e3o Federal -.<!--more--> Em s\u00edntese, a proposta acaba com o limite m\u00ednimo de gastos com a educa\u00e7\u00e3o, cuja imposi\u00e7\u00e3o atualmente tem a seguinte reda\u00e7\u00e3o: Art. 212 \u2013 A Uni\u00e3o aplicar\u00e1, anualmente, nunca menos de dezoito, e os Estados, o Distrito Federal e os Munic\u00edpios vinte e cinco por cento, no m\u00ednimo, da receita resultante de impostos, compreendida a proveniente de transfer\u00eancias, na manuten\u00e7\u00e3o e desenvolvimento do ensino.<\/p>\n<p>Caso aprovada a PEC ser\u00e1 um retrocesso de efeitos catastr\u00f3ficos para o Brasil, pois a educa\u00e7\u00e3o ao lado da sa\u00fade estrutura qualquer estado civilizado. Pensar uma sociedade onde o Estado fica desobrigado de aplicar um percentual m\u00ednimo de sua arrecada\u00e7\u00e3o na forma\u00e7\u00e3o das gera\u00e7\u00f5es que o governar\u00e3o no futuro, \u00e9 preparar terreno para um pa\u00eds gerido por med\u00edocres, ou pior, por uma casta privilegiada dos que tiveram condi\u00e7\u00f5es de estudar em institui\u00e7\u00f5es particulares que se alternar\u00e3o no poder. O direito \u00e0 educa\u00e7\u00e3o \u00e9 amplamente assegurado pela Constitui\u00e7\u00e3o Federal atrav\u00e9s dos artigos 6\u00ba, 205, 208 e 212. Dever\u00e1 ser social, gratuito e universal, garantia de todos e dever do Estado. Essa garantia tem o adjetivo de fundamental, consoante dic\u00e7\u00e3o do \u00a7 1\u00ba do artigo 5\u00ba sendo imposs\u00edvel de altera\u00e7\u00e3o pelo poder constituinte derivado \u2013 inciso IV do artigo 60 -. Sem preju\u00edzo das disposi\u00e7\u00f5es constitucionais, a ONU atrav\u00e9s da Declara\u00e7\u00e3o Mundial sobre Educa\u00e7\u00e3o,[1] ratifica a Declara\u00e7\u00e3o Universal dos Direitos Humanos, que em seu artig<br \/>\no 26 assegura:<\/p>\n<p>1. Todo ser humano tem direito \u00e0 instru\u00e7\u00e3o. A instru\u00e7\u00e3o ser\u00e1 gratuita, pelo menos nos graus elementares e fundamentais. A instru\u00e7\u00e3o elementar ser\u00e1 obrigat\u00f3ria. A instru\u00e7\u00e3o t\u00e9cnico-profissional ser\u00e1 acess\u00edvel a todos, bem como a instru\u00e7\u00e3o superior, esta baseada no m\u00e9rito.[2]<\/p>\n<p>\u00c9 incontroverso que o direito a educa\u00e7\u00e3o integra aqueles de \u00edndole fundamental bem como resta assegurado como um dos pilares da Carta de 1948 das Na\u00e7\u00f5es Unidas. A PEC 186, rotulada de \u201cPEC Emergencial\u201d, em seu artigo 4\u00ba, desconsidera totalmente essas garantias de acesso \u00e0 educa\u00e7\u00e3o, mitigando o investimento m\u00ednimo da Uni\u00e3o, Estados, Distrito Federal e Munic\u00edpios nessa \u00e1rea. Estando os entes federados desobrigados, ocorrer\u00e1 sem qualquer duvida, redu\u00e7\u00e3o na qualidade do ensino com mitiga\u00e7\u00e3o da estrutura f\u00edsica (hoje j\u00e1 prec\u00e1ria em muitos locais), retirada do investimento na reciclagem do corpo docente e servidores administrativos, alem de in\u00fameras outras restri\u00e7\u00f5es perniciosas \u00e0 concretiza\u00e7\u00e3o dessa garantia fundamental.<\/p>\n<p>Segundo informa\u00e7\u00f5es n\u00e3o oficiais, o aux\u00edlio emergencial ter\u00e1 impacto de, no m\u00e1ximo, 32 bilh\u00f5es de reais. O atual investimento na Educa\u00e7\u00e3o supera os 100 bilh\u00f5es de reais, inexistindo raz\u00f5es l\u00f3gicas para a supress\u00e3o do artigo 212. A PEC aparenta ser uma tentativa de desconstruir a pol\u00edtica de educa\u00e7\u00e3o estatal, revelando que a forma\u00e7\u00e3o estrutural do povo n\u00e3o esta nas prioridades daqueles que ap\u00f3iam essa teratol\u00f3gica propositura. O relator da PEC justifica a pretens\u00e3o \u201cpara devolver aos munic\u00edpios, aos estados e \u00e0 Uni\u00e3o o poder de legislar uma das leis mais importantes, que \u00e9 o or\u00e7amento\u201d.[3]<\/p>\n<p>O equ\u00edvoco n\u00e3o poderia ser maior. Se n\u00e3o existir uma obriga\u00e7\u00e3o de investimento m\u00ednimo, a falta de compromisso (patriotismo) de muitos governantes comprometer\u00e1 o or\u00e7amento para a educa\u00e7\u00e3o p\u00fablica no pa\u00eds, atingindo, inclusive, os repasses do Fundo de Manuten\u00e7\u00e3o e Desenvolvimento da Educa\u00e7\u00e3o B\u00e1sica e de Valoriza\u00e7\u00e3o dos Profissionais da Educa\u00e7\u00e3o (Fundeb). Como o or\u00e7amento \u00e9 uma pe\u00e7a legislativa mais pol\u00edtica do que t\u00e9cnica, certamente se o artigo 212 da Constitui\u00e7\u00e3o Federal for revogado, a educa\u00e7\u00e3o n\u00e3o ser\u00e1 prioridade na maioria dos or\u00e7amentos brasileiros. A mat\u00e9ria esta pautada para os pr\u00f3ximos dias, o Brasil espera que o Senado n\u00e3o se curve a interesses estranhos ao da boa forma\u00e7\u00e3o do povo.<\/p>\n<p>*Jose Antonio Gomes Ign\u00e1cio Junior, advogado, professor de Direito na Faculdade Eduvale, mestre em Teoria do Direito e do Estado, especialista em Direito Tribut\u00e1rio, Eleitoral e P\u00fablico (lato sensu), doutorando em Ci\u00eancias Jur\u00eddicas pela Universidade Aut\u00f4noma de Lisboa \u201cLuiz de Cam\u00f5es\u201d (Portugal)<\/p>\n<p>[1] Jomtien, Tail\u00e2ndia \u2013 5 a 9 de mar\u00e7o de 1990. http:\/\/www.dhnet.org.br\/direitos\/sip\/onu\/educar\/todos.htm. acesso em 24\/02\/2021<\/p>\n<p>[2] https:\/\/www.unicef.org\/brazil\/declaracao-universal-dos-direitos-humanos. acesso em 24\/02\/2021<\/p>\n<p>[3] https:\/\/www12.senado.leg.br\/noticias\/materias\/2021\/02\/22\/relatorio-da-pec-emergencial-inclui-clausula-para-permitir-pagamento-de-auxilio. acesso em 24\/02\/2021<\/p>\n","protected":false},"excerpt":{"rendered":"<p>A Proposta de Emenda Constitucional n\u00ba 186 em tramite no Senado Federal, inobstante seus pontos positivos no tocante a limita\u00e7\u00e3o dos gastos p\u00fablicos, ofende um dos direitos mais importantes do cidad\u00e3o, o acesso \u00e0 educa\u00e7\u00e3o. O substitutivo com mais de uma centena de emendas no artigo 4\u00ba, determina: \u2013 Art. 4\u00ba Ficam revogados: o caput [&hellip;]<\/p>\n","protected":false},"author":4,"featured_media":0,"comment_status":"closed","ping_status":"closed","sticky":false,"template":"","format":"standard","meta":{"footnotes":"","_links_to":"","_links_to_target":""},"categories":[9],"tags":[],"class_list":["post-13277","post","type-post","status-publish","format-standard","hentry","category-noticias-da-imprensa"],"yoast_head":"<!-- This site is optimized with the Yoast SEO plugin v15.1 - https:\/\/yoast.com\/wordpress\/plugins\/seo\/ -->\n<title>PEC 186 \u2013 um ataque ao direito fundamental de acesso \u00e0 educa\u00e7\u00e3o &raquo; Abrelivros<\/title>\n<meta name=\"robots\" content=\"index, follow, max-snippet:-1, max-image-preview:large, max-video-preview:-1\" \/>\n<link rel=\"canonical\" href=\"https:\/\/abrelivros.org.br\/site\/pec-186-um-ataque-ao-direito-fundamental-de-acesso-a-educacao\/\" \/>\n<meta property=\"og:locale\" content=\"pt_BR\" \/>\n<meta property=\"og:type\" content=\"article\" \/>\n<meta property=\"og:title\" content=\"PEC 186 \u2013 um ataque ao direito fundamental de acesso \u00e0 educa\u00e7\u00e3o &raquo; Abrelivros\" \/>\n<meta property=\"og:description\" content=\"A Proposta de Emenda Constitucional n\u00ba 186 em tramite no Senado Federal, inobstante seus pontos positivos no tocante a limita\u00e7\u00e3o dos gastos p\u00fablicos, ofende um dos direitos mais importantes do cidad\u00e3o, o acesso \u00e0 educa\u00e7\u00e3o. O substitutivo com mais de uma centena de emendas no artigo 4\u00ba, determina: \u2013 Art. 4\u00ba Ficam revogados: o caput [&hellip;]\" \/>\n<meta property=\"og:url\" content=\"https:\/\/abrelivros.org.br\/site\/pec-186-um-ataque-ao-direito-fundamental-de-acesso-a-educacao\/\" \/>\n<meta property=\"og:site_name\" content=\"Abrelivros\" \/>\n<meta property=\"article:published_time\" content=\"2021-02-25T18:19:05+00:00\" \/>\n<meta name=\"twitter:card\" content=\"summary_large_image\" \/>\n<script type=\"application\/ld+json\" class=\"yoast-schema-graph\">{\"@context\":\"https:\/\/schema.org\",\"@graph\":[{\"@type\":\"WebSite\",\"@id\":\"https:\/\/abrelivros.org.br\/site\/#website\",\"url\":\"https:\/\/abrelivros.org.br\/site\/\",\"name\":\"Abrelivros\",\"description\":\"\",\"potentialAction\":[{\"@type\":\"SearchAction\",\"target\":\"https:\/\/abrelivros.org.br\/site\/?s={search_term_string}\",\"query-input\":\"required name=search_term_string\"}],\"inLanguage\":\"pt-BR\"},{\"@type\":\"WebPage\",\"@id\":\"https:\/\/abrelivros.org.br\/site\/pec-186-um-ataque-ao-direito-fundamental-de-acesso-a-educacao\/#webpage\",\"url\":\"https:\/\/abrelivros.org.br\/site\/pec-186-um-ataque-ao-direito-fundamental-de-acesso-a-educacao\/\",\"name\":\"PEC 186 \\u2013 um ataque ao direito fundamental de acesso \\u00e0 educa\\u00e7\\u00e3o &raquo; Abrelivros\",\"isPartOf\":{\"@id\":\"https:\/\/abrelivros.org.br\/site\/#website\"},\"datePublished\":\"2021-02-25T18:19:05+00:00\",\"dateModified\":\"2021-02-25T18:19:05+00:00\",\"author\":{\"@id\":\"https:\/\/abrelivros.org.br\/site\/#\/schema\/person\/65db80e26409802ce15ac5feec6a15fd\"},\"breadcrumb\":{\"@id\":\"https:\/\/abrelivros.org.br\/site\/pec-186-um-ataque-ao-direito-fundamental-de-acesso-a-educacao\/#breadcrumb\"},\"inLanguage\":\"pt-BR\",\"potentialAction\":[{\"@type\":\"ReadAction\",\"target\":[\"https:\/\/abrelivros.org.br\/site\/pec-186-um-ataque-ao-direito-fundamental-de-acesso-a-educacao\/\"]}]},{\"@type\":\"BreadcrumbList\",\"@id\":\"https:\/\/abrelivros.org.br\/site\/pec-186-um-ataque-ao-direito-fundamental-de-acesso-a-educacao\/#breadcrumb\",\"itemListElement\":[{\"@type\":\"ListItem\",\"position\":1,\"item\":{\"@type\":\"WebPage\",\"@id\":\"https:\/\/abrelivros.org.br\/site\/\",\"url\":\"https:\/\/abrelivros.org.br\/site\/\",\"name\":\"In\\u00edcio\"}},{\"@type\":\"ListItem\",\"position\":2,\"item\":{\"@type\":\"WebPage\",\"@id\":\"https:\/\/abrelivros.org.br\/site\/category\/noticias\/\",\"url\":\"https:\/\/abrelivros.org.br\/site\/category\/noticias\/\",\"name\":\"Not\\u00edcias\"}},{\"@type\":\"ListItem\",\"position\":3,\"item\":{\"@type\":\"WebPage\",\"@id\":\"https:\/\/abrelivros.org.br\/site\/category\/noticias\/noticias-da-imprensa\/\",\"url\":\"https:\/\/abrelivros.org.br\/site\/category\/noticias\/noticias-da-imprensa\/\",\"name\":\"Not\\u00edcias da imprensa\"}},{\"@type\":\"ListItem\",\"position\":4,\"item\":{\"@type\":\"WebPage\",\"@id\":\"https:\/\/abrelivros.org.br\/site\/pec-186-um-ataque-ao-direito-fundamental-de-acesso-a-educacao\/\",\"url\":\"https:\/\/abrelivros.org.br\/site\/pec-186-um-ataque-ao-direito-fundamental-de-acesso-a-educacao\/\",\"name\":\"PEC 186 \\u2013 um ataque ao direito fundamental de acesso \\u00e0 educa\\u00e7\\u00e3o\"}}]},{\"@type\":\"Person\",\"@id\":\"https:\/\/abrelivros.org.br\/site\/#\/schema\/person\/65db80e26409802ce15ac5feec6a15fd\",\"name\":\"Reda\\u00e7\\u00e3o Abrelivros\",\"image\":{\"@type\":\"ImageObject\",\"@id\":\"https:\/\/abrelivros.org.br\/site\/#personlogo\",\"inLanguage\":\"pt-BR\",\"url\":\"https:\/\/secure.gravatar.com\/avatar\/c4e57f9c7e3482965bd428192061218520756c39080b1d1820b679fa5e9af192?s=96&d=mm&r=g\",\"caption\":\"Reda\\u00e7\\u00e3o Abrelivros\"}}]}<\/script>\n<!-- \/ Yoast SEO plugin. -->","_links":{"self":[{"href":"https:\/\/abrelivros.org.br\/site\/wp-json\/wp\/v2\/posts\/13277","targetHints":{"allow":["GET"]}}],"collection":[{"href":"https:\/\/abrelivros.org.br\/site\/wp-json\/wp\/v2\/posts"}],"about":[{"href":"https:\/\/abrelivros.org.br\/site\/wp-json\/wp\/v2\/types\/post"}],"author":[{"embeddable":true,"href":"https:\/\/abrelivros.org.br\/site\/wp-json\/wp\/v2\/users\/4"}],"replies":[{"embeddable":true,"href":"https:\/\/abrelivros.org.br\/site\/wp-json\/wp\/v2\/comments?post=13277"}],"version-history":[{"count":1,"href":"https:\/\/abrelivros.org.br\/site\/wp-json\/wp\/v2\/posts\/13277\/revisions"}],"predecessor-version":[{"id":13278,"href":"https:\/\/abrelivros.org.br\/site\/wp-json\/wp\/v2\/posts\/13277\/revisions\/13278"}],"wp:attachment":[{"href":"https:\/\/abrelivros.org.br\/site\/wp-json\/wp\/v2\/media?parent=13277"}],"wp:term":[{"taxonomy":"category","embeddable":true,"href":"https:\/\/abrelivros.org.br\/site\/wp-json\/wp\/v2\/categories?post=13277"},{"taxonomy":"post_tag","embeddable":true,"href":"https:\/\/abrelivros.org.br\/site\/wp-json\/wp\/v2\/tags?post=13277"}],"curies":[{"name":"wp","href":"https:\/\/api.w.org\/{rel}","templated":true}]}}