{"id":13270,"date":"2021-02-24T14:40:09","date_gmt":"2021-02-24T17:40:09","guid":{"rendered":"https:\/\/abrelivros.org.br\/site\/?p=13270"},"modified":"2021-02-24T14:40:09","modified_gmt":"2021-02-24T17:40:09","slug":"nota-publica-sobre-a-proposta-de-desvinculacao-dos-percentuais-constitucionais-a-saude-e-educacao","status":"publish","type":"post","link":"https:\/\/abrelivros.org.br\/site\/nota-publica-sobre-a-proposta-de-desvinculacao-dos-percentuais-constitucionais-a-saude-e-educacao\/","title":{"rendered":"Nota P\u00fablica sobre a proposta de desvincula\u00e7\u00e3o dos percentuais constitucionais \u00e0 sa\u00fade e educa\u00e7\u00e3o"},"content":{"rendered":"<p>A Undime, institui\u00e7\u00e3o que re\u00fane os dirigentes respons\u00e1veis pela oferta da educa\u00e7\u00e3o b\u00e1sica p\u00fablica nos 5568 munic\u00edpios do pa\u00eds, manifesta sua indigna\u00e7\u00e3o perante a proposta de desvincula\u00e7\u00e3o dos percentuais constitucionais \u00e0 sa\u00fade e educa\u00e7\u00e3o, conforme divulgado pela imprensa nos \u00faltimos dias.<!--more--><\/p>\n<p>Segundo o art. 212 da Constitui\u00e7\u00e3o Federal, a Uni\u00e3o deve aplicar em educa\u00e7\u00e3o, no m\u00ednimo, o equivalente a 18% da receita resultante de impostos, e estados e munic\u00edpios 25%. Esse princ\u00edpio, importante conquista do povo brasileiro na Constitui\u00e7\u00e3o de 1988, \u00e9 fundante para o planejamento e gest\u00e3o da educa\u00e7\u00e3o e essencial para o cumprimento do direito de todos e todas \u00e0 educa\u00e7\u00e3o, previsto no art. 205 da Constitui\u00e7\u00e3o.<\/p>\n<p>Em um momento em que os entes federados discutem o processo de reabertura das escolas p\u00fablicas e implementam os necess\u00e1rios protocolos de seguran\u00e7a sanit\u00e1ria, \u00e9 impens\u00e1vel propor altera\u00e7\u00f5es nesses percentuais. Al\u00e9m disso, tal medida tamb\u00e9m afetaria o Fundeb que rec\u00e9m foi aprovado pelo Congresso Nacional, ap\u00f3s cinco anos de discuss\u00e3o.<\/p>\n<p>Ao contr\u00e1rio do que a PEC Emergencial ou a PEC do Pacto Federativo prop\u00f5em, o momento atual exige mais investimentos nas \u00e1reas sociais e mais garantias aos direitos constitucionais dos cidad\u00e3os. \u00c9 temer\u00e1rio repetir o discurso de que h\u00e1 recursos e de que o problema \u00e9 de gest\u00e3o, ou de que a desvincula\u00e7\u00e3o daria mais autonomia aos entes federados.<\/p>\n<p>H\u00e1 muito o que se fazer e conquistar, principalmente em um estado de calamidade p\u00fablica. Mais do que nunca \u00e9 preciso defender a sa\u00fade p\u00fablica e a educa\u00e7\u00e3o p\u00fablica \u2013 da creche ao ensino superior \u2013 e seus preceitos constitucionais.<\/p>\n<p>&nbsp;<\/p>\n<p>Bras\u00edlia, 23 de fevereiro de 2021<\/p>\n<p>LUIZ MIGUEL MARTINS GARCIA<br \/>\nDirigente Municipal de Educa\u00e7\u00e3o de Sud Mennucci\/SP<br \/>\nPresidente da Undime<\/p>\n<p><a href=\"https:\/\/undime.org.br\/uploads\/documentos\/phpyeyCXn_603527ffe827d.pdf\" target=\"_blank\" rel=\"noopener noreferrer\">Clique aqui e acesse a nota em pdf<\/a>.<\/p>\n","protected":false},"excerpt":{"rendered":"<p>A Undime, institui\u00e7\u00e3o que re\u00fane os dirigentes respons\u00e1veis pela oferta da educa\u00e7\u00e3o b\u00e1sica p\u00fablica nos 5568 munic\u00edpios do pa\u00eds, manifesta sua indigna\u00e7\u00e3o perante a proposta de desvincula\u00e7\u00e3o dos percentuais constitucionais \u00e0 sa\u00fade e educa\u00e7\u00e3o, conforme divulgado pela imprensa nos \u00faltimos dias.<\/p>\n","protected":false},"author":4,"featured_media":0,"comment_status":"closed","ping_status":"closed","sticky":false,"template":"","format":"standard","meta":{"footnotes":"","_links_to":"","_links_to_target":""},"categories":[9],"tags":[],"class_list":["post-13270","post","type-post","status-publish","format-standard","hentry","category-noticias-da-imprensa"],"yoast_head":"<!-- This site is optimized with the Yoast SEO plugin v15.1 - https:\/\/yoast.com\/wordpress\/plugins\/seo\/ -->\n<title>Nota P\u00fablica sobre a proposta de desvincula\u00e7\u00e3o dos percentuais constitucionais \u00e0 sa\u00fade e educa\u00e7\u00e3o &raquo; Abrelivros<\/title>\n<meta name=\"robots\" content=\"index, follow, max-snippet:-1, max-image-preview:large, max-video-preview:-1\" \/>\n<link rel=\"canonical\" href=\"https:\/\/abrelivros.org.br\/site\/nota-publica-sobre-a-proposta-de-desvinculacao-dos-percentuais-constitucionais-a-saude-e-educacao\/\" \/>\n<meta property=\"og:locale\" content=\"pt_BR\" \/>\n<meta property=\"og:type\" content=\"article\" \/>\n<meta property=\"og:title\" content=\"Nota P\u00fablica sobre a proposta de desvincula\u00e7\u00e3o dos percentuais constitucionais \u00e0 sa\u00fade e educa\u00e7\u00e3o &raquo; Abrelivros\" \/>\n<meta property=\"og:description\" content=\"A Undime, institui\u00e7\u00e3o que re\u00fane os dirigentes respons\u00e1veis pela oferta da educa\u00e7\u00e3o b\u00e1sica p\u00fablica nos 5568 munic\u00edpios do pa\u00eds, manifesta sua indigna\u00e7\u00e3o perante a proposta de desvincula\u00e7\u00e3o dos percentuais constitucionais \u00e0 sa\u00fade e educa\u00e7\u00e3o, conforme divulgado pela imprensa nos \u00faltimos dias.\" \/>\n<meta property=\"og:url\" content=\"https:\/\/abrelivros.org.br\/site\/nota-publica-sobre-a-proposta-de-desvinculacao-dos-percentuais-constitucionais-a-saude-e-educacao\/\" \/>\n<meta property=\"og:site_name\" content=\"Abrelivros\" \/>\n<meta property=\"article:published_time\" content=\"2021-02-24T17:40:09+00:00\" \/>\n<meta name=\"twitter:card\" content=\"summary_large_image\" \/>\n<script type=\"application\/ld+json\" class=\"yoast-schema-graph\">{\"@context\":\"https:\/\/schema.org\",\"@graph\":[{\"@type\":\"WebSite\",\"@id\":\"https:\/\/abrelivros.org.br\/site\/#website\",\"url\":\"https:\/\/abrelivros.org.br\/site\/\",\"name\":\"Abrelivros\",\"description\":\"\",\"potentialAction\":[{\"@type\":\"SearchAction\",\"target\":\"https:\/\/abrelivros.org.br\/site\/?s={search_term_string}\",\"query-input\":\"required name=search_term_string\"}],\"inLanguage\":\"pt-BR\"},{\"@type\":\"WebPage\",\"@id\":\"https:\/\/abrelivros.org.br\/site\/nota-publica-sobre-a-proposta-de-desvinculacao-dos-percentuais-constitucionais-a-saude-e-educacao\/#webpage\",\"url\":\"https:\/\/abrelivros.org.br\/site\/nota-publica-sobre-a-proposta-de-desvinculacao-dos-percentuais-constitucionais-a-saude-e-educacao\/\",\"name\":\"Nota P\\u00fablica sobre a proposta de desvincula\\u00e7\\u00e3o dos percentuais constitucionais \\u00e0 sa\\u00fade e educa\\u00e7\\u00e3o &raquo; Abrelivros\",\"isPartOf\":{\"@id\":\"https:\/\/abrelivros.org.br\/site\/#website\"},\"datePublished\":\"2021-02-24T17:40:09+00:00\",\"dateModified\":\"2021-02-24T17:40:09+00:00\",\"author\":{\"@id\":\"https:\/\/abrelivros.org.br\/site\/#\/schema\/person\/65db80e26409802ce15ac5feec6a15fd\"},\"breadcrumb\":{\"@id\":\"https:\/\/abrelivros.org.br\/site\/nota-publica-sobre-a-proposta-de-desvinculacao-dos-percentuais-constitucionais-a-saude-e-educacao\/#breadcrumb\"},\"inLanguage\":\"pt-BR\",\"potentialAction\":[{\"@type\":\"ReadAction\",\"target\":[\"https:\/\/abrelivros.org.br\/site\/nota-publica-sobre-a-proposta-de-desvinculacao-dos-percentuais-constitucionais-a-saude-e-educacao\/\"]}]},{\"@type\":\"BreadcrumbList\",\"@id\":\"https:\/\/abrelivros.org.br\/site\/nota-publica-sobre-a-proposta-de-desvinculacao-dos-percentuais-constitucionais-a-saude-e-educacao\/#breadcrumb\",\"itemListElement\":[{\"@type\":\"ListItem\",\"position\":1,\"item\":{\"@type\":\"WebPage\",\"@id\":\"https:\/\/abrelivros.org.br\/site\/\",\"url\":\"https:\/\/abrelivros.org.br\/site\/\",\"name\":\"In\\u00edcio\"}},{\"@type\":\"ListItem\",\"position\":2,\"item\":{\"@type\":\"WebPage\",\"@id\":\"https:\/\/abrelivros.org.br\/site\/category\/noticias\/\",\"url\":\"https:\/\/abrelivros.org.br\/site\/category\/noticias\/\",\"name\":\"Not\\u00edcias\"}},{\"@type\":\"ListItem\",\"position\":3,\"item\":{\"@type\":\"WebPage\",\"@id\":\"https:\/\/abrelivros.org.br\/site\/category\/noticias\/noticias-da-imprensa\/\",\"url\":\"https:\/\/abrelivros.org.br\/site\/category\/noticias\/noticias-da-imprensa\/\",\"name\":\"Not\\u00edcias da imprensa\"}},{\"@type\":\"ListItem\",\"position\":4,\"item\":{\"@type\":\"WebPage\",\"@id\":\"https:\/\/abrelivros.org.br\/site\/nota-publica-sobre-a-proposta-de-desvinculacao-dos-percentuais-constitucionais-a-saude-e-educacao\/\",\"url\":\"https:\/\/abrelivros.org.br\/site\/nota-publica-sobre-a-proposta-de-desvinculacao-dos-percentuais-constitucionais-a-saude-e-educacao\/\",\"name\":\"Nota P\\u00fablica sobre a proposta de desvincula\\u00e7\\u00e3o dos percentuais constitucionais \\u00e0 sa\\u00fade e educa\\u00e7\\u00e3o\"}}]},{\"@type\":\"Person\",\"@id\":\"https:\/\/abrelivros.org.br\/site\/#\/schema\/person\/65db80e26409802ce15ac5feec6a15fd\",\"name\":\"Reda\\u00e7\\u00e3o Abrelivros\",\"image\":{\"@type\":\"ImageObject\",\"@id\":\"https:\/\/abrelivros.org.br\/site\/#personlogo\",\"inLanguage\":\"pt-BR\",\"url\":\"https:\/\/secure.gravatar.com\/avatar\/c4e57f9c7e3482965bd428192061218520756c39080b1d1820b679fa5e9af192?s=96&d=mm&r=g\",\"caption\":\"Reda\\u00e7\\u00e3o Abrelivros\"}}]}<\/script>\n<!-- \/ Yoast SEO plugin. -->","_links":{"self":[{"href":"https:\/\/abrelivros.org.br\/site\/wp-json\/wp\/v2\/posts\/13270","targetHints":{"allow":["GET"]}}],"collection":[{"href":"https:\/\/abrelivros.org.br\/site\/wp-json\/wp\/v2\/posts"}],"about":[{"href":"https:\/\/abrelivros.org.br\/site\/wp-json\/wp\/v2\/types\/post"}],"author":[{"embeddable":true,"href":"https:\/\/abrelivros.org.br\/site\/wp-json\/wp\/v2\/users\/4"}],"replies":[{"embeddable":true,"href":"https:\/\/abrelivros.org.br\/site\/wp-json\/wp\/v2\/comments?post=13270"}],"version-history":[{"count":1,"href":"https:\/\/abrelivros.org.br\/site\/wp-json\/wp\/v2\/posts\/13270\/revisions"}],"predecessor-version":[{"id":13271,"href":"https:\/\/abrelivros.org.br\/site\/wp-json\/wp\/v2\/posts\/13270\/revisions\/13271"}],"wp:attachment":[{"href":"https:\/\/abrelivros.org.br\/site\/wp-json\/wp\/v2\/media?parent=13270"}],"wp:term":[{"taxonomy":"category","embeddable":true,"href":"https:\/\/abrelivros.org.br\/site\/wp-json\/wp\/v2\/categories?post=13270"},{"taxonomy":"post_tag","embeddable":true,"href":"https:\/\/abrelivros.org.br\/site\/wp-json\/wp\/v2\/tags?post=13270"}],"curies":[{"name":"wp","href":"https:\/\/api.w.org\/{rel}","templated":true}]}}