{"id":13264,"date":"2021-02-24T14:22:10","date_gmt":"2021-02-24T17:22:10","guid":{"rendered":"https:\/\/abrelivros.org.br\/site\/?p=13264"},"modified":"2021-02-24T14:22:10","modified_gmt":"2021-02-24T17:22:10","slug":"fnde-inicia-processo-para-integracao-a-plataforma-brasil","status":"publish","type":"post","link":"https:\/\/abrelivros.org.br\/site\/fnde-inicia-processo-para-integracao-a-plataforma-brasil\/","title":{"rendered":"FNDE inicia processo para integra\u00e7\u00e3o \u00e0 Plataforma +Brasil"},"content":{"rendered":"<p>Racionalizar os processos de transfer\u00eancia de recursos do Fundo Nacional de Desenvolvimento da Educa\u00e7\u00e3o (FNDE) para os entes federativos e demais benefici\u00e1rios, aumentar a transpar\u00eancia e aprimorar o gerenciamento das pol\u00edticas p\u00fablicas sob a responsabilidade da autarquia. Esses s\u00e3o os principais objetivos de uma parceria entre o FNDE e o Minist\u00e9rio da Economia para a inser\u00e7\u00e3o da autarquia na Plataforma +Brasil, do governo federal.<!--more--><\/p>\n<p>Na \u00faltima segunda-feira, 22, a diretora do Departamento de Transfer\u00eancias da Uni\u00e3o, Regina Lemos, deu um apanhado geral sobre a plataforma e suas diversas funcionalidades em reuni\u00e3o t\u00e9cnica com gestores e a Alta Administra\u00e7\u00e3o do FNDE. \u201cA gente quer uma ferramenta de facilidade, de transpar\u00eancia e de automatiza\u00e7\u00e3o de processos\u201d, frisou.<\/p>\n<p>Segundo a diretora , o ideal \u00e9 sentar com as diversas \u00e1reas do FNDE para desenhar cada processo e entender como as funcionalidades da plataforma podem aprimorar o servi\u00e7o que j\u00e1 vem sendo realizado. Al\u00e9m disso, tudo que se aprende em cada parceria pode ser disseminado para os demais \u00f3rg\u00e3os da administra\u00e7\u00e3o p\u00fablica federal.<\/p>\n<p>Regina Lemos tamb\u00e9m ressaltou que a utiliza\u00e7\u00e3o da ferramenta auxilia no controle do uso dos recursos repassados pelo governo federal e permite um melhor acompanhamento de todo o ciclo das pol\u00edticas p\u00fablicas. \u201cDesde ouvir o cidad\u00e3o l\u00e1 na ponta, indicando a necessidade; o Estado propondo a solu\u00e7\u00e3o; o FNDE concordando ou n\u00e3o; a implementa\u00e7\u00e3o; o monitoramento\u201d, afirmou a diretora, que tamb\u00e9m elencou uma s\u00e9rie de ferramentas de apoio que fazem parte da plataforma, como aplicativos voltados para o cidad\u00e3o, para a fiscaliza\u00e7\u00e3o dos gastos p\u00fablicos e para aprimorar a gest\u00e3o local dos recursos, al\u00e9m de pain\u00e9is de indicadores e de obras e oferta de capacita\u00e7\u00e3o.<\/p>\n<p>\u201cA gente s\u00f3 quer focar em transfer\u00eancias que entreguem pol\u00edticas p\u00fablicas. A parceria que se faz com estados e munic\u00edpios para entregar uma creche, para fazer uma capacita\u00e7\u00e3o, isso nos interessa\u201d, completou<\/p>\n<p>Ao final da reuni\u00e3o t\u00e9cnica, o presidente do FNDE, Marcelo Ponte, agradeceu a apresenta\u00e7\u00e3o e pediu o empenho de todos da autarquia para auxiliar nessa integra\u00e7\u00e3o \u00e0 Plataforma +Brasil. \u201cPrecisamos focar nisso com muita seriedade, com muita participa\u00e7\u00e3o\u201d, disse. \u201cN\u00e3o penso que a Plataforma +Brasil seja um enfrentamento. Penso que vai ser um legado que vamos deixar para a educa\u00e7\u00e3o brasileira.\u201d<\/p>\n","protected":false},"excerpt":{"rendered":"<p>Racionalizar os processos de transfer\u00eancia de recursos do Fundo Nacional de Desenvolvimento da Educa\u00e7\u00e3o (FNDE) para os entes federativos e demais benefici\u00e1rios, aumentar a transpar\u00eancia e aprimorar o gerenciamento das pol\u00edticas p\u00fablicas sob a responsabilidade da autarquia. Esses s\u00e3o os principais objetivos de uma parceria entre o FNDE e o Minist\u00e9rio da Economia para a [&hellip;]<\/p>\n","protected":false},"author":4,"featured_media":0,"comment_status":"closed","ping_status":"closed","sticky":false,"template":"","format":"standard","meta":{"footnotes":"","_links_to":"","_links_to_target":""},"categories":[9],"tags":[],"class_list":["post-13264","post","type-post","status-publish","format-standard","hentry","category-noticias-da-imprensa"],"yoast_head":"<!-- This site is optimized with the Yoast SEO plugin v15.1 - https:\/\/yoast.com\/wordpress\/plugins\/seo\/ -->\n<title>FNDE inicia processo para integra\u00e7\u00e3o \u00e0 Plataforma +Brasil &raquo; Abrelivros<\/title>\n<meta name=\"robots\" content=\"index, follow, max-snippet:-1, max-image-preview:large, max-video-preview:-1\" \/>\n<link rel=\"canonical\" href=\"https:\/\/abrelivros.org.br\/site\/fnde-inicia-processo-para-integracao-a-plataforma-brasil\/\" \/>\n<meta property=\"og:locale\" content=\"pt_BR\" \/>\n<meta property=\"og:type\" content=\"article\" \/>\n<meta property=\"og:title\" content=\"FNDE inicia processo para integra\u00e7\u00e3o \u00e0 Plataforma +Brasil &raquo; Abrelivros\" \/>\n<meta property=\"og:description\" content=\"Racionalizar os processos de transfer\u00eancia de recursos do Fundo Nacional de Desenvolvimento da Educa\u00e7\u00e3o (FNDE) para os entes federativos e demais benefici\u00e1rios, aumentar a transpar\u00eancia e aprimorar o gerenciamento das pol\u00edticas p\u00fablicas sob a responsabilidade da autarquia. Esses s\u00e3o os principais objetivos de uma parceria entre o FNDE e o Minist\u00e9rio da Economia para a [&hellip;]\" \/>\n<meta property=\"og:url\" content=\"https:\/\/abrelivros.org.br\/site\/fnde-inicia-processo-para-integracao-a-plataforma-brasil\/\" \/>\n<meta property=\"og:site_name\" content=\"Abrelivros\" \/>\n<meta property=\"article:published_time\" content=\"2021-02-24T17:22:10+00:00\" \/>\n<meta name=\"twitter:card\" content=\"summary_large_image\" \/>\n<script type=\"application\/ld+json\" class=\"yoast-schema-graph\">{\"@context\":\"https:\/\/schema.org\",\"@graph\":[{\"@type\":\"WebSite\",\"@id\":\"https:\/\/abrelivros.org.br\/site\/#website\",\"url\":\"https:\/\/abrelivros.org.br\/site\/\",\"name\":\"Abrelivros\",\"description\":\"\",\"potentialAction\":[{\"@type\":\"SearchAction\",\"target\":\"https:\/\/abrelivros.org.br\/site\/?s={search_term_string}\",\"query-input\":\"required name=search_term_string\"}],\"inLanguage\":\"pt-BR\"},{\"@type\":\"WebPage\",\"@id\":\"https:\/\/abrelivros.org.br\/site\/fnde-inicia-processo-para-integracao-a-plataforma-brasil\/#webpage\",\"url\":\"https:\/\/abrelivros.org.br\/site\/fnde-inicia-processo-para-integracao-a-plataforma-brasil\/\",\"name\":\"FNDE inicia processo para integra\\u00e7\\u00e3o \\u00e0 Plataforma +Brasil &raquo; Abrelivros\",\"isPartOf\":{\"@id\":\"https:\/\/abrelivros.org.br\/site\/#website\"},\"datePublished\":\"2021-02-24T17:22:10+00:00\",\"dateModified\":\"2021-02-24T17:22:10+00:00\",\"author\":{\"@id\":\"https:\/\/abrelivros.org.br\/site\/#\/schema\/person\/65db80e26409802ce15ac5feec6a15fd\"},\"breadcrumb\":{\"@id\":\"https:\/\/abrelivros.org.br\/site\/fnde-inicia-processo-para-integracao-a-plataforma-brasil\/#breadcrumb\"},\"inLanguage\":\"pt-BR\",\"potentialAction\":[{\"@type\":\"ReadAction\",\"target\":[\"https:\/\/abrelivros.org.br\/site\/fnde-inicia-processo-para-integracao-a-plataforma-brasil\/\"]}]},{\"@type\":\"BreadcrumbList\",\"@id\":\"https:\/\/abrelivros.org.br\/site\/fnde-inicia-processo-para-integracao-a-plataforma-brasil\/#breadcrumb\",\"itemListElement\":[{\"@type\":\"ListItem\",\"position\":1,\"item\":{\"@type\":\"WebPage\",\"@id\":\"https:\/\/abrelivros.org.br\/site\/\",\"url\":\"https:\/\/abrelivros.org.br\/site\/\",\"name\":\"In\\u00edcio\"}},{\"@type\":\"ListItem\",\"position\":2,\"item\":{\"@type\":\"WebPage\",\"@id\":\"https:\/\/abrelivros.org.br\/site\/category\/noticias\/\",\"url\":\"https:\/\/abrelivros.org.br\/site\/category\/noticias\/\",\"name\":\"Not\\u00edcias\"}},{\"@type\":\"ListItem\",\"position\":3,\"item\":{\"@type\":\"WebPage\",\"@id\":\"https:\/\/abrelivros.org.br\/site\/category\/noticias\/noticias-da-imprensa\/\",\"url\":\"https:\/\/abrelivros.org.br\/site\/category\/noticias\/noticias-da-imprensa\/\",\"name\":\"Not\\u00edcias da imprensa\"}},{\"@type\":\"ListItem\",\"position\":4,\"item\":{\"@type\":\"WebPage\",\"@id\":\"https:\/\/abrelivros.org.br\/site\/fnde-inicia-processo-para-integracao-a-plataforma-brasil\/\",\"url\":\"https:\/\/abrelivros.org.br\/site\/fnde-inicia-processo-para-integracao-a-plataforma-brasil\/\",\"name\":\"FNDE inicia processo para integra\\u00e7\\u00e3o \\u00e0 Plataforma +Brasil\"}}]},{\"@type\":\"Person\",\"@id\":\"https:\/\/abrelivros.org.br\/site\/#\/schema\/person\/65db80e26409802ce15ac5feec6a15fd\",\"name\":\"Reda\\u00e7\\u00e3o Abrelivros\",\"image\":{\"@type\":\"ImageObject\",\"@id\":\"https:\/\/abrelivros.org.br\/site\/#personlogo\",\"inLanguage\":\"pt-BR\",\"url\":\"https:\/\/secure.gravatar.com\/avatar\/c4e57f9c7e3482965bd428192061218520756c39080b1d1820b679fa5e9af192?s=96&d=mm&r=g\",\"caption\":\"Reda\\u00e7\\u00e3o Abrelivros\"}}]}<\/script>\n<!-- \/ Yoast SEO plugin. -->","_links":{"self":[{"href":"https:\/\/abrelivros.org.br\/site\/wp-json\/wp\/v2\/posts\/13264","targetHints":{"allow":["GET"]}}],"collection":[{"href":"https:\/\/abrelivros.org.br\/site\/wp-json\/wp\/v2\/posts"}],"about":[{"href":"https:\/\/abrelivros.org.br\/site\/wp-json\/wp\/v2\/types\/post"}],"author":[{"embeddable":true,"href":"https:\/\/abrelivros.org.br\/site\/wp-json\/wp\/v2\/users\/4"}],"replies":[{"embeddable":true,"href":"https:\/\/abrelivros.org.br\/site\/wp-json\/wp\/v2\/comments?post=13264"}],"version-history":[{"count":1,"href":"https:\/\/abrelivros.org.br\/site\/wp-json\/wp\/v2\/posts\/13264\/revisions"}],"predecessor-version":[{"id":13265,"href":"https:\/\/abrelivros.org.br\/site\/wp-json\/wp\/v2\/posts\/13264\/revisions\/13265"}],"wp:attachment":[{"href":"https:\/\/abrelivros.org.br\/site\/wp-json\/wp\/v2\/media?parent=13264"}],"wp:term":[{"taxonomy":"category","embeddable":true,"href":"https:\/\/abrelivros.org.br\/site\/wp-json\/wp\/v2\/categories?post=13264"},{"taxonomy":"post_tag","embeddable":true,"href":"https:\/\/abrelivros.org.br\/site\/wp-json\/wp\/v2\/tags?post=13264"}],"curies":[{"name":"wp","href":"https:\/\/api.w.org\/{rel}","templated":true}]}}