{"id":13260,"date":"2021-02-24T14:15:43","date_gmt":"2021-02-24T17:15:43","guid":{"rendered":"https:\/\/abrelivros.org.br\/site\/?p=13260"},"modified":"2021-02-24T14:15:43","modified_gmt":"2021-02-24T17:15:43","slug":"acabar-com-minimo-em-educacao-e-impensavel-e-coloca-orcamento-em-risco-dizem-entidades","status":"publish","type":"post","link":"https:\/\/abrelivros.org.br\/site\/acabar-com-minimo-em-educacao-e-impensavel-e-coloca-orcamento-em-risco-dizem-entidades\/","title":{"rendered":"Acabar com m\u00ednimo em educa\u00e7\u00e3o \u00e9 &#8216;impens\u00e1vel&#8217; e coloca or\u00e7amento &#8216;em risco&#8217;, dizem entidades"},"content":{"rendered":"<p>A Proposta de Emenda \u00e0 Constitui\u00e7\u00e3o (PEC) que pretende acabar com o investimento m\u00ednimo na educa\u00e7\u00e3o \u00e9 &#8220;impens\u00e1vel&#8221; no momento atual, afirma a Uni\u00e3o Nacional dos Dirigentes Municipais de Educa\u00e7\u00e3o (Undime). Ela tamb\u00e9m coloca &#8220;em risco&#8221; o financiamento da \u00e1rea, segundo a organiza\u00e7\u00e3o Todos pela Educa\u00e7\u00e3o.<!--more--><\/p>\n<p>Para a Confedera\u00e7\u00e3o Nacional dos Trabalhadores em Educa\u00e7\u00e3o (CNTE), o investimento m\u00ednimo \u00e9 &#8220;essencial para garantir a qualidade em todos os n\u00edveis, etapas e modalidades de ensino, para universalizar o acesso ao ensino obrigat\u00f3rio de 4 a 17 anos e para investir na escolariza\u00e7\u00e3o dos quase 80 milh\u00f5es de adultos que n\u00e3o conclu\u00edram a educa\u00e7\u00e3o b\u00e1sica.&#8221;<\/p>\n<p>A PEC foi protocolada nesta ter\u00e7a pelo senador Marcio Bittar (MDB-AC). Na quinta (25), entrar\u00e1 em vota\u00e7\u00e3o no Senado. O texto pretende revogar a obrigatoriedade de estados e munic\u00edpios investirem ao menos 25% da receita em educa\u00e7\u00e3o.<\/p>\n<p>Para ser aprovado, o texto precisa do apoio de pelo menos 49 senadores, em dois turnos de vota\u00e7\u00e3o.<\/p>\n<p>A Undime publicou nota nesta ter\u00e7a-feira (23) manifestando &#8220;indigna\u00e7\u00e3o&#8221; perante a proposta, que tamb\u00e9m pretende acabar com o investimento m\u00ednimo em Sa\u00fade.<\/p>\n<p>A Todos pela Educa\u00e7\u00e3o emitiu parecer na segunda-feira (22) afirmando que os recursos da educa\u00e7\u00e3o &#8220;precisam ser protegidos das press\u00f5es de curto-prazo e do populismo.&#8221;<\/p>\n<p>&#8220;Em um momento em que os entes federados discutem o processo de reabertura das escolas p\u00fablicas e implementam os necess\u00e1rios protocolos de seguran\u00e7a sanit\u00e1ria, \u00e9 impens\u00e1vel propor altera\u00e7\u00f5es nesses percentuais&#8221;, afirma a nota assinada por Luiz Miguel Garcia, presidente da Undime.<\/p>\n<p>Bittar justifica a medida dizendo que, atualmente, o Brasil gasta 6,3% do PIB nacional com educa\u00e7\u00e3o e, mesmo assim, o pa\u00eds est\u00e1 mal no ranking educacional mundial. De acordo com a Undime, a justificativa n\u00e3o \u00e9 v\u00e1lida.<\/p>\n<p>&#8220;O momento atual exige mais investimentos nas \u00e1reas sociais e mais garantias aos direitos constitucionais dos cidad\u00e3os. \u00c9 temer\u00e1rio repetir o discurso de que h\u00e1 recursos e de que o problema \u00e9 de gest\u00e3o, ou de que a desvincula\u00e7\u00e3o daria mais autonomia aos entes federados&#8221;, afirma a Undime.<\/p>\n<p>Para o Movimento Colabora Educa\u00e7\u00e3o, a medida n\u00e3o pode ser aprovada ou pensada como &#8220;solu\u00e7\u00e3o em meio \u00e0 crise fiscal&#8221;.<\/p>\n<p>&#8220;Se queremos aprimorar a governan\u00e7a federativa e garantir uma educa\u00e7\u00e3o p\u00fablica de qualidade, os recursos financeiros devem ser protegidos e considerados condi\u00e7\u00e3o fundamental para uma boa gest\u00e3o&#8221;, afirma a entidade.<\/p>\n<p><strong>Impactos no Fundeb<\/strong><\/p>\n<p>Se aprovada como est\u00e1, a PEC ter\u00e1 impactos at\u00e9 no Fundeb, o fundo que financia a educa\u00e7\u00e3o b\u00e1sica no pa\u00eds.<\/p>\n<p>A organiza\u00e7\u00e3o Todos Pela Educa\u00e7\u00e3o alertou em nota que a proposta de Bittar, al\u00e9m de levar a uma &#8220;redu\u00e7\u00e3o substancial&#8221; dos gastos p\u00fablicos com educa\u00e7\u00e3o, inviabilizar\u00e1 a implementa\u00e7\u00e3o do Fundeb.<\/p>\n<p>&#8220;A desvincula\u00e7\u00e3o, al\u00e9m de potencialmente levar a uma redu\u00e7\u00e3o substancial dos gastos p\u00fablicos com Educa\u00e7\u00e3o, inviabilizar\u00e1 a implementa\u00e7\u00e3o do Fundeb, mecanismo de redistribui\u00e7\u00e3o dos recursos vinculados \u00e0 educa\u00e7\u00e3o. Importante lembrar que a Emenda Constitucional 108, aprovada de forma quase un\u00e2nime no Congresso Nacional em 2020, tornou o Fundeb mais justo e eficiente na distribui\u00e7\u00e3o dos recursos educacionais&#8221;, afirma a organiza\u00e7\u00e3o.<\/p>\n<p>&#8220;Uma demonstra\u00e7\u00e3o do risco iminente \u00e9 justamente a execu\u00e7\u00e3o or\u00e7ament\u00e1ria e repasses da Uni\u00e3o, cada vez menores e inconstantes na atual gest\u00e3o federal&#8221;, diz o texto.<\/p>\n<p>Um relat\u00f3rio da Todos divulgado nesta semana demonstrou que o or\u00e7amento do Minist\u00e9rio da Educa\u00e7\u00e3o em 2020 foi o menor da d\u00e9cada e os investimentos em educa\u00e7\u00e3o b\u00e1sica (da creche ao ensino m\u00e9dio) tamb\u00e9m. Al\u00e9m disso, o MEC n\u00e3o gasta todo dinheiro que tem dispon\u00edvel em a\u00e7\u00f5es que poderiam impactar na qualidade da educa\u00e7\u00e3o do pa\u00eds.<\/p>\n","protected":false},"excerpt":{"rendered":"<p>A Proposta de Emenda \u00e0 Constitui\u00e7\u00e3o (PEC) que pretende acabar com o investimento m\u00ednimo na educa\u00e7\u00e3o \u00e9 &#8220;impens\u00e1vel&#8221; no momento atual, afirma a Uni\u00e3o Nacional dos Dirigentes Municipais de Educa\u00e7\u00e3o (Undime). Ela tamb\u00e9m coloca &#8220;em risco&#8221; o financiamento da \u00e1rea, segundo a organiza\u00e7\u00e3o Todos pela Educa\u00e7\u00e3o.<\/p>\n","protected":false},"author":4,"featured_media":0,"comment_status":"closed","ping_status":"closed","sticky":false,"template":"","format":"standard","meta":{"footnotes":"","_links_to":"","_links_to_target":""},"categories":[9],"tags":[],"class_list":["post-13260","post","type-post","status-publish","format-standard","hentry","category-noticias-da-imprensa"],"yoast_head":"<!-- This site is optimized with the Yoast SEO plugin v15.1 - https:\/\/yoast.com\/wordpress\/plugins\/seo\/ -->\n<title>Acabar com m\u00ednimo em educa\u00e7\u00e3o \u00e9 &#039;impens\u00e1vel&#039; e coloca or\u00e7amento &#039;em risco&#039;, dizem entidades &raquo; Abrelivros<\/title>\n<meta name=\"robots\" content=\"index, follow, max-snippet:-1, max-image-preview:large, max-video-preview:-1\" \/>\n<link rel=\"canonical\" href=\"https:\/\/abrelivros.org.br\/site\/acabar-com-minimo-em-educacao-e-impensavel-e-coloca-orcamento-em-risco-dizem-entidades\/\" \/>\n<meta property=\"og:locale\" content=\"pt_BR\" \/>\n<meta property=\"og:type\" content=\"article\" \/>\n<meta property=\"og:title\" content=\"Acabar com m\u00ednimo em educa\u00e7\u00e3o \u00e9 &#039;impens\u00e1vel&#039; e coloca or\u00e7amento &#039;em risco&#039;, dizem entidades &raquo; Abrelivros\" \/>\n<meta property=\"og:description\" content=\"A Proposta de Emenda \u00e0 Constitui\u00e7\u00e3o (PEC) que pretende acabar com o investimento m\u00ednimo na educa\u00e7\u00e3o \u00e9 &#8220;impens\u00e1vel&#8221; no momento atual, afirma a Uni\u00e3o Nacional dos Dirigentes Municipais de Educa\u00e7\u00e3o (Undime). Ela tamb\u00e9m coloca &#8220;em risco&#8221; o financiamento da \u00e1rea, segundo a organiza\u00e7\u00e3o Todos pela Educa\u00e7\u00e3o.\" \/>\n<meta property=\"og:url\" content=\"https:\/\/abrelivros.org.br\/site\/acabar-com-minimo-em-educacao-e-impensavel-e-coloca-orcamento-em-risco-dizem-entidades\/\" \/>\n<meta property=\"og:site_name\" content=\"Abrelivros\" \/>\n<meta property=\"article:published_time\" content=\"2021-02-24T17:15:43+00:00\" \/>\n<meta name=\"twitter:card\" content=\"summary_large_image\" \/>\n<script type=\"application\/ld+json\" class=\"yoast-schema-graph\">{\"@context\":\"https:\/\/schema.org\",\"@graph\":[{\"@type\":\"WebSite\",\"@id\":\"https:\/\/abrelivros.org.br\/site\/#website\",\"url\":\"https:\/\/abrelivros.org.br\/site\/\",\"name\":\"Abrelivros\",\"description\":\"\",\"potentialAction\":[{\"@type\":\"SearchAction\",\"target\":\"https:\/\/abrelivros.org.br\/site\/?s={search_term_string}\",\"query-input\":\"required name=search_term_string\"}],\"inLanguage\":\"pt-BR\"},{\"@type\":\"WebPage\",\"@id\":\"https:\/\/abrelivros.org.br\/site\/acabar-com-minimo-em-educacao-e-impensavel-e-coloca-orcamento-em-risco-dizem-entidades\/#webpage\",\"url\":\"https:\/\/abrelivros.org.br\/site\/acabar-com-minimo-em-educacao-e-impensavel-e-coloca-orcamento-em-risco-dizem-entidades\/\",\"name\":\"Acabar com m\\u00ednimo em educa\\u00e7\\u00e3o \\u00e9 'impens\\u00e1vel' e coloca or\\u00e7amento 'em risco', dizem entidades &raquo; Abrelivros\",\"isPartOf\":{\"@id\":\"https:\/\/abrelivros.org.br\/site\/#website\"},\"datePublished\":\"2021-02-24T17:15:43+00:00\",\"dateModified\":\"2021-02-24T17:15:43+00:00\",\"author\":{\"@id\":\"https:\/\/abrelivros.org.br\/site\/#\/schema\/person\/65db80e26409802ce15ac5feec6a15fd\"},\"breadcrumb\":{\"@id\":\"https:\/\/abrelivros.org.br\/site\/acabar-com-minimo-em-educacao-e-impensavel-e-coloca-orcamento-em-risco-dizem-entidades\/#breadcrumb\"},\"inLanguage\":\"pt-BR\",\"potentialAction\":[{\"@type\":\"ReadAction\",\"target\":[\"https:\/\/abrelivros.org.br\/site\/acabar-com-minimo-em-educacao-e-impensavel-e-coloca-orcamento-em-risco-dizem-entidades\/\"]}]},{\"@type\":\"BreadcrumbList\",\"@id\":\"https:\/\/abrelivros.org.br\/site\/acabar-com-minimo-em-educacao-e-impensavel-e-coloca-orcamento-em-risco-dizem-entidades\/#breadcrumb\",\"itemListElement\":[{\"@type\":\"ListItem\",\"position\":1,\"item\":{\"@type\":\"WebPage\",\"@id\":\"https:\/\/abrelivros.org.br\/site\/\",\"url\":\"https:\/\/abrelivros.org.br\/site\/\",\"name\":\"In\\u00edcio\"}},{\"@type\":\"ListItem\",\"position\":2,\"item\":{\"@type\":\"WebPage\",\"@id\":\"https:\/\/abrelivros.org.br\/site\/category\/noticias\/\",\"url\":\"https:\/\/abrelivros.org.br\/site\/category\/noticias\/\",\"name\":\"Not\\u00edcias\"}},{\"@type\":\"ListItem\",\"position\":3,\"item\":{\"@type\":\"WebPage\",\"@id\":\"https:\/\/abrelivros.org.br\/site\/category\/noticias\/noticias-da-imprensa\/\",\"url\":\"https:\/\/abrelivros.org.br\/site\/category\/noticias\/noticias-da-imprensa\/\",\"name\":\"Not\\u00edcias da imprensa\"}},{\"@type\":\"ListItem\",\"position\":4,\"item\":{\"@type\":\"WebPage\",\"@id\":\"https:\/\/abrelivros.org.br\/site\/acabar-com-minimo-em-educacao-e-impensavel-e-coloca-orcamento-em-risco-dizem-entidades\/\",\"url\":\"https:\/\/abrelivros.org.br\/site\/acabar-com-minimo-em-educacao-e-impensavel-e-coloca-orcamento-em-risco-dizem-entidades\/\",\"name\":\"Acabar com m\\u00ednimo em educa\\u00e7\\u00e3o \\u00e9 &#8216;impens\\u00e1vel&#8217; e coloca or\\u00e7amento &#8216;em risco&#8217;, dizem entidades\"}}]},{\"@type\":\"Person\",\"@id\":\"https:\/\/abrelivros.org.br\/site\/#\/schema\/person\/65db80e26409802ce15ac5feec6a15fd\",\"name\":\"Reda\\u00e7\\u00e3o Abrelivros\",\"image\":{\"@type\":\"ImageObject\",\"@id\":\"https:\/\/abrelivros.org.br\/site\/#personlogo\",\"inLanguage\":\"pt-BR\",\"url\":\"https:\/\/secure.gravatar.com\/avatar\/c4e57f9c7e3482965bd428192061218520756c39080b1d1820b679fa5e9af192?s=96&d=mm&r=g\",\"caption\":\"Reda\\u00e7\\u00e3o Abrelivros\"}}]}<\/script>\n<!-- \/ Yoast SEO plugin. -->","_links":{"self":[{"href":"https:\/\/abrelivros.org.br\/site\/wp-json\/wp\/v2\/posts\/13260","targetHints":{"allow":["GET"]}}],"collection":[{"href":"https:\/\/abrelivros.org.br\/site\/wp-json\/wp\/v2\/posts"}],"about":[{"href":"https:\/\/abrelivros.org.br\/site\/wp-json\/wp\/v2\/types\/post"}],"author":[{"embeddable":true,"href":"https:\/\/abrelivros.org.br\/site\/wp-json\/wp\/v2\/users\/4"}],"replies":[{"embeddable":true,"href":"https:\/\/abrelivros.org.br\/site\/wp-json\/wp\/v2\/comments?post=13260"}],"version-history":[{"count":1,"href":"https:\/\/abrelivros.org.br\/site\/wp-json\/wp\/v2\/posts\/13260\/revisions"}],"predecessor-version":[{"id":13261,"href":"https:\/\/abrelivros.org.br\/site\/wp-json\/wp\/v2\/posts\/13260\/revisions\/13261"}],"wp:attachment":[{"href":"https:\/\/abrelivros.org.br\/site\/wp-json\/wp\/v2\/media?parent=13260"}],"wp:term":[{"taxonomy":"category","embeddable":true,"href":"https:\/\/abrelivros.org.br\/site\/wp-json\/wp\/v2\/categories?post=13260"},{"taxonomy":"post_tag","embeddable":true,"href":"https:\/\/abrelivros.org.br\/site\/wp-json\/wp\/v2\/tags?post=13260"}],"curies":[{"name":"wp","href":"https:\/\/api.w.org\/{rel}","templated":true}]}}