{"id":13258,"date":"2021-02-24T14:09:30","date_gmt":"2021-02-24T17:09:30","guid":{"rendered":"https:\/\/abrelivros.org.br\/site\/?p=13258"},"modified":"2021-02-24T14:09:30","modified_gmt":"2021-02-24T17:09:30","slug":"pec-emergencial-quer-desobrigar-gasto-minimo-com-educacao","status":"publish","type":"post","link":"https:\/\/abrelivros.org.br\/site\/pec-emergencial-quer-desobrigar-gasto-minimo-com-educacao\/","title":{"rendered":"PEC Emergencial quer desobrigar gasto m\u00ednimo com educa\u00e7\u00e3o"},"content":{"rendered":"<p>O relat\u00f3rio preliminar da PEC Emergencial proposta pelo senador Marcio Bittar (MDB-AC) e apoiada pelo presidente Jair Bolsonaro (sem partido) para dar continuidade ao aux\u00edlio emergencial est\u00e1 sendo visto por muitas entidades educacionais como um golpe \u00e0 Constitui\u00e7\u00e3o, uma vez que pretende acabar com investimentos m\u00ednimos que estados, munic\u00edpios e Uni\u00e3o colocam na educa\u00e7\u00e3o (e tamb\u00e9m na sa\u00fade).<!--more--><\/p>\n<p>\u201cSegundo o art. 212 da Constitui\u00e7\u00e3o Federal, a Uni\u00e3o deve aplicar em educa\u00e7\u00e3o, no m\u00ednimo, o equivalente a 18% da receita resultante de impostos, e estados e munic\u00edpios 25%. Esse princ\u00edpio, importante conquista do povo brasileiro na Constitui\u00e7\u00e3o de 1988, \u00e9 fundante para o planejamento e gest\u00e3o da educa\u00e7\u00e3o e essencial para o cumprimento do direito de todos e todas \u00e0 educa\u00e7\u00e3o\u201d, alerta um trecho da nota p\u00fablica da entidade que representa os secret\u00e1rios municipais de Educa\u00e7\u00e3o, a Undime (Uni\u00e3o Nacional dos Dirigentes Municipais de Educa\u00e7\u00e3o).<\/p>\n<p>A PEC tende a mudar completamente o contesto or\u00e7ament\u00e1rio do setor, afetando tamb\u00e9m, o Fundeb (Fundo de Manuten\u00e7\u00e3o e Desenvolvimento da Educa\u00e7\u00e3o B\u00e1sica e de Valoriza\u00e7\u00e3o dos Profissionais da Educa\u00e7\u00e3o), sancionado em dezembro e agora em risco mais uma vez.<\/p>\n<p><strong>De olho<\/strong><\/p>\n<p>Uma mat\u00e9ria de Paulo Saldan\u00e3 para a <a href=\"https:\/\/www1.folha.uol.com.br\/mercado\/2021\/02\/desde-1934-so-em-ditaduras-brasil-nao-teve-gasto-minimo-com-educacao.shtml\" target=\"_blank\" rel=\"noopener noreferrer\">Folha de S.Paulo<\/a> destaca que desde quando entrou em vig\u00eancia, em 1934, s\u00f3 em per\u00edodos de ditaduras o Brasil n\u00e3o teve um gasto m\u00ednimo estipulado para a \u00e1rea da educa\u00e7\u00e3o: no Estado Novo, em 1937, e na militar, em 1967.<\/p>\n<p>A organiza\u00e7\u00e3o Todos Pela Educa\u00e7\u00e3o tamb\u00e9m se posicionou publicamente: \u201cA desvincula\u00e7\u00e3o n\u00e3o pode ser aprovada de forma aligeirada e oportunista no contexto da pandemia e pol\u00edtico. Os recursos da educa\u00e7\u00e3o precisam ser protegidos das press\u00f5es de curto prazo e do populismo. Uma demonstra\u00e7\u00e3o do risco iminente \u00e9 justamente a execu\u00e7\u00e3o or\u00e7ament\u00e1ria e repasses da Uni\u00e3o, cada vez menores e inconstantes na atual gest\u00e3o federal\u201d<\/p>\n","protected":false},"excerpt":{"rendered":"<p>O relat\u00f3rio preliminar da PEC Emergencial proposta pelo senador Marcio Bittar (MDB-AC) e apoiada pelo presidente Jair Bolsonaro (sem partido) para dar continuidade ao aux\u00edlio emergencial est\u00e1 sendo visto por muitas entidades educacionais como um golpe \u00e0 Constitui\u00e7\u00e3o, uma vez que pretende acabar com investimentos m\u00ednimos que estados, munic\u00edpios e Uni\u00e3o colocam na educa\u00e7\u00e3o (e [&hellip;]<\/p>\n","protected":false},"author":4,"featured_media":0,"comment_status":"closed","ping_status":"closed","sticky":false,"template":"","format":"standard","meta":{"footnotes":"","_links_to":"","_links_to_target":""},"categories":[9],"tags":[],"class_list":["post-13258","post","type-post","status-publish","format-standard","hentry","category-noticias-da-imprensa"],"yoast_head":"<!-- This site is optimized with the Yoast SEO plugin v15.1 - https:\/\/yoast.com\/wordpress\/plugins\/seo\/ -->\n<title>PEC Emergencial quer desobrigar gasto m\u00ednimo com educa\u00e7\u00e3o &raquo; Abrelivros<\/title>\n<meta name=\"robots\" content=\"index, follow, max-snippet:-1, max-image-preview:large, max-video-preview:-1\" \/>\n<link rel=\"canonical\" href=\"https:\/\/abrelivros.org.br\/site\/pec-emergencial-quer-desobrigar-gasto-minimo-com-educacao\/\" \/>\n<meta property=\"og:locale\" content=\"pt_BR\" \/>\n<meta property=\"og:type\" content=\"article\" \/>\n<meta property=\"og:title\" content=\"PEC Emergencial quer desobrigar gasto m\u00ednimo com educa\u00e7\u00e3o &raquo; Abrelivros\" \/>\n<meta property=\"og:description\" content=\"O relat\u00f3rio preliminar da PEC Emergencial proposta pelo senador Marcio Bittar (MDB-AC) e apoiada pelo presidente Jair Bolsonaro (sem partido) para dar continuidade ao aux\u00edlio emergencial est\u00e1 sendo visto por muitas entidades educacionais como um golpe \u00e0 Constitui\u00e7\u00e3o, uma vez que pretende acabar com investimentos m\u00ednimos que estados, munic\u00edpios e Uni\u00e3o colocam na educa\u00e7\u00e3o (e [&hellip;]\" \/>\n<meta property=\"og:url\" content=\"https:\/\/abrelivros.org.br\/site\/pec-emergencial-quer-desobrigar-gasto-minimo-com-educacao\/\" \/>\n<meta property=\"og:site_name\" content=\"Abrelivros\" \/>\n<meta property=\"article:published_time\" content=\"2021-02-24T17:09:30+00:00\" \/>\n<meta name=\"twitter:card\" content=\"summary_large_image\" \/>\n<script type=\"application\/ld+json\" class=\"yoast-schema-graph\">{\"@context\":\"https:\/\/schema.org\",\"@graph\":[{\"@type\":\"WebSite\",\"@id\":\"https:\/\/abrelivros.org.br\/site\/#website\",\"url\":\"https:\/\/abrelivros.org.br\/site\/\",\"name\":\"Abrelivros\",\"description\":\"\",\"potentialAction\":[{\"@type\":\"SearchAction\",\"target\":\"https:\/\/abrelivros.org.br\/site\/?s={search_term_string}\",\"query-input\":\"required name=search_term_string\"}],\"inLanguage\":\"pt-BR\"},{\"@type\":\"WebPage\",\"@id\":\"https:\/\/abrelivros.org.br\/site\/pec-emergencial-quer-desobrigar-gasto-minimo-com-educacao\/#webpage\",\"url\":\"https:\/\/abrelivros.org.br\/site\/pec-emergencial-quer-desobrigar-gasto-minimo-com-educacao\/\",\"name\":\"PEC Emergencial quer desobrigar gasto m\\u00ednimo com educa\\u00e7\\u00e3o &raquo; Abrelivros\",\"isPartOf\":{\"@id\":\"https:\/\/abrelivros.org.br\/site\/#website\"},\"datePublished\":\"2021-02-24T17:09:30+00:00\",\"dateModified\":\"2021-02-24T17:09:30+00:00\",\"author\":{\"@id\":\"https:\/\/abrelivros.org.br\/site\/#\/schema\/person\/65db80e26409802ce15ac5feec6a15fd\"},\"breadcrumb\":{\"@id\":\"https:\/\/abrelivros.org.br\/site\/pec-emergencial-quer-desobrigar-gasto-minimo-com-educacao\/#breadcrumb\"},\"inLanguage\":\"pt-BR\",\"potentialAction\":[{\"@type\":\"ReadAction\",\"target\":[\"https:\/\/abrelivros.org.br\/site\/pec-emergencial-quer-desobrigar-gasto-minimo-com-educacao\/\"]}]},{\"@type\":\"BreadcrumbList\",\"@id\":\"https:\/\/abrelivros.org.br\/site\/pec-emergencial-quer-desobrigar-gasto-minimo-com-educacao\/#breadcrumb\",\"itemListElement\":[{\"@type\":\"ListItem\",\"position\":1,\"item\":{\"@type\":\"WebPage\",\"@id\":\"https:\/\/abrelivros.org.br\/site\/\",\"url\":\"https:\/\/abrelivros.org.br\/site\/\",\"name\":\"In\\u00edcio\"}},{\"@type\":\"ListItem\",\"position\":2,\"item\":{\"@type\":\"WebPage\",\"@id\":\"https:\/\/abrelivros.org.br\/site\/category\/noticias\/\",\"url\":\"https:\/\/abrelivros.org.br\/site\/category\/noticias\/\",\"name\":\"Not\\u00edcias\"}},{\"@type\":\"ListItem\",\"position\":3,\"item\":{\"@type\":\"WebPage\",\"@id\":\"https:\/\/abrelivros.org.br\/site\/category\/noticias\/noticias-da-imprensa\/\",\"url\":\"https:\/\/abrelivros.org.br\/site\/category\/noticias\/noticias-da-imprensa\/\",\"name\":\"Not\\u00edcias da imprensa\"}},{\"@type\":\"ListItem\",\"position\":4,\"item\":{\"@type\":\"WebPage\",\"@id\":\"https:\/\/abrelivros.org.br\/site\/pec-emergencial-quer-desobrigar-gasto-minimo-com-educacao\/\",\"url\":\"https:\/\/abrelivros.org.br\/site\/pec-emergencial-quer-desobrigar-gasto-minimo-com-educacao\/\",\"name\":\"PEC Emergencial quer desobrigar gasto m\\u00ednimo com educa\\u00e7\\u00e3o\"}}]},{\"@type\":\"Person\",\"@id\":\"https:\/\/abrelivros.org.br\/site\/#\/schema\/person\/65db80e26409802ce15ac5feec6a15fd\",\"name\":\"Reda\\u00e7\\u00e3o Abrelivros\",\"image\":{\"@type\":\"ImageObject\",\"@id\":\"https:\/\/abrelivros.org.br\/site\/#personlogo\",\"inLanguage\":\"pt-BR\",\"url\":\"https:\/\/secure.gravatar.com\/avatar\/c4e57f9c7e3482965bd428192061218520756c39080b1d1820b679fa5e9af192?s=96&d=mm&r=g\",\"caption\":\"Reda\\u00e7\\u00e3o Abrelivros\"}}]}<\/script>\n<!-- \/ Yoast SEO plugin. -->","_links":{"self":[{"href":"https:\/\/abrelivros.org.br\/site\/wp-json\/wp\/v2\/posts\/13258","targetHints":{"allow":["GET"]}}],"collection":[{"href":"https:\/\/abrelivros.org.br\/site\/wp-json\/wp\/v2\/posts"}],"about":[{"href":"https:\/\/abrelivros.org.br\/site\/wp-json\/wp\/v2\/types\/post"}],"author":[{"embeddable":true,"href":"https:\/\/abrelivros.org.br\/site\/wp-json\/wp\/v2\/users\/4"}],"replies":[{"embeddable":true,"href":"https:\/\/abrelivros.org.br\/site\/wp-json\/wp\/v2\/comments?post=13258"}],"version-history":[{"count":1,"href":"https:\/\/abrelivros.org.br\/site\/wp-json\/wp\/v2\/posts\/13258\/revisions"}],"predecessor-version":[{"id":13259,"href":"https:\/\/abrelivros.org.br\/site\/wp-json\/wp\/v2\/posts\/13258\/revisions\/13259"}],"wp:attachment":[{"href":"https:\/\/abrelivros.org.br\/site\/wp-json\/wp\/v2\/media?parent=13258"}],"wp:term":[{"taxonomy":"category","embeddable":true,"href":"https:\/\/abrelivros.org.br\/site\/wp-json\/wp\/v2\/categories?post=13258"},{"taxonomy":"post_tag","embeddable":true,"href":"https:\/\/abrelivros.org.br\/site\/wp-json\/wp\/v2\/tags?post=13258"}],"curies":[{"name":"wp","href":"https:\/\/api.w.org\/{rel}","templated":true}]}}