{"id":13256,"date":"2021-02-23T14:22:08","date_gmt":"2021-02-23T17:22:08","guid":{"rendered":"https:\/\/abrelivros.org.br\/site\/?p=13256"},"modified":"2021-02-23T14:22:08","modified_gmt":"2021-02-23T17:22:08","slug":"mec-e-secretarias-estaduais-debatem-a-respeito-do-novo-ensino-medio","status":"publish","type":"post","link":"https:\/\/abrelivros.org.br\/site\/mec-e-secretarias-estaduais-debatem-a-respeito-do-novo-ensino-medio\/","title":{"rendered":"MEC e secretarias estaduais debatem a respeito do Novo Ensino M\u00e9dio"},"content":{"rendered":"<p>A Secretaria de Educa\u00e7\u00e3o B\u00e1sica (SEB) do Minist\u00e9rio da Educa\u00e7\u00e3o (MEC) convidou secretarias de Educa\u00e7\u00e3o estaduais e distrital para participarem do 1\u00ba Ciclo de forma\u00e7\u00f5es a respeito do Novo Ensino M\u00e9dio. O objetivo \u00e9 estabelecer um fluxo de comunica\u00e7\u00e3o e realizar forma\u00e7\u00f5es juntamente com as secretarias conforme suas necessidades.<!--more--><\/p>\n<p>Nesse primeiro momento, as tem\u00e1ticas a serem debatidas s\u00e3o: Programa Nacional do Livro e do Material Did\u00e1tico (PNLD), Implementa\u00e7\u00e3o do Novo Ensino M\u00e9dio e Programa de Ensino M\u00e9dio Integral.<\/p>\n<p>Segundo a secret\u00e1ria de educa\u00e7\u00e3o b\u00e1sica, Izabel Lima Pessoa, o Ciclo de Forma\u00e7\u00f5es ser\u00e1 primordial para a constru\u00e7\u00e3o do tema.<\/p>\n<p>\u201cSabemos que cada Estado tem suas peculiaridades e que o di\u00e1logo \u00e9 fundamental. Tenho a certeza de que, ao final dos encontros, teremos um caminho mais f\u00e1cil para implementa\u00e7\u00e3o de uma medida fundamental para o futuro da educa\u00e7\u00e3o\u201d.<\/p>\n<p>A seguir, apresentamos o cronograma detalhado, o p\u00fablico-alvo das secretarias de educa\u00e7\u00e3o e o link de acesso.<\/p>\n<p>&nbsp;<\/p>\n<p class=\" \">\n<p><b>DATA<\/b><\/p>\n<p>&nbsp;<\/p>\n<p><b>MOMENTOS<\/b><\/p>\n<p>&nbsp;<\/p>\n<p>&nbsp;<\/p>\n<p><b>HOR\u00c1RIO<\/b><\/p>\n<p>&nbsp;<\/p>\n<p>&nbsp;<\/p>\n<p><b>LINK DE ACESSO<\/b><\/p>\n<p><b>23\/02\/2021<\/b><\/p>\n<p>&nbsp;<\/p>\n<p>Programa Nacional do Livro e do Material Did\u00e1tico (PNLD), forma\u00e7\u00e3o e orienta\u00e7\u00f5es a respeito das quest\u00f5es relacionadas ao Objetivo 1 do Edital do PNLD &#8211; Projeto de<\/p>\n<p>Vida e Projetos Integradores (aspectos pedag\u00f3gicos, escolha e distribui\u00e7\u00e3o).<\/p>\n<p>&nbsp;<\/p>\n<p align=\"center\">Equipes t\u00e9cnicas:<\/p>\n<p align=\"center\"><b>Coordenadores de ensino m\u00e9dio e equipes respons\u00e1veis pelo PNLD das Secretarias de Educa\u00e7\u00e3o.<\/b><\/p>\n<p>&nbsp;<\/p>\n<p>10h \u00e0s 12h<\/p>\n<p>Plataforma Teams<\/p>\n<p><a class=\"external-link\" title=\"\" href=\"http:\/\/hps\/\/cu.ly\/VkLnh0z\" target=\"_blank\" rel=\"noopener noreferrer\" data-tippreview-enabled=\"false\" data-tippreview-image=\"\" data-tippreview-title=\"\">hps:\/\/cu.ly\/VkLnh0z<\/a><\/p>\n<p><b>26\/02\/2021<\/b><\/p>\n<p>&nbsp;<\/p>\n<p>Apoio T\u00e9cnico aos Estados e ao Distrito Federal para a Implementa\u00e7\u00e3o do Novo Ensino M\u00e9dio &#8211; Contrata\u00e7\u00e3o de Consultores Especialistas.<\/p>\n<p>&nbsp;<\/p>\n<p align=\"center\">Equipes t\u00e9cnicas:<\/p>\n<p align=\"center\"><b>Coordenadores de ensino m\u00e9dio e representante do Gabinete das Secretarias de Educa\u00e7\u00e3o.<\/b><\/p>\n<p align=\"center\">\n<p>&nbsp;<\/p>\n<p>&nbsp;<\/p>\n<p>10h \u00e0s 12h<\/p>\n<p>Plataforma Teams<\/p>\n<p><a class=\"external-link\" title=\"\" href=\"http:\/\/hps\/\/cu.ly\/VkLnh0z\" target=\"_blank\" rel=\"noopener noreferrer\" data-tippreview-enabled=\"false\" data-tippreview-image=\"\" data-tippreview-title=\"\">hps:\/\/cu.ly\/VkLnh0z<\/a><\/p>\n<p>&nbsp;<\/p>\n<p><b>02\/03\/2021<\/b><\/p>\n<p>Programa de Ensino M\u00e9dio Integral \u2013 (EMTI); Alinhamento e orienta\u00e7\u00f5es a respeito do Formul\u00e1rio Social e Ambiental do Programa EMTI.<\/p>\n<p>&nbsp;<\/p>\n<p align=\"center\">Equipes t\u00e9cnicas:<\/p>\n<p align=\"center\"><b>Coordenadores do EMTI e Coordenadores de ensino m\u00e9dio das Secretarias de Educa\u00e7\u00e3o.<\/b><\/p>\n<p>&nbsp;<\/p>\n<p>&nbsp;<\/p>\n<p>15h \u00e0s 17h<\/p>\n<p>Plataforma Teams<\/p>\n<p><a class=\"external-link\" title=\"\" href=\"http:\/\/hps\/\/cu.ly\/jkFee34\" target=\"_blank\" rel=\"noopener noreferrer\" data-tippreview-enabled=\"false\" data-tippreview-image=\"\" data-tippreview-title=\"\">hps:\/\/cu.ly\/jkFee34<\/a><\/p>\n<p>&nbsp;<\/p>\n<p><b>18\/03\/2021<\/b><\/p>\n<p>&nbsp;<\/p>\n<p>Programa de Ensino M\u00e9dio Integral \u2013 (EMTI); Aspectos pedag\u00f3gicos, financeiros e presta\u00e7\u00f5es de contas do Programa EMTI.<\/p>\n<p>&nbsp;<\/p>\n<p align=\"center\">Equipes t\u00e9cnicas:<\/p>\n<p align=\"center\"><b>Coordenadores do EMTI e Coordenadores de ensino m\u00e9dio das Secretarias de Educa\u00e7\u00e3o.<\/b><\/p>\n<p align=\"center\">\n<p>&nbsp;<\/p>\n<p>15h \u00e0s 18h<\/p>\n<p>Plataforma Teams<\/p>\n<p><a class=\"external-link\" title=\"\" href=\"http:\/\/hps\/\/cu.ly\/qkLneDo\" target=\"_self\" data-tippreview-enabled=\"false\" data-tippreview-image=\"\" data-tippreview-title=\"\" rel=\"noopener noreferrer\">hps:\/\/cu.ly\/qkLneDo<\/a><\/p>\n<p>&nbsp;<\/p>\n<p>&nbsp;<\/p>\n","protected":false},"excerpt":{"rendered":"<p>A Secretaria de Educa\u00e7\u00e3o B\u00e1sica (SEB) do Minist\u00e9rio da Educa\u00e7\u00e3o (MEC) convidou secretarias de Educa\u00e7\u00e3o estaduais e distrital para participarem do 1\u00ba Ciclo de forma\u00e7\u00f5es a respeito do Novo Ensino M\u00e9dio. O objetivo \u00e9 estabelecer um fluxo de comunica\u00e7\u00e3o e realizar forma\u00e7\u00f5es juntamente com as secretarias conforme suas necessidades.<\/p>\n","protected":false},"author":4,"featured_media":0,"comment_status":"closed","ping_status":"closed","sticky":false,"template":"","format":"standard","meta":{"footnotes":"","_links_to":"","_links_to_target":""},"categories":[9,10],"tags":[],"class_list":["post-13256","post","type-post","status-publish","format-standard","hentry","category-noticias-da-imprensa","category-pnld-programa-nacional-do-livro-e-do-material-didatico"],"yoast_head":"<!-- This site is optimized with the Yoast SEO plugin v15.1 - https:\/\/yoast.com\/wordpress\/plugins\/seo\/ -->\n<title>MEC e secretarias estaduais debatem a respeito do Novo Ensino M\u00e9dio &raquo; Abrelivros<\/title>\n<meta name=\"robots\" content=\"index, follow, max-snippet:-1, max-image-preview:large, max-video-preview:-1\" \/>\n<link rel=\"canonical\" href=\"https:\/\/abrelivros.org.br\/site\/mec-e-secretarias-estaduais-debatem-a-respeito-do-novo-ensino-medio\/\" \/>\n<meta property=\"og:locale\" content=\"pt_BR\" \/>\n<meta property=\"og:type\" content=\"article\" \/>\n<meta property=\"og:title\" content=\"MEC e secretarias estaduais debatem a respeito do Novo Ensino M\u00e9dio &raquo; Abrelivros\" \/>\n<meta property=\"og:description\" content=\"A Secretaria de Educa\u00e7\u00e3o B\u00e1sica (SEB) do Minist\u00e9rio da Educa\u00e7\u00e3o (MEC) convidou secretarias de Educa\u00e7\u00e3o estaduais e distrital para participarem do 1\u00ba Ciclo de forma\u00e7\u00f5es a respeito do Novo Ensino M\u00e9dio. O objetivo \u00e9 estabelecer um fluxo de comunica\u00e7\u00e3o e realizar forma\u00e7\u00f5es juntamente com as secretarias conforme suas necessidades.\" \/>\n<meta property=\"og:url\" content=\"https:\/\/abrelivros.org.br\/site\/mec-e-secretarias-estaduais-debatem-a-respeito-do-novo-ensino-medio\/\" \/>\n<meta property=\"og:site_name\" content=\"Abrelivros\" \/>\n<meta property=\"article:published_time\" content=\"2021-02-23T17:22:08+00:00\" \/>\n<meta name=\"twitter:card\" content=\"summary_large_image\" \/>\n<script type=\"application\/ld+json\" class=\"yoast-schema-graph\">{\"@context\":\"https:\/\/schema.org\",\"@graph\":[{\"@type\":\"WebSite\",\"@id\":\"https:\/\/abrelivros.org.br\/site\/#website\",\"url\":\"https:\/\/abrelivros.org.br\/site\/\",\"name\":\"Abrelivros\",\"description\":\"\",\"potentialAction\":[{\"@type\":\"SearchAction\",\"target\":\"https:\/\/abrelivros.org.br\/site\/?s={search_term_string}\",\"query-input\":\"required name=search_term_string\"}],\"inLanguage\":\"pt-BR\"},{\"@type\":\"WebPage\",\"@id\":\"https:\/\/abrelivros.org.br\/site\/mec-e-secretarias-estaduais-debatem-a-respeito-do-novo-ensino-medio\/#webpage\",\"url\":\"https:\/\/abrelivros.org.br\/site\/mec-e-secretarias-estaduais-debatem-a-respeito-do-novo-ensino-medio\/\",\"name\":\"MEC e secretarias estaduais debatem a respeito do Novo Ensino M\\u00e9dio &raquo; Abrelivros\",\"isPartOf\":{\"@id\":\"https:\/\/abrelivros.org.br\/site\/#website\"},\"datePublished\":\"2021-02-23T17:22:08+00:00\",\"dateModified\":\"2021-02-23T17:22:08+00:00\",\"author\":{\"@id\":\"https:\/\/abrelivros.org.br\/site\/#\/schema\/person\/65db80e26409802ce15ac5feec6a15fd\"},\"breadcrumb\":{\"@id\":\"https:\/\/abrelivros.org.br\/site\/mec-e-secretarias-estaduais-debatem-a-respeito-do-novo-ensino-medio\/#breadcrumb\"},\"inLanguage\":\"pt-BR\",\"potentialAction\":[{\"@type\":\"ReadAction\",\"target\":[\"https:\/\/abrelivros.org.br\/site\/mec-e-secretarias-estaduais-debatem-a-respeito-do-novo-ensino-medio\/\"]}]},{\"@type\":\"BreadcrumbList\",\"@id\":\"https:\/\/abrelivros.org.br\/site\/mec-e-secretarias-estaduais-debatem-a-respeito-do-novo-ensino-medio\/#breadcrumb\",\"itemListElement\":[{\"@type\":\"ListItem\",\"position\":1,\"item\":{\"@type\":\"WebPage\",\"@id\":\"https:\/\/abrelivros.org.br\/site\/\",\"url\":\"https:\/\/abrelivros.org.br\/site\/\",\"name\":\"In\\u00edcio\"}},{\"@type\":\"ListItem\",\"position\":2,\"item\":{\"@type\":\"WebPage\",\"@id\":\"https:\/\/abrelivros.org.br\/site\/category\/noticias\/\",\"url\":\"https:\/\/abrelivros.org.br\/site\/category\/noticias\/\",\"name\":\"Not\\u00edcias\"}},{\"@type\":\"ListItem\",\"position\":3,\"item\":{\"@type\":\"WebPage\",\"@id\":\"https:\/\/abrelivros.org.br\/site\/category\/noticias\/noticias-da-imprensa\/\",\"url\":\"https:\/\/abrelivros.org.br\/site\/category\/noticias\/noticias-da-imprensa\/\",\"name\":\"Not\\u00edcias da imprensa\"}},{\"@type\":\"ListItem\",\"position\":4,\"item\":{\"@type\":\"WebPage\",\"@id\":\"https:\/\/abrelivros.org.br\/site\/mec-e-secretarias-estaduais-debatem-a-respeito-do-novo-ensino-medio\/\",\"url\":\"https:\/\/abrelivros.org.br\/site\/mec-e-secretarias-estaduais-debatem-a-respeito-do-novo-ensino-medio\/\",\"name\":\"MEC e secretarias estaduais debatem a respeito do Novo Ensino M\\u00e9dio\"}}]},{\"@type\":\"Person\",\"@id\":\"https:\/\/abrelivros.org.br\/site\/#\/schema\/person\/65db80e26409802ce15ac5feec6a15fd\",\"name\":\"Reda\\u00e7\\u00e3o Abrelivros\",\"image\":{\"@type\":\"ImageObject\",\"@id\":\"https:\/\/abrelivros.org.br\/site\/#personlogo\",\"inLanguage\":\"pt-BR\",\"url\":\"https:\/\/secure.gravatar.com\/avatar\/c4e57f9c7e3482965bd428192061218520756c39080b1d1820b679fa5e9af192?s=96&d=mm&r=g\",\"caption\":\"Reda\\u00e7\\u00e3o Abrelivros\"}}]}<\/script>\n<!-- \/ Yoast SEO plugin. -->","_links":{"self":[{"href":"https:\/\/abrelivros.org.br\/site\/wp-json\/wp\/v2\/posts\/13256","targetHints":{"allow":["GET"]}}],"collection":[{"href":"https:\/\/abrelivros.org.br\/site\/wp-json\/wp\/v2\/posts"}],"about":[{"href":"https:\/\/abrelivros.org.br\/site\/wp-json\/wp\/v2\/types\/post"}],"author":[{"embeddable":true,"href":"https:\/\/abrelivros.org.br\/site\/wp-json\/wp\/v2\/users\/4"}],"replies":[{"embeddable":true,"href":"https:\/\/abrelivros.org.br\/site\/wp-json\/wp\/v2\/comments?post=13256"}],"version-history":[{"count":1,"href":"https:\/\/abrelivros.org.br\/site\/wp-json\/wp\/v2\/posts\/13256\/revisions"}],"predecessor-version":[{"id":13257,"href":"https:\/\/abrelivros.org.br\/site\/wp-json\/wp\/v2\/posts\/13256\/revisions\/13257"}],"wp:attachment":[{"href":"https:\/\/abrelivros.org.br\/site\/wp-json\/wp\/v2\/media?parent=13256"}],"wp:term":[{"taxonomy":"category","embeddable":true,"href":"https:\/\/abrelivros.org.br\/site\/wp-json\/wp\/v2\/categories?post=13256"},{"taxonomy":"post_tag","embeddable":true,"href":"https:\/\/abrelivros.org.br\/site\/wp-json\/wp\/v2\/tags?post=13256"}],"curies":[{"name":"wp","href":"https:\/\/api.w.org\/{rel}","templated":true}]}}