{"id":13252,"date":"2021-02-23T14:12:58","date_gmt":"2021-02-23T17:12:58","guid":{"rendered":"https:\/\/abrelivros.org.br\/site\/?p=13252"},"modified":"2021-02-23T14:13:30","modified_gmt":"2021-02-23T17:13:30","slug":"desvinculacao-total-do-orcamento-para-educacao-basica-coloca-em-risco-financiamento-educacional","status":"publish","type":"post","link":"https:\/\/abrelivros.org.br\/site\/desvinculacao-total-do-orcamento-para-educacao-basica-coloca-em-risco-financiamento-educacional\/","title":{"rendered":"Desvincula\u00e7\u00e3o Total do Or\u00e7amento Para Educa\u00e7\u00e3o B\u00e1sica Coloca Em Risco Financiamento Educacional\u00a0"},"content":{"rendered":"<p>Desvincula\u00e7\u00e3o total do or\u00e7amento para Educa\u00e7\u00e3o B\u00e1sica coloca em risco financiamento educacional como um todo e vai na contram\u00e3o do Novo Fundeb<\/p>\n<p>Circulado pelo Congresso em Foco, o relat\u00f3rio preliminar da PEC Emergencial, do senador M\u00e1rcio Bittar (MDB-AC), revoga trechos do artigo 212 da Constitui\u00e7\u00e3o Federal, extinguindo a subvincula\u00e7\u00e3o dos recursos \u00e0 manuten\u00e7\u00e3o e desenvolvimento de ensino para Uni\u00e3o, Estados e Munic\u00edpios (Inciso IV do Art. 4\u00ba da PEC).<!--more--><\/p>\n<p>Tal medida muda completamente o contexto or\u00e7ament\u00e1rio da educa\u00e7\u00e3o brasileira.<\/p>\n<p>A desvincula\u00e7\u00e3o, al\u00e9m de potencialmente levar a uma redu\u00e7\u00e3o substancial dos gastos p\u00fablicos com Educa\u00e7\u00e3o, inviabilizar\u00e1 a implementa\u00e7\u00e3o do Fundeb, mecanismo de redistribui\u00e7\u00e3o dos recursos vinculados \u00e0 educa\u00e7\u00e3o. Importante lembrar que a Emenda Constitucional 108, aprovada de forma quase un\u00e2nime no Congresso Nacional em 2020, tornou o Fundeb mais justo e eficiente na distribui\u00e7\u00e3o dos recursos educacionais.<\/p>\n<p>A desvincula\u00e7\u00e3o n\u00e3o pode ser aprovada de forma aligeirada e oportunista no contexto da pandemia e pol\u00edtico. Os recursos da educa\u00e7\u00e3o precisam ser protegidos das press\u00f5es de curto-prazo e do populismo. Uma demonstra\u00e7\u00e3o do risco iminente \u00e9 justamente a execu\u00e7\u00e3o or\u00e7ament\u00e1ria e repasses da Uni\u00e3o, cada vez menores e inconstantes na atual gest\u00e3o federal.<\/p>\n","protected":false},"excerpt":{"rendered":"<p>Desvincula\u00e7\u00e3o total do or\u00e7amento para Educa\u00e7\u00e3o B\u00e1sica coloca em risco financiamento educacional como um todo e vai na contram\u00e3o do Novo Fundeb Circulado pelo Congresso em Foco, o relat\u00f3rio preliminar da PEC Emergencial, do senador M\u00e1rcio Bittar (MDB-AC), revoga trechos do artigo 212 da Constitui\u00e7\u00e3o Federal, extinguindo a subvincula\u00e7\u00e3o dos recursos \u00e0 manuten\u00e7\u00e3o e desenvolvimento [&hellip;]<\/p>\n","protected":false},"author":4,"featured_media":0,"comment_status":"closed","ping_status":"closed","sticky":false,"template":"","format":"standard","meta":{"footnotes":"","_links_to":"","_links_to_target":""},"categories":[9,1],"tags":[],"class_list":["post-13252","post","type-post","status-publish","format-standard","hentry","category-noticias-da-imprensa","category-uncategorised"],"yoast_head":"<!-- This site is optimized with the Yoast SEO plugin v15.1 - https:\/\/yoast.com\/wordpress\/plugins\/seo\/ -->\n<title>Desvincula\u00e7\u00e3o Total do Or\u00e7amento Para Educa\u00e7\u00e3o B\u00e1sica Coloca Em Risco Financiamento Educacional\u00a0 &raquo; Abrelivros<\/title>\n<meta name=\"robots\" content=\"index, follow, max-snippet:-1, max-image-preview:large, max-video-preview:-1\" \/>\n<link rel=\"canonical\" href=\"https:\/\/abrelivros.org.br\/site\/desvinculacao-total-do-orcamento-para-educacao-basica-coloca-em-risco-financiamento-educacional\/\" \/>\n<meta property=\"og:locale\" content=\"pt_BR\" \/>\n<meta property=\"og:type\" content=\"article\" \/>\n<meta property=\"og:title\" content=\"Desvincula\u00e7\u00e3o Total do Or\u00e7amento Para Educa\u00e7\u00e3o B\u00e1sica Coloca Em Risco Financiamento Educacional\u00a0 &raquo; Abrelivros\" \/>\n<meta property=\"og:description\" content=\"Desvincula\u00e7\u00e3o total do or\u00e7amento para Educa\u00e7\u00e3o B\u00e1sica coloca em risco financiamento educacional como um todo e vai na contram\u00e3o do Novo Fundeb Circulado pelo Congresso em Foco, o relat\u00f3rio preliminar da PEC Emergencial, do senador M\u00e1rcio Bittar (MDB-AC), revoga trechos do artigo 212 da Constitui\u00e7\u00e3o Federal, extinguindo a subvincula\u00e7\u00e3o dos recursos \u00e0 manuten\u00e7\u00e3o e desenvolvimento [&hellip;]\" \/>\n<meta property=\"og:url\" content=\"https:\/\/abrelivros.org.br\/site\/desvinculacao-total-do-orcamento-para-educacao-basica-coloca-em-risco-financiamento-educacional\/\" \/>\n<meta property=\"og:site_name\" content=\"Abrelivros\" \/>\n<meta property=\"article:published_time\" content=\"2021-02-23T17:12:58+00:00\" \/>\n<meta property=\"article:modified_time\" content=\"2021-02-23T17:13:30+00:00\" \/>\n<meta name=\"twitter:card\" content=\"summary_large_image\" \/>\n<script type=\"application\/ld+json\" class=\"yoast-schema-graph\">{\"@context\":\"https:\/\/schema.org\",\"@graph\":[{\"@type\":\"WebSite\",\"@id\":\"https:\/\/abrelivros.org.br\/site\/#website\",\"url\":\"https:\/\/abrelivros.org.br\/site\/\",\"name\":\"Abrelivros\",\"description\":\"\",\"potentialAction\":[{\"@type\":\"SearchAction\",\"target\":\"https:\/\/abrelivros.org.br\/site\/?s={search_term_string}\",\"query-input\":\"required name=search_term_string\"}],\"inLanguage\":\"pt-BR\"},{\"@type\":\"WebPage\",\"@id\":\"https:\/\/abrelivros.org.br\/site\/desvinculacao-total-do-orcamento-para-educacao-basica-coloca-em-risco-financiamento-educacional\/#webpage\",\"url\":\"https:\/\/abrelivros.org.br\/site\/desvinculacao-total-do-orcamento-para-educacao-basica-coloca-em-risco-financiamento-educacional\/\",\"name\":\"Desvincula\\u00e7\\u00e3o Total do Or\\u00e7amento Para Educa\\u00e7\\u00e3o B\\u00e1sica Coloca Em Risco Financiamento Educacional\\u00a0 &raquo; Abrelivros\",\"isPartOf\":{\"@id\":\"https:\/\/abrelivros.org.br\/site\/#website\"},\"datePublished\":\"2021-02-23T17:12:58+00:00\",\"dateModified\":\"2021-02-23T17:13:30+00:00\",\"author\":{\"@id\":\"https:\/\/abrelivros.org.br\/site\/#\/schema\/person\/65db80e26409802ce15ac5feec6a15fd\"},\"breadcrumb\":{\"@id\":\"https:\/\/abrelivros.org.br\/site\/desvinculacao-total-do-orcamento-para-educacao-basica-coloca-em-risco-financiamento-educacional\/#breadcrumb\"},\"inLanguage\":\"pt-BR\",\"potentialAction\":[{\"@type\":\"ReadAction\",\"target\":[\"https:\/\/abrelivros.org.br\/site\/desvinculacao-total-do-orcamento-para-educacao-basica-coloca-em-risco-financiamento-educacional\/\"]}]},{\"@type\":\"BreadcrumbList\",\"@id\":\"https:\/\/abrelivros.org.br\/site\/desvinculacao-total-do-orcamento-para-educacao-basica-coloca-em-risco-financiamento-educacional\/#breadcrumb\",\"itemListElement\":[{\"@type\":\"ListItem\",\"position\":1,\"item\":{\"@type\":\"WebPage\",\"@id\":\"https:\/\/abrelivros.org.br\/site\/\",\"url\":\"https:\/\/abrelivros.org.br\/site\/\",\"name\":\"In\\u00edcio\"}},{\"@type\":\"ListItem\",\"position\":2,\"item\":{\"@type\":\"WebPage\",\"@id\":\"https:\/\/abrelivros.org.br\/site\/category\/uncategorised\/\",\"url\":\"https:\/\/abrelivros.org.br\/site\/category\/uncategorised\/\",\"name\":\"Uncategorised\"}},{\"@type\":\"ListItem\",\"position\":3,\"item\":{\"@type\":\"WebPage\",\"@id\":\"https:\/\/abrelivros.org.br\/site\/desvinculacao-total-do-orcamento-para-educacao-basica-coloca-em-risco-financiamento-educacional\/\",\"url\":\"https:\/\/abrelivros.org.br\/site\/desvinculacao-total-do-orcamento-para-educacao-basica-coloca-em-risco-financiamento-educacional\/\",\"name\":\"Desvincula\\u00e7\\u00e3o Total do Or\\u00e7amento Para Educa\\u00e7\\u00e3o B\\u00e1sica Coloca Em Risco Financiamento Educacional\\u00a0\"}}]},{\"@type\":\"Person\",\"@id\":\"https:\/\/abrelivros.org.br\/site\/#\/schema\/person\/65db80e26409802ce15ac5feec6a15fd\",\"name\":\"Reda\\u00e7\\u00e3o Abrelivros\",\"image\":{\"@type\":\"ImageObject\",\"@id\":\"https:\/\/abrelivros.org.br\/site\/#personlogo\",\"inLanguage\":\"pt-BR\",\"url\":\"https:\/\/secure.gravatar.com\/avatar\/c4e57f9c7e3482965bd428192061218520756c39080b1d1820b679fa5e9af192?s=96&d=mm&r=g\",\"caption\":\"Reda\\u00e7\\u00e3o Abrelivros\"}}]}<\/script>\n<!-- \/ Yoast SEO plugin. -->","_links":{"self":[{"href":"https:\/\/abrelivros.org.br\/site\/wp-json\/wp\/v2\/posts\/13252","targetHints":{"allow":["GET"]}}],"collection":[{"href":"https:\/\/abrelivros.org.br\/site\/wp-json\/wp\/v2\/posts"}],"about":[{"href":"https:\/\/abrelivros.org.br\/site\/wp-json\/wp\/v2\/types\/post"}],"author":[{"embeddable":true,"href":"https:\/\/abrelivros.org.br\/site\/wp-json\/wp\/v2\/users\/4"}],"replies":[{"embeddable":true,"href":"https:\/\/abrelivros.org.br\/site\/wp-json\/wp\/v2\/comments?post=13252"}],"version-history":[{"count":3,"href":"https:\/\/abrelivros.org.br\/site\/wp-json\/wp\/v2\/posts\/13252\/revisions"}],"predecessor-version":[{"id":13255,"href":"https:\/\/abrelivros.org.br\/site\/wp-json\/wp\/v2\/posts\/13252\/revisions\/13255"}],"wp:attachment":[{"href":"https:\/\/abrelivros.org.br\/site\/wp-json\/wp\/v2\/media?parent=13252"}],"wp:term":[{"taxonomy":"category","embeddable":true,"href":"https:\/\/abrelivros.org.br\/site\/wp-json\/wp\/v2\/categories?post=13252"},{"taxonomy":"post_tag","embeddable":true,"href":"https:\/\/abrelivros.org.br\/site\/wp-json\/wp\/v2\/tags?post=13252"}],"curies":[{"name":"wp","href":"https:\/\/api.w.org\/{rel}","templated":true}]}}