{"id":13243,"date":"2021-02-22T13:36:15","date_gmt":"2021-02-22T16:36:15","guid":{"rendered":"https:\/\/abrelivros.org.br\/site\/?p=13243"},"modified":"2021-02-22T13:36:15","modified_gmt":"2021-02-22T16:36:15","slug":"eleicoes-da-camara-brasileira-do-livro-bienio-2021-2023","status":"publish","type":"post","link":"https:\/\/abrelivros.org.br\/site\/eleicoes-da-camara-brasileira-do-livro-bienio-2021-2023\/","title":{"rendered":"Elei\u00e7\u00f5es da C\u00e2mara Brasileira do Livro \u2013 Bi\u00eanio 2021\/2023"},"content":{"rendered":"<p>A Assembleia de Presta\u00e7\u00e3o de Contas e as Elei\u00e7\u00f5es de Diretoria para o Bi\u00eanio 2021\/2023 acontecer\u00e3o na pr\u00f3xima quinta-feira, 25 de fevereiro de 2021, a partir das 10h, no formato online, por meio da plataforma Zoom. O edital de convoca\u00e7\u00e3o e o link para participa\u00e7\u00e3o j\u00e1 foi encaminhado por e-mail aos associados da CBL.<!--more--><\/p>\n<p>O processo de vota\u00e7\u00e3o ter\u00e1 in\u00edcio com a assembleia e t\u00e9rmino \u00e0s 17h. Para votar enviaremos um e-mail no dia 25 de fevereiro aos representantes de cada empresa associada com um acesso \u00e0 plataforma online Tafner.<\/p>\n<p>A Comiss\u00e3o Eleitoral composta por Carlos Taufik Haddad, Isis Val\u00e9ria Gomes e Paulo Jos\u00e9 Carvalheiro recebeu no dia 22 de janeiro de 2021, a inscri\u00e7\u00e3o da chapa Juntos em Defesa do Livro que, tendo cumprido o disposto nos estatutos da CBL, est\u00e1 habilitada a concorrer \u00e0s elei\u00e7\u00f5es.<\/p>\n<p><a href=\"http:\/\/cbl.org.br\/site\/wp-content\/uploads\/2021\/01\/Plataforma-CBL-Vitor-Tavares.pdf\" target=\"_blank\" rel=\"noopener noreferrer\">Confira aqui<\/a> a plataforma de trabalho e <a href=\"http:\/\/cbl.org.br\/site\/wp-content\/uploads\/2021\/01\/RELA%c3%87%c3%83O-DE-PARTICIPANTES-CHAPA-2021.pdf\" target=\"_blank\" rel=\"noopener noreferrer\">aqui<\/a> os componentes da chapa Juntos em Defesa do Livro e os cargos que disputam.<\/p>\n","protected":false},"excerpt":{"rendered":"<p>A Assembleia de Presta\u00e7\u00e3o de Contas e as Elei\u00e7\u00f5es de Diretoria para o Bi\u00eanio 2021\/2023 acontecer\u00e3o na pr\u00f3xima quinta-feira, 25 de fevereiro de 2021, a partir das 10h, no formato online, por meio da plataforma Zoom. O edital de convoca\u00e7\u00e3o e o link para participa\u00e7\u00e3o j\u00e1 foi encaminhado por e-mail aos associados da CBL.<\/p>\n","protected":false},"author":4,"featured_media":0,"comment_status":"closed","ping_status":"closed","sticky":false,"template":"","format":"standard","meta":{"footnotes":"","_links_to":"","_links_to_target":""},"categories":[9],"tags":[],"class_list":["post-13243","post","type-post","status-publish","format-standard","hentry","category-noticias-da-imprensa"],"yoast_head":"<!-- This site is optimized with the Yoast SEO plugin v15.1 - https:\/\/yoast.com\/wordpress\/plugins\/seo\/ -->\n<title>Elei\u00e7\u00f5es da C\u00e2mara Brasileira do Livro \u2013 Bi\u00eanio 2021\/2023 &raquo; Abrelivros<\/title>\n<meta name=\"robots\" content=\"index, follow, max-snippet:-1, max-image-preview:large, max-video-preview:-1\" \/>\n<link rel=\"canonical\" href=\"https:\/\/abrelivros.org.br\/site\/eleicoes-da-camara-brasileira-do-livro-bienio-2021-2023\/\" \/>\n<meta property=\"og:locale\" content=\"pt_BR\" \/>\n<meta property=\"og:type\" content=\"article\" \/>\n<meta property=\"og:title\" content=\"Elei\u00e7\u00f5es da C\u00e2mara Brasileira do Livro \u2013 Bi\u00eanio 2021\/2023 &raquo; Abrelivros\" \/>\n<meta property=\"og:description\" content=\"A Assembleia de Presta\u00e7\u00e3o de Contas e as Elei\u00e7\u00f5es de Diretoria para o Bi\u00eanio 2021\/2023 acontecer\u00e3o na pr\u00f3xima quinta-feira, 25 de fevereiro de 2021, a partir das 10h, no formato online, por meio da plataforma Zoom. O edital de convoca\u00e7\u00e3o e o link para participa\u00e7\u00e3o j\u00e1 foi encaminhado por e-mail aos associados da CBL.\" \/>\n<meta property=\"og:url\" content=\"https:\/\/abrelivros.org.br\/site\/eleicoes-da-camara-brasileira-do-livro-bienio-2021-2023\/\" \/>\n<meta property=\"og:site_name\" content=\"Abrelivros\" \/>\n<meta property=\"article:published_time\" content=\"2021-02-22T16:36:15+00:00\" \/>\n<meta name=\"twitter:card\" content=\"summary_large_image\" \/>\n<script type=\"application\/ld+json\" class=\"yoast-schema-graph\">{\"@context\":\"https:\/\/schema.org\",\"@graph\":[{\"@type\":\"WebSite\",\"@id\":\"https:\/\/abrelivros.org.br\/site\/#website\",\"url\":\"https:\/\/abrelivros.org.br\/site\/\",\"name\":\"Abrelivros\",\"description\":\"\",\"potentialAction\":[{\"@type\":\"SearchAction\",\"target\":\"https:\/\/abrelivros.org.br\/site\/?s={search_term_string}\",\"query-input\":\"required name=search_term_string\"}],\"inLanguage\":\"pt-BR\"},{\"@type\":\"WebPage\",\"@id\":\"https:\/\/abrelivros.org.br\/site\/eleicoes-da-camara-brasileira-do-livro-bienio-2021-2023\/#webpage\",\"url\":\"https:\/\/abrelivros.org.br\/site\/eleicoes-da-camara-brasileira-do-livro-bienio-2021-2023\/\",\"name\":\"Elei\\u00e7\\u00f5es da C\\u00e2mara Brasileira do Livro \\u2013 Bi\\u00eanio 2021\/2023 &raquo; Abrelivros\",\"isPartOf\":{\"@id\":\"https:\/\/abrelivros.org.br\/site\/#website\"},\"datePublished\":\"2021-02-22T16:36:15+00:00\",\"dateModified\":\"2021-02-22T16:36:15+00:00\",\"author\":{\"@id\":\"https:\/\/abrelivros.org.br\/site\/#\/schema\/person\/65db80e26409802ce15ac5feec6a15fd\"},\"breadcrumb\":{\"@id\":\"https:\/\/abrelivros.org.br\/site\/eleicoes-da-camara-brasileira-do-livro-bienio-2021-2023\/#breadcrumb\"},\"inLanguage\":\"pt-BR\",\"potentialAction\":[{\"@type\":\"ReadAction\",\"target\":[\"https:\/\/abrelivros.org.br\/site\/eleicoes-da-camara-brasileira-do-livro-bienio-2021-2023\/\"]}]},{\"@type\":\"BreadcrumbList\",\"@id\":\"https:\/\/abrelivros.org.br\/site\/eleicoes-da-camara-brasileira-do-livro-bienio-2021-2023\/#breadcrumb\",\"itemListElement\":[{\"@type\":\"ListItem\",\"position\":1,\"item\":{\"@type\":\"WebPage\",\"@id\":\"https:\/\/abrelivros.org.br\/site\/\",\"url\":\"https:\/\/abrelivros.org.br\/site\/\",\"name\":\"In\\u00edcio\"}},{\"@type\":\"ListItem\",\"position\":2,\"item\":{\"@type\":\"WebPage\",\"@id\":\"https:\/\/abrelivros.org.br\/site\/category\/noticias\/\",\"url\":\"https:\/\/abrelivros.org.br\/site\/category\/noticias\/\",\"name\":\"Not\\u00edcias\"}},{\"@type\":\"ListItem\",\"position\":3,\"item\":{\"@type\":\"WebPage\",\"@id\":\"https:\/\/abrelivros.org.br\/site\/category\/noticias\/noticias-da-imprensa\/\",\"url\":\"https:\/\/abrelivros.org.br\/site\/category\/noticias\/noticias-da-imprensa\/\",\"name\":\"Not\\u00edcias da imprensa\"}},{\"@type\":\"ListItem\",\"position\":4,\"item\":{\"@type\":\"WebPage\",\"@id\":\"https:\/\/abrelivros.org.br\/site\/eleicoes-da-camara-brasileira-do-livro-bienio-2021-2023\/\",\"url\":\"https:\/\/abrelivros.org.br\/site\/eleicoes-da-camara-brasileira-do-livro-bienio-2021-2023\/\",\"name\":\"Elei\\u00e7\\u00f5es da C\\u00e2mara Brasileira do Livro \\u2013 Bi\\u00eanio 2021\/2023\"}}]},{\"@type\":\"Person\",\"@id\":\"https:\/\/abrelivros.org.br\/site\/#\/schema\/person\/65db80e26409802ce15ac5feec6a15fd\",\"name\":\"Reda\\u00e7\\u00e3o Abrelivros\",\"image\":{\"@type\":\"ImageObject\",\"@id\":\"https:\/\/abrelivros.org.br\/site\/#personlogo\",\"inLanguage\":\"pt-BR\",\"url\":\"https:\/\/secure.gravatar.com\/avatar\/c4e57f9c7e3482965bd428192061218520756c39080b1d1820b679fa5e9af192?s=96&d=mm&r=g\",\"caption\":\"Reda\\u00e7\\u00e3o Abrelivros\"}}]}<\/script>\n<!-- \/ Yoast SEO plugin. -->","_links":{"self":[{"href":"https:\/\/abrelivros.org.br\/site\/wp-json\/wp\/v2\/posts\/13243","targetHints":{"allow":["GET"]}}],"collection":[{"href":"https:\/\/abrelivros.org.br\/site\/wp-json\/wp\/v2\/posts"}],"about":[{"href":"https:\/\/abrelivros.org.br\/site\/wp-json\/wp\/v2\/types\/post"}],"author":[{"embeddable":true,"href":"https:\/\/abrelivros.org.br\/site\/wp-json\/wp\/v2\/users\/4"}],"replies":[{"embeddable":true,"href":"https:\/\/abrelivros.org.br\/site\/wp-json\/wp\/v2\/comments?post=13243"}],"version-history":[{"count":1,"href":"https:\/\/abrelivros.org.br\/site\/wp-json\/wp\/v2\/posts\/13243\/revisions"}],"predecessor-version":[{"id":13244,"href":"https:\/\/abrelivros.org.br\/site\/wp-json\/wp\/v2\/posts\/13243\/revisions\/13244"}],"wp:attachment":[{"href":"https:\/\/abrelivros.org.br\/site\/wp-json\/wp\/v2\/media?parent=13243"}],"wp:term":[{"taxonomy":"category","embeddable":true,"href":"https:\/\/abrelivros.org.br\/site\/wp-json\/wp\/v2\/categories?post=13243"},{"taxonomy":"post_tag","embeddable":true,"href":"https:\/\/abrelivros.org.br\/site\/wp-json\/wp\/v2\/tags?post=13243"}],"curies":[{"name":"wp","href":"https:\/\/api.w.org\/{rel}","templated":true}]}}