{"id":13241,"date":"2021-02-19T14:26:22","date_gmt":"2021-02-19T17:26:22","guid":{"rendered":"https:\/\/abrelivros.org.br\/site\/?p=13241"},"modified":"2021-02-19T14:26:22","modified_gmt":"2021-02-19T17:26:22","slug":"mais-ficcao-e-menos-livros-didaticos","status":"publish","type":"post","link":"https:\/\/abrelivros.org.br\/site\/mais-ficcao-e-menos-livros-didaticos\/","title":{"rendered":"Mais fic\u00e7\u00e3o e menos livros did\u00e1ticos"},"content":{"rendered":"<p>Acabou de sair o primeiro Painel do Varejo de Livros no Brasil, produzido pela Nielsen em parceria com o Sindicato Nacional dos Editores de Livros. Entre os dias 04 e 31 de janeiro, os estabelecimentos monitorados pelo instituto de pesquisa venderam 4,3 milh\u00f5es de exemplares e faturaram R$ 206,34 milh\u00f5es com a venda de livros. Na compara\u00e7\u00e3o com 2020, esses n\u00fameros representam crescimento de 19,32% em volume e de 14,14% em valor.<!--more--><\/p>\n<p>O crescimento veio acompanhado de um fen\u00f4meno curioso. Janeiro, m\u00eas tradicionalmente impactado pelo per\u00edodo de volta \u00e0s aulas, apresentou crescimento 2,44 pontos percentuais da categoria Fic\u00e7\u00e3o, enquanto a categoria Infantil, Juvenil e Educacional \u2013 onde a Nielsen coloca os livros did\u00e1ticos \u2013 apresentou queda de 6,57 pontos percentuais. As compara\u00e7\u00f5es tem por base o mesmo per\u00edodo de 2020.<\/p>\n<p>Ismael Borges, gestor da divis\u00e3o Nielsen Bookscan, comenta: \u201cFoi um per\u00edodo com forte eleva\u00e7\u00e3o da presen\u00e7a de t\u00edtulos de fic\u00e7\u00e3o, ao passo que chama a aten\u00e7\u00e3o a diminui\u00e7\u00e3o da comercializa\u00e7\u00e3o de t\u00edtulos did\u00e1ticos. Tal fen\u00f4meno eleva o percentual de desconto e puxa o pre\u00e7o para baixo O adiamento do in\u00edcio das aulas para a segunda quinzena de fevereiro, junto com as quest\u00f5es de seguran\u00e7a, pode ser considerado como fatores de grande relev\u00e2ncia para esta queda\u201d.<\/p>\n<p>Marcos da Veiga Pereira, presidente do SNEL, comemorou os n\u00fameros: \u201cEste primeiro resultado de 2021 mostra a vitalidade da leitura, e \u00e9 papel fundamental da ind\u00fastria continuar a estimular a valoriza\u00e7\u00e3o do livro na sociedade\u201d.<\/p>\n<p><a href=\"https:\/\/www.publishnews.com.br\/estaticos\/uploads\/2021\/02\/ou7vzFXXk9pIUY8ckzddcaA6oCAVPgdzEuuoDqHn6N853AvecyNtZXw3MKfDPoCY7bKr61u8vgen8PAD.pdf\" target=\"_blank\" rel=\"noopener noreferrer\">Clique aqui<\/a> para acessar a \u00edntegra do Painel.<\/p>\n","protected":false},"excerpt":{"rendered":"<p>Acabou de sair o primeiro Painel do Varejo de Livros no Brasil, produzido pela Nielsen em parceria com o Sindicato Nacional dos Editores de Livros. Entre os dias 04 e 31 de janeiro, os estabelecimentos monitorados pelo instituto de pesquisa venderam 4,3 milh\u00f5es de exemplares e faturaram R$ 206,34 milh\u00f5es com a venda de livros. [&hellip;]<\/p>\n","protected":false},"author":4,"featured_media":0,"comment_status":"closed","ping_status":"closed","sticky":false,"template":"","format":"standard","meta":{"footnotes":"","_links_to":"","_links_to_target":""},"categories":[9],"tags":[],"class_list":["post-13241","post","type-post","status-publish","format-standard","hentry","category-noticias-da-imprensa"],"yoast_head":"<!-- This site is optimized with the Yoast SEO plugin v15.1 - https:\/\/yoast.com\/wordpress\/plugins\/seo\/ -->\n<title>Mais fic\u00e7\u00e3o e menos livros did\u00e1ticos &raquo; Abrelivros<\/title>\n<meta name=\"robots\" content=\"index, follow, max-snippet:-1, max-image-preview:large, max-video-preview:-1\" \/>\n<link rel=\"canonical\" href=\"https:\/\/abrelivros.org.br\/site\/mais-ficcao-e-menos-livros-didaticos\/\" \/>\n<meta property=\"og:locale\" content=\"pt_BR\" \/>\n<meta property=\"og:type\" content=\"article\" \/>\n<meta property=\"og:title\" content=\"Mais fic\u00e7\u00e3o e menos livros did\u00e1ticos &raquo; Abrelivros\" \/>\n<meta property=\"og:description\" content=\"Acabou de sair o primeiro Painel do Varejo de Livros no Brasil, produzido pela Nielsen em parceria com o Sindicato Nacional dos Editores de Livros. Entre os dias 04 e 31 de janeiro, os estabelecimentos monitorados pelo instituto de pesquisa venderam 4,3 milh\u00f5es de exemplares e faturaram R$ 206,34 milh\u00f5es com a venda de livros. [&hellip;]\" \/>\n<meta property=\"og:url\" content=\"https:\/\/abrelivros.org.br\/site\/mais-ficcao-e-menos-livros-didaticos\/\" \/>\n<meta property=\"og:site_name\" content=\"Abrelivros\" \/>\n<meta property=\"article:published_time\" content=\"2021-02-19T17:26:22+00:00\" \/>\n<meta name=\"twitter:card\" content=\"summary_large_image\" \/>\n<script type=\"application\/ld+json\" class=\"yoast-schema-graph\">{\"@context\":\"https:\/\/schema.org\",\"@graph\":[{\"@type\":\"WebSite\",\"@id\":\"https:\/\/abrelivros.org.br\/site\/#website\",\"url\":\"https:\/\/abrelivros.org.br\/site\/\",\"name\":\"Abrelivros\",\"description\":\"\",\"potentialAction\":[{\"@type\":\"SearchAction\",\"target\":\"https:\/\/abrelivros.org.br\/site\/?s={search_term_string}\",\"query-input\":\"required name=search_term_string\"}],\"inLanguage\":\"pt-BR\"},{\"@type\":\"WebPage\",\"@id\":\"https:\/\/abrelivros.org.br\/site\/mais-ficcao-e-menos-livros-didaticos\/#webpage\",\"url\":\"https:\/\/abrelivros.org.br\/site\/mais-ficcao-e-menos-livros-didaticos\/\",\"name\":\"Mais fic\\u00e7\\u00e3o e menos livros did\\u00e1ticos &raquo; Abrelivros\",\"isPartOf\":{\"@id\":\"https:\/\/abrelivros.org.br\/site\/#website\"},\"datePublished\":\"2021-02-19T17:26:22+00:00\",\"dateModified\":\"2021-02-19T17:26:22+00:00\",\"author\":{\"@id\":\"https:\/\/abrelivros.org.br\/site\/#\/schema\/person\/65db80e26409802ce15ac5feec6a15fd\"},\"breadcrumb\":{\"@id\":\"https:\/\/abrelivros.org.br\/site\/mais-ficcao-e-menos-livros-didaticos\/#breadcrumb\"},\"inLanguage\":\"pt-BR\",\"potentialAction\":[{\"@type\":\"ReadAction\",\"target\":[\"https:\/\/abrelivros.org.br\/site\/mais-ficcao-e-menos-livros-didaticos\/\"]}]},{\"@type\":\"BreadcrumbList\",\"@id\":\"https:\/\/abrelivros.org.br\/site\/mais-ficcao-e-menos-livros-didaticos\/#breadcrumb\",\"itemListElement\":[{\"@type\":\"ListItem\",\"position\":1,\"item\":{\"@type\":\"WebPage\",\"@id\":\"https:\/\/abrelivros.org.br\/site\/\",\"url\":\"https:\/\/abrelivros.org.br\/site\/\",\"name\":\"In\\u00edcio\"}},{\"@type\":\"ListItem\",\"position\":2,\"item\":{\"@type\":\"WebPage\",\"@id\":\"https:\/\/abrelivros.org.br\/site\/category\/noticias\/\",\"url\":\"https:\/\/abrelivros.org.br\/site\/category\/noticias\/\",\"name\":\"Not\\u00edcias\"}},{\"@type\":\"ListItem\",\"position\":3,\"item\":{\"@type\":\"WebPage\",\"@id\":\"https:\/\/abrelivros.org.br\/site\/category\/noticias\/noticias-da-imprensa\/\",\"url\":\"https:\/\/abrelivros.org.br\/site\/category\/noticias\/noticias-da-imprensa\/\",\"name\":\"Not\\u00edcias da imprensa\"}},{\"@type\":\"ListItem\",\"position\":4,\"item\":{\"@type\":\"WebPage\",\"@id\":\"https:\/\/abrelivros.org.br\/site\/mais-ficcao-e-menos-livros-didaticos\/\",\"url\":\"https:\/\/abrelivros.org.br\/site\/mais-ficcao-e-menos-livros-didaticos\/\",\"name\":\"Mais fic\\u00e7\\u00e3o e menos livros did\\u00e1ticos\"}}]},{\"@type\":\"Person\",\"@id\":\"https:\/\/abrelivros.org.br\/site\/#\/schema\/person\/65db80e26409802ce15ac5feec6a15fd\",\"name\":\"Reda\\u00e7\\u00e3o Abrelivros\",\"image\":{\"@type\":\"ImageObject\",\"@id\":\"https:\/\/abrelivros.org.br\/site\/#personlogo\",\"inLanguage\":\"pt-BR\",\"url\":\"https:\/\/secure.gravatar.com\/avatar\/c4e57f9c7e3482965bd428192061218520756c39080b1d1820b679fa5e9af192?s=96&d=mm&r=g\",\"caption\":\"Reda\\u00e7\\u00e3o Abrelivros\"}}]}<\/script>\n<!-- \/ Yoast SEO plugin. -->","_links":{"self":[{"href":"https:\/\/abrelivros.org.br\/site\/wp-json\/wp\/v2\/posts\/13241","targetHints":{"allow":["GET"]}}],"collection":[{"href":"https:\/\/abrelivros.org.br\/site\/wp-json\/wp\/v2\/posts"}],"about":[{"href":"https:\/\/abrelivros.org.br\/site\/wp-json\/wp\/v2\/types\/post"}],"author":[{"embeddable":true,"href":"https:\/\/abrelivros.org.br\/site\/wp-json\/wp\/v2\/users\/4"}],"replies":[{"embeddable":true,"href":"https:\/\/abrelivros.org.br\/site\/wp-json\/wp\/v2\/comments?post=13241"}],"version-history":[{"count":1,"href":"https:\/\/abrelivros.org.br\/site\/wp-json\/wp\/v2\/posts\/13241\/revisions"}],"predecessor-version":[{"id":13242,"href":"https:\/\/abrelivros.org.br\/site\/wp-json\/wp\/v2\/posts\/13241\/revisions\/13242"}],"wp:attachment":[{"href":"https:\/\/abrelivros.org.br\/site\/wp-json\/wp\/v2\/media?parent=13241"}],"wp:term":[{"taxonomy":"category","embeddable":true,"href":"https:\/\/abrelivros.org.br\/site\/wp-json\/wp\/v2\/categories?post=13241"},{"taxonomy":"post_tag","embeddable":true,"href":"https:\/\/abrelivros.org.br\/site\/wp-json\/wp\/v2\/tags?post=13241"}],"curies":[{"name":"wp","href":"https:\/\/api.w.org\/{rel}","templated":true}]}}