{"id":13239,"date":"2021-02-19T14:23:28","date_gmt":"2021-02-19T17:23:28","guid":{"rendered":"https:\/\/abrelivros.org.br\/site\/?p=13239"},"modified":"2021-02-19T14:23:28","modified_gmt":"2021-02-19T17:23:28","slug":"ilona-sobre-pdl-de-tabata-amaral-quem-escreveu-nao-entende-nada-de-alfabetizacao","status":"publish","type":"post","link":"https:\/\/abrelivros.org.br\/site\/ilona-sobre-pdl-de-tabata-amaral-quem-escreveu-nao-entende-nada-de-alfabetizacao\/","title":{"rendered":"Ilona sobre PDL de Tabata Amaral: \u201cQuem escreveu n\u00e3o entende nada de alfabetiza\u00e7\u00e3o\u201d"},"content":{"rendered":"<p>Ap\u00f3s a <a href=\"https:\/\/twitter.com\/tabataamaralsp\/status\/1362448776233963521\" target=\"_blank\" rel=\"noopener noreferrer\">deputada Tabata Amaral<\/a> (PDT-SP) <a href=\"https:\/\/www.gazetadopovo.com.br\/vida-e-cidadania\/programa-de-livros-didaticos-vira-alvo-de-criticas-educadores-e-deputados-entenda-o-por-que\/?ref=link-interno-materia\" target=\"_blank\" rel=\"noopener noreferrer\">tentar suspender o edital do Plano Nacional de Livros Did\u00e1ticos (PNLD) 2023<\/a>, a ex-secret\u00e1ria de Educa\u00e7\u00e3o B\u00e1sica do MEC, <a href=\"https:\/\/www.gazetadopovo.com.br\/educacao\/quem-e-ilona-becskehazy-e-por-que-seu-trabalho-no-ministerio-da-educacao-incomoda-tanto\/?ref=link-interno-materia\" target=\"_blank\" rel=\"noopener noreferrer\">Ilona Becskehazy<\/a>, escreveu uma <a href=\"https:\/\/twitter.com\/Ilonabecskehazy\/status\/1362444920389271554\" target=\"_blank\" rel=\"noopener noreferrer\">s\u00e9rie de mensagens no Twitter em defesa do documento<\/a>. Sobre o <a href=\"https:\/\/multimidia.gazetadopovo.com.br\/media\/docs\/1613507159_-camara-pdl-pnld-2023.pdf?1613677828\" target=\"_blank\" rel=\"noopener noreferrer\">Projeto de Decreto Legislativo (PDL)<\/a>, utilizado pela parlamentar para atingir seu objetivo, Ilona diz ter sido redigido por algu\u00e9m que &#8220;n\u00e3o entende nada de alfabetiza\u00e7\u00e3o&#8221;.<!--more--><\/p>\n<p>O texto, produzido pela assessoria de Tabata Amaral, al\u00e9m de reclamar da falta de itens como temas de g\u00eanero e de &#8220;respeito \u00e0 homo e transfobia&#8221; nos conte\u00fados indicados para crian\u00e7as de 6 a 10 anos, critica a men\u00e7\u00e3o das etapas necess\u00e1rias para a alfabetiza\u00e7\u00e3o &#8211; <a href=\"https:\/\/www.gazetadopovo.com.br\/educacao\/brasil-o-que-ha-de-mais-avancado-em-alfabetizacao-o-que-falta-para-aplicar\/?ref=link-interno-materia\" target=\"_blank\" rel=\"noopener noreferrer\">n\u00e3o h\u00e1 mais d\u00favidas na ci\u00eancia sobre isso<\/a> -, para o ensino da leitura e da escrita.<\/p>\n<p>&#8220;O PDL da deputada Tabata para sustar o edital do PNLD 2023 \u00e9 uma vergonha alheia sem fim. Confunde conceitos e for\u00e7a a barra, para tentar convencer incautos de que o documento vai contra a legisla\u00e7\u00e3o existente&#8221;, diz Ilona. Em <a href=\"https:\/\/twitter.com\/Ilonabecskehazy\/status\/1362453885722517512\" target=\"_blank\" rel=\"noopener noreferrer\">outras mensagens<\/a>, Ilona mostra como o edital utiliza os mesmos moldes do<a href=\"https:\/\/www.gazetadopovo.com.br\/educacao\/melhor-ensino-do-brasil-sobral-utiliza-componente-fonico-na-alfabetizacao-desde-2001\/?ref=link-interno-materia\" target=\"_blank\" rel=\"noopener noreferrer\"> curr\u00edculo de Sobral (CE), reconhecido como o melhor ensino do pa\u00eds<\/a>. Considerada uma das maiores especialistas em educa\u00e7\u00e3o no pa\u00eds, Ilona \u00e9 mestre e doutora em pol\u00edtica educacional, pela Pontif\u00edcia Universidade Cat\u00f3lica (PUC-RJ) e pela Faculdade de Educa\u00e7\u00e3o da Universidade de S\u00e3o Paulo (FEUSP), e trabalhou 10 anos na Funda\u00e7\u00e3o Lemann.<\/p>\n<p>Nas redes sociais, a deputada defendeu as mudan\u00e7as propostas no edital e afirmou que, em sua concep\u00e7\u00e3o, os livros did\u00e1ticos precisam tamb\u00e9m tratar de temas como racismo e ideologia de g\u00eanero. &#8220;Os livros did\u00e1ticos s\u00e3o as principais ferramentas da educa\u00e7\u00e3o e precisam refletir os princ\u00edpios constitucionais de pluralismo nas escolhas de concep\u00e7\u00f5es pedag\u00f3gicas&#8221;, afirmou Tabata Amaral. Para ela, &#8220;o novo edital do PNLD abriu brechas para que esses assuntos sejam abordados de forma preconceituosa&#8221;.<\/p>\n","protected":false},"excerpt":{"rendered":"<p>Ap\u00f3s a deputada Tabata Amaral (PDT-SP) tentar suspender o edital do Plano Nacional de Livros Did\u00e1ticos (PNLD) 2023, a ex-secret\u00e1ria de Educa\u00e7\u00e3o B\u00e1sica do MEC, Ilona Becskehazy, escreveu uma s\u00e9rie de mensagens no Twitter em defesa do documento. Sobre o Projeto de Decreto Legislativo (PDL), utilizado pela parlamentar para atingir seu objetivo, Ilona diz ter [&hellip;]<\/p>\n","protected":false},"author":4,"featured_media":0,"comment_status":"closed","ping_status":"closed","sticky":false,"template":"","format":"standard","meta":{"footnotes":"","_links_to":"","_links_to_target":""},"categories":[9,10],"tags":[],"class_list":["post-13239","post","type-post","status-publish","format-standard","hentry","category-noticias-da-imprensa","category-pnld-programa-nacional-do-livro-e-do-material-didatico"],"yoast_head":"<!-- This site is optimized with the Yoast SEO plugin v15.1 - https:\/\/yoast.com\/wordpress\/plugins\/seo\/ -->\n<title>Ilona sobre PDL de Tabata Amaral: \u201cQuem escreveu n\u00e3o entende nada de alfabetiza\u00e7\u00e3o\u201d &raquo; Abrelivros<\/title>\n<meta name=\"robots\" content=\"index, follow, max-snippet:-1, max-image-preview:large, max-video-preview:-1\" \/>\n<link rel=\"canonical\" href=\"https:\/\/abrelivros.org.br\/site\/ilona-sobre-pdl-de-tabata-amaral-quem-escreveu-nao-entende-nada-de-alfabetizacao\/\" \/>\n<meta property=\"og:locale\" content=\"pt_BR\" \/>\n<meta property=\"og:type\" content=\"article\" \/>\n<meta property=\"og:title\" content=\"Ilona sobre PDL de Tabata Amaral: \u201cQuem escreveu n\u00e3o entende nada de alfabetiza\u00e7\u00e3o\u201d &raquo; Abrelivros\" \/>\n<meta property=\"og:description\" content=\"Ap\u00f3s a deputada Tabata Amaral (PDT-SP) tentar suspender o edital do Plano Nacional de Livros Did\u00e1ticos (PNLD) 2023, a ex-secret\u00e1ria de Educa\u00e7\u00e3o B\u00e1sica do MEC, Ilona Becskehazy, escreveu uma s\u00e9rie de mensagens no Twitter em defesa do documento. Sobre o Projeto de Decreto Legislativo (PDL), utilizado pela parlamentar para atingir seu objetivo, Ilona diz ter [&hellip;]\" \/>\n<meta property=\"og:url\" content=\"https:\/\/abrelivros.org.br\/site\/ilona-sobre-pdl-de-tabata-amaral-quem-escreveu-nao-entende-nada-de-alfabetizacao\/\" \/>\n<meta property=\"og:site_name\" content=\"Abrelivros\" \/>\n<meta property=\"article:published_time\" content=\"2021-02-19T17:23:28+00:00\" \/>\n<meta name=\"twitter:card\" content=\"summary_large_image\" \/>\n<script type=\"application\/ld+json\" class=\"yoast-schema-graph\">{\"@context\":\"https:\/\/schema.org\",\"@graph\":[{\"@type\":\"WebSite\",\"@id\":\"https:\/\/abrelivros.org.br\/site\/#website\",\"url\":\"https:\/\/abrelivros.org.br\/site\/\",\"name\":\"Abrelivros\",\"description\":\"\",\"potentialAction\":[{\"@type\":\"SearchAction\",\"target\":\"https:\/\/abrelivros.org.br\/site\/?s={search_term_string}\",\"query-input\":\"required name=search_term_string\"}],\"inLanguage\":\"pt-BR\"},{\"@type\":\"WebPage\",\"@id\":\"https:\/\/abrelivros.org.br\/site\/ilona-sobre-pdl-de-tabata-amaral-quem-escreveu-nao-entende-nada-de-alfabetizacao\/#webpage\",\"url\":\"https:\/\/abrelivros.org.br\/site\/ilona-sobre-pdl-de-tabata-amaral-quem-escreveu-nao-entende-nada-de-alfabetizacao\/\",\"name\":\"Ilona sobre PDL de Tabata Amaral: \\u201cQuem escreveu n\\u00e3o entende nada de alfabetiza\\u00e7\\u00e3o\\u201d &raquo; Abrelivros\",\"isPartOf\":{\"@id\":\"https:\/\/abrelivros.org.br\/site\/#website\"},\"datePublished\":\"2021-02-19T17:23:28+00:00\",\"dateModified\":\"2021-02-19T17:23:28+00:00\",\"author\":{\"@id\":\"https:\/\/abrelivros.org.br\/site\/#\/schema\/person\/65db80e26409802ce15ac5feec6a15fd\"},\"breadcrumb\":{\"@id\":\"https:\/\/abrelivros.org.br\/site\/ilona-sobre-pdl-de-tabata-amaral-quem-escreveu-nao-entende-nada-de-alfabetizacao\/#breadcrumb\"},\"inLanguage\":\"pt-BR\",\"potentialAction\":[{\"@type\":\"ReadAction\",\"target\":[\"https:\/\/abrelivros.org.br\/site\/ilona-sobre-pdl-de-tabata-amaral-quem-escreveu-nao-entende-nada-de-alfabetizacao\/\"]}]},{\"@type\":\"BreadcrumbList\",\"@id\":\"https:\/\/abrelivros.org.br\/site\/ilona-sobre-pdl-de-tabata-amaral-quem-escreveu-nao-entende-nada-de-alfabetizacao\/#breadcrumb\",\"itemListElement\":[{\"@type\":\"ListItem\",\"position\":1,\"item\":{\"@type\":\"WebPage\",\"@id\":\"https:\/\/abrelivros.org.br\/site\/\",\"url\":\"https:\/\/abrelivros.org.br\/site\/\",\"name\":\"In\\u00edcio\"}},{\"@type\":\"ListItem\",\"position\":2,\"item\":{\"@type\":\"WebPage\",\"@id\":\"https:\/\/abrelivros.org.br\/site\/category\/noticias\/\",\"url\":\"https:\/\/abrelivros.org.br\/site\/category\/noticias\/\",\"name\":\"Not\\u00edcias\"}},{\"@type\":\"ListItem\",\"position\":3,\"item\":{\"@type\":\"WebPage\",\"@id\":\"https:\/\/abrelivros.org.br\/site\/category\/noticias\/noticias-da-imprensa\/\",\"url\":\"https:\/\/abrelivros.org.br\/site\/category\/noticias\/noticias-da-imprensa\/\",\"name\":\"Not\\u00edcias da imprensa\"}},{\"@type\":\"ListItem\",\"position\":4,\"item\":{\"@type\":\"WebPage\",\"@id\":\"https:\/\/abrelivros.org.br\/site\/ilona-sobre-pdl-de-tabata-amaral-quem-escreveu-nao-entende-nada-de-alfabetizacao\/\",\"url\":\"https:\/\/abrelivros.org.br\/site\/ilona-sobre-pdl-de-tabata-amaral-quem-escreveu-nao-entende-nada-de-alfabetizacao\/\",\"name\":\"Ilona sobre PDL de Tabata Amaral: \\u201cQuem escreveu n\\u00e3o entende nada de alfabetiza\\u00e7\\u00e3o\\u201d\"}}]},{\"@type\":\"Person\",\"@id\":\"https:\/\/abrelivros.org.br\/site\/#\/schema\/person\/65db80e26409802ce15ac5feec6a15fd\",\"name\":\"Reda\\u00e7\\u00e3o Abrelivros\",\"image\":{\"@type\":\"ImageObject\",\"@id\":\"https:\/\/abrelivros.org.br\/site\/#personlogo\",\"inLanguage\":\"pt-BR\",\"url\":\"https:\/\/secure.gravatar.com\/avatar\/c4e57f9c7e3482965bd428192061218520756c39080b1d1820b679fa5e9af192?s=96&d=mm&r=g\",\"caption\":\"Reda\\u00e7\\u00e3o Abrelivros\"}}]}<\/script>\n<!-- \/ Yoast SEO plugin. -->","_links":{"self":[{"href":"https:\/\/abrelivros.org.br\/site\/wp-json\/wp\/v2\/posts\/13239","targetHints":{"allow":["GET"]}}],"collection":[{"href":"https:\/\/abrelivros.org.br\/site\/wp-json\/wp\/v2\/posts"}],"about":[{"href":"https:\/\/abrelivros.org.br\/site\/wp-json\/wp\/v2\/types\/post"}],"author":[{"embeddable":true,"href":"https:\/\/abrelivros.org.br\/site\/wp-json\/wp\/v2\/users\/4"}],"replies":[{"embeddable":true,"href":"https:\/\/abrelivros.org.br\/site\/wp-json\/wp\/v2\/comments?post=13239"}],"version-history":[{"count":1,"href":"https:\/\/abrelivros.org.br\/site\/wp-json\/wp\/v2\/posts\/13239\/revisions"}],"predecessor-version":[{"id":13240,"href":"https:\/\/abrelivros.org.br\/site\/wp-json\/wp\/v2\/posts\/13239\/revisions\/13240"}],"wp:attachment":[{"href":"https:\/\/abrelivros.org.br\/site\/wp-json\/wp\/v2\/media?parent=13239"}],"wp:term":[{"taxonomy":"category","embeddable":true,"href":"https:\/\/abrelivros.org.br\/site\/wp-json\/wp\/v2\/categories?post=13239"},{"taxonomy":"post_tag","embeddable":true,"href":"https:\/\/abrelivros.org.br\/site\/wp-json\/wp\/v2\/tags?post=13239"}],"curies":[{"name":"wp","href":"https:\/\/api.w.org\/{rel}","templated":true}]}}