{"id":13237,"date":"2021-02-19T14:15:09","date_gmt":"2021-02-19T17:15:09","guid":{"rendered":"https:\/\/abrelivros.org.br\/site\/?p=13237"},"modified":"2021-02-19T14:15:09","modified_gmt":"2021-02-19T17:15:09","slug":"datas-de-edital-para-elaboradores-de-imagem-atualizadas","status":"publish","type":"post","link":"https:\/\/abrelivros.org.br\/site\/datas-de-edital-para-elaboradores-de-imagem-atualizadas\/","title":{"rendered":"Datas de edital para elaboradores de imagem atualizadas"},"content":{"rendered":"<p>O Instituto Nacional de Estudos e Pesquisas Educacionais An\u00edsio Teixeira (Inep) divulgar\u00e1 os resultados preliminares da seletiva de elaboradores de imagens para o Sistema de Avalia\u00e7\u00e3o da Educa\u00e7\u00e3o B\u00e1sica (Saeb) at\u00e9 o dia 23 de mar\u00e7o. A retifica\u00e7\u00e3o do Edital n.\u00ba 97, de 11 de novembro de 2020, foi publicada na \u00faltima quarta-feira, 17 de fevereiro, no Di\u00e1rio Oficial da Uni\u00e3o (DOU). Ap\u00f3s a divulga\u00e7\u00e3o preliminar dos resultados, os inscritos ter\u00e3o dois dias para interpor recursos.<!--more--><\/p>\n<p>O processo seletivo \u00e9 voltado a professores e artistas visuais. Os selecionados ser\u00e3o respons\u00e1veis pela produ\u00e7\u00e3o digital de imagens, hist\u00f3rias em quadrinhos, ilustra\u00e7\u00f5es, fotografias e demais artes digitais das quest\u00f5es que poder\u00e3o compor as avalia\u00e7\u00f5es da educa\u00e7\u00e3o b\u00e1sica. Com o novo cronograma estabelecido, o Inep analisar\u00e1 os documentos apresentados pelos candidatos at\u00e9 o dia 16 de mar\u00e7o. A autarquia classificar\u00e1 os interessados de acordo com a pontua\u00e7\u00e3o obtida nos requisitos obrigat\u00f3rios e complementares, considerando os documentos comprobat\u00f3rios. A divulga\u00e7\u00e3o final dos credenciados ocorrer\u00e1 at\u00e9 15 de abril.<\/p>\n<p>A classifica\u00e7\u00e3o determinar\u00e1 a ordem em que os selecionados ser\u00e3o convocados para as capacita\u00e7\u00f5es, tendo em vista os perfis das vagas e as necessidades do instituto. \u00c9 importante ressaltar que a condi\u00e7\u00e3o de colaborador credenciado ser\u00e1 atribu\u00edda somente aos candidatos que, ao final do processo de sele\u00e7\u00e3o, obtiverem frequ\u00eancia de 100% e aproveitamento m\u00ednimo nas atividades de capacita\u00e7\u00e3o.<\/p>\n<p><strong>Saeb<\/strong> \u2013 Realizado desde 1990, o Sistema de Avalia\u00e7\u00e3o da Educa\u00e7\u00e3o B\u00e1sica \u00e9 um processo de avalia\u00e7\u00e3o em larga escala, realizado periodicamente pelo Inep. O Saeb oferece subs\u00eddios para a elabora\u00e7\u00e3o, o monitoramento e o aprimoramento de pol\u00edticas com base em evid\u00eancias, permitindo que os diversos n\u00edveis governamentais avaliem a qualidade da educa\u00e7\u00e3o praticada no pa\u00eds. Por meio de testes e question\u00e1rios, a avalia\u00e7\u00e3o reflete os n\u00edveis de aprendizagem demonstrados pelo conjunto de estudantes. Esses n\u00edveis de aprendizagem est\u00e3o descritos e organizados de modo crescente, em escalas de profici\u00eancia de l\u00edngua portuguesa e de matem\u00e1tica, para cada uma das etapas avaliadas. Os resultados apurados no Saeb, juntamente com as taxas de aprova\u00e7\u00e3o, reprova\u00e7\u00e3o e abandono aferidas no Censo Escolar, comp\u00f5em o \u00cdndice de Desenvolvimento da Educa\u00e7\u00e3o B\u00e1sica (Ideb).<\/p>\n<p><a href=\"https:\/\/download.inep.gov.br\/educacao_basica\/saeb\/2020\/legislacao\/edital\/edital_n97_11112020.pdf\" target=\"_blank\" rel=\"noopener noreferrer\">Acesse o Edital n.\u00ba 97<\/a><\/p>\n<p><a href=\"https:\/\/www.in.gov.br\/web\/dou\/-\/retificacao-303824416\" target=\"_blank\" rel=\"noopener noreferrer\">Acesse a retifica\u00e7\u00e3o do edital<\/a><\/p>\n<p><a href=\"https:\/\/www.gov.br\/inep\/pt-br\/areas-de-atuacao\/avaliacao-e-exames-educacionais\/saeb\" target=\"_blank\" rel=\"noopener noreferrer\">Saiba mais sobre o Saeb<\/a><\/p>\n","protected":false},"excerpt":{"rendered":"<p>O Instituto Nacional de Estudos e Pesquisas Educacionais An\u00edsio Teixeira (Inep) divulgar\u00e1 os resultados preliminares da seletiva de elaboradores de imagens para o Sistema de Avalia\u00e7\u00e3o da Educa\u00e7\u00e3o B\u00e1sica (Saeb) at\u00e9 o dia 23 de mar\u00e7o. A retifica\u00e7\u00e3o do Edital n.\u00ba 97, de 11 de novembro de 2020, foi publicada na \u00faltima quarta-feira, 17 de [&hellip;]<\/p>\n","protected":false},"author":4,"featured_media":0,"comment_status":"closed","ping_status":"closed","sticky":false,"template":"","format":"standard","meta":{"footnotes":"","_links_to":"","_links_to_target":""},"categories":[9],"tags":[],"class_list":["post-13237","post","type-post","status-publish","format-standard","hentry","category-noticias-da-imprensa"],"yoast_head":"<!-- This site is optimized with the Yoast SEO plugin v15.1 - https:\/\/yoast.com\/wordpress\/plugins\/seo\/ -->\n<title>Datas de edital para elaboradores de imagem atualizadas &raquo; Abrelivros<\/title>\n<meta name=\"robots\" content=\"index, follow, max-snippet:-1, max-image-preview:large, max-video-preview:-1\" \/>\n<link rel=\"canonical\" href=\"https:\/\/abrelivros.org.br\/site\/datas-de-edital-para-elaboradores-de-imagem-atualizadas\/\" \/>\n<meta property=\"og:locale\" content=\"pt_BR\" \/>\n<meta property=\"og:type\" content=\"article\" \/>\n<meta property=\"og:title\" content=\"Datas de edital para elaboradores de imagem atualizadas &raquo; Abrelivros\" \/>\n<meta property=\"og:description\" content=\"O Instituto Nacional de Estudos e Pesquisas Educacionais An\u00edsio Teixeira (Inep) divulgar\u00e1 os resultados preliminares da seletiva de elaboradores de imagens para o Sistema de Avalia\u00e7\u00e3o da Educa\u00e7\u00e3o B\u00e1sica (Saeb) at\u00e9 o dia 23 de mar\u00e7o. A retifica\u00e7\u00e3o do Edital n.\u00ba 97, de 11 de novembro de 2020, foi publicada na \u00faltima quarta-feira, 17 de [&hellip;]\" \/>\n<meta property=\"og:url\" content=\"https:\/\/abrelivros.org.br\/site\/datas-de-edital-para-elaboradores-de-imagem-atualizadas\/\" \/>\n<meta property=\"og:site_name\" content=\"Abrelivros\" \/>\n<meta property=\"article:published_time\" content=\"2021-02-19T17:15:09+00:00\" \/>\n<meta name=\"twitter:card\" content=\"summary_large_image\" \/>\n<script type=\"application\/ld+json\" class=\"yoast-schema-graph\">{\"@context\":\"https:\/\/schema.org\",\"@graph\":[{\"@type\":\"WebSite\",\"@id\":\"https:\/\/abrelivros.org.br\/site\/#website\",\"url\":\"https:\/\/abrelivros.org.br\/site\/\",\"name\":\"Abrelivros\",\"description\":\"\",\"potentialAction\":[{\"@type\":\"SearchAction\",\"target\":\"https:\/\/abrelivros.org.br\/site\/?s={search_term_string}\",\"query-input\":\"required name=search_term_string\"}],\"inLanguage\":\"pt-BR\"},{\"@type\":\"WebPage\",\"@id\":\"https:\/\/abrelivros.org.br\/site\/datas-de-edital-para-elaboradores-de-imagem-atualizadas\/#webpage\",\"url\":\"https:\/\/abrelivros.org.br\/site\/datas-de-edital-para-elaboradores-de-imagem-atualizadas\/\",\"name\":\"Datas de edital para elaboradores de imagem atualizadas &raquo; Abrelivros\",\"isPartOf\":{\"@id\":\"https:\/\/abrelivros.org.br\/site\/#website\"},\"datePublished\":\"2021-02-19T17:15:09+00:00\",\"dateModified\":\"2021-02-19T17:15:09+00:00\",\"author\":{\"@id\":\"https:\/\/abrelivros.org.br\/site\/#\/schema\/person\/65db80e26409802ce15ac5feec6a15fd\"},\"breadcrumb\":{\"@id\":\"https:\/\/abrelivros.org.br\/site\/datas-de-edital-para-elaboradores-de-imagem-atualizadas\/#breadcrumb\"},\"inLanguage\":\"pt-BR\",\"potentialAction\":[{\"@type\":\"ReadAction\",\"target\":[\"https:\/\/abrelivros.org.br\/site\/datas-de-edital-para-elaboradores-de-imagem-atualizadas\/\"]}]},{\"@type\":\"BreadcrumbList\",\"@id\":\"https:\/\/abrelivros.org.br\/site\/datas-de-edital-para-elaboradores-de-imagem-atualizadas\/#breadcrumb\",\"itemListElement\":[{\"@type\":\"ListItem\",\"position\":1,\"item\":{\"@type\":\"WebPage\",\"@id\":\"https:\/\/abrelivros.org.br\/site\/\",\"url\":\"https:\/\/abrelivros.org.br\/site\/\",\"name\":\"In\\u00edcio\"}},{\"@type\":\"ListItem\",\"position\":2,\"item\":{\"@type\":\"WebPage\",\"@id\":\"https:\/\/abrelivros.org.br\/site\/category\/noticias\/\",\"url\":\"https:\/\/abrelivros.org.br\/site\/category\/noticias\/\",\"name\":\"Not\\u00edcias\"}},{\"@type\":\"ListItem\",\"position\":3,\"item\":{\"@type\":\"WebPage\",\"@id\":\"https:\/\/abrelivros.org.br\/site\/category\/noticias\/noticias-da-imprensa\/\",\"url\":\"https:\/\/abrelivros.org.br\/site\/category\/noticias\/noticias-da-imprensa\/\",\"name\":\"Not\\u00edcias da imprensa\"}},{\"@type\":\"ListItem\",\"position\":4,\"item\":{\"@type\":\"WebPage\",\"@id\":\"https:\/\/abrelivros.org.br\/site\/datas-de-edital-para-elaboradores-de-imagem-atualizadas\/\",\"url\":\"https:\/\/abrelivros.org.br\/site\/datas-de-edital-para-elaboradores-de-imagem-atualizadas\/\",\"name\":\"Datas de edital para elaboradores de imagem atualizadas\"}}]},{\"@type\":\"Person\",\"@id\":\"https:\/\/abrelivros.org.br\/site\/#\/schema\/person\/65db80e26409802ce15ac5feec6a15fd\",\"name\":\"Reda\\u00e7\\u00e3o Abrelivros\",\"image\":{\"@type\":\"ImageObject\",\"@id\":\"https:\/\/abrelivros.org.br\/site\/#personlogo\",\"inLanguage\":\"pt-BR\",\"url\":\"https:\/\/secure.gravatar.com\/avatar\/c4e57f9c7e3482965bd428192061218520756c39080b1d1820b679fa5e9af192?s=96&d=mm&r=g\",\"caption\":\"Reda\\u00e7\\u00e3o Abrelivros\"}}]}<\/script>\n<!-- \/ Yoast SEO plugin. -->","_links":{"self":[{"href":"https:\/\/abrelivros.org.br\/site\/wp-json\/wp\/v2\/posts\/13237","targetHints":{"allow":["GET"]}}],"collection":[{"href":"https:\/\/abrelivros.org.br\/site\/wp-json\/wp\/v2\/posts"}],"about":[{"href":"https:\/\/abrelivros.org.br\/site\/wp-json\/wp\/v2\/types\/post"}],"author":[{"embeddable":true,"href":"https:\/\/abrelivros.org.br\/site\/wp-json\/wp\/v2\/users\/4"}],"replies":[{"embeddable":true,"href":"https:\/\/abrelivros.org.br\/site\/wp-json\/wp\/v2\/comments?post=13237"}],"version-history":[{"count":1,"href":"https:\/\/abrelivros.org.br\/site\/wp-json\/wp\/v2\/posts\/13237\/revisions"}],"predecessor-version":[{"id":13238,"href":"https:\/\/abrelivros.org.br\/site\/wp-json\/wp\/v2\/posts\/13237\/revisions\/13238"}],"wp:attachment":[{"href":"https:\/\/abrelivros.org.br\/site\/wp-json\/wp\/v2\/media?parent=13237"}],"wp:term":[{"taxonomy":"category","embeddable":true,"href":"https:\/\/abrelivros.org.br\/site\/wp-json\/wp\/v2\/categories?post=13237"},{"taxonomy":"post_tag","embeddable":true,"href":"https:\/\/abrelivros.org.br\/site\/wp-json\/wp\/v2\/tags?post=13237"}],"curies":[{"name":"wp","href":"https:\/\/api.w.org\/{rel}","templated":true}]}}