{"id":13235,"date":"2021-02-19T14:10:59","date_gmt":"2021-02-19T17:10:59","guid":{"rendered":"https:\/\/abrelivros.org.br\/site\/?p=13235"},"modified":"2021-02-19T14:10:59","modified_gmt":"2021-02-19T17:10:59","slug":"busca-ativa-e-tecnologia-boas-praticas-pelo-pais","status":"publish","type":"post","link":"https:\/\/abrelivros.org.br\/site\/busca-ativa-e-tecnologia-boas-praticas-pelo-pais\/","title":{"rendered":"Busca Ativa e Tecnologia: Boas pr\u00e1ticas Pelo Pa\u00eds"},"content":{"rendered":"<p>Voc\u00ea talvez n\u00e3o saiba, mas tem escola p\u00fablica investindo em boas iniciativas apesar dos desafios impostos pela pandemia!<\/p>\n<p>A CNN Brasil, em parceria com o Todos Pela Educa\u00e7\u00e3o, viajou pelo Brasil para registrar boas pr\u00e1ticas de infraestrutura tecnol\u00f3gica e forma\u00e7\u00e3o docente no ensino remoto e medidas de busca ativa no combate \u00e0 evas\u00e3o escolar, pol\u00edticas fundamentais para amenizar os impactos da crise da Covid-19 na Educa\u00e7\u00e3o B\u00e1sica.<!--more--><\/p>\n<p>\u201cA evas\u00e3o afeta a produtividade do Pa\u00eds, o potencial de crescimento, de distribui\u00e7\u00e3o de renda, da diminui\u00e7\u00e3o da viol\u00eancia urbana, da gente ter uma cidadania e uma democracia mais fortes. H\u00e1, portanto, uma s\u00e9rie de consequ\u00eancias para a vida de cada um desses estudantes, mas tamb\u00e9m para todo o Pa\u00eds. Por isso que \u00e9 t\u00e3o importante a Educa\u00e7\u00e3o ser uma causa de todos\u201d, aponta Priscila Cruz, presidente-executiva do Todos. A s\u00e9rie destaca iniciativas implementadas nas redes estaduais de Educa\u00e7\u00e3o do <a href=\"http:\/\/www.seduc.am.gov.br\/\" target=\"_blank\" rel=\"noopener noreferrer\">Amazonas<\/a>, <a href=\"http:\/\/www.educacao.pe.gov.br\/portal\/\" target=\"_blank\" rel=\"noopener noreferrer\">Pernambuco<\/a>, <a href=\"https:\/\/www.educacao.sp.gov.br\/\" target=\"_blank\" rel=\"noopener noreferrer\">S\u00e3o Paulo<\/a> e <a href=\"http:\/\/www.educacao.pr.gov.br\/desvio.html\" target=\"_blank\" rel=\"noopener noreferrer\">Paran\u00e1<\/a>.<\/p>\n<p>A busca ativa e o preparo das redes para ofertar ensino h\u00edbrido \u2013 que articule aulas a dist\u00e2ncia e presenciais \u2013 s\u00e3o apenas duas de um grupo de medidas recomendadas para uma volta \u00e0s aulas segura e focada na recupera\u00e7\u00e3o da aprendizagem e do v\u00ednculo dos alunos com as escolas \u2013 todas as recomenda\u00e7\u00f5es podem ser consultadas no<a href=\"https:\/\/todospelaeducacao.org.br\/noticias\/volta-as-aulas-recomendacoes-para-o-plano-de-reabertura-das-escolas-2021\/\" target=\"_blank\" rel=\"noopener noreferrer\"> documento do Todos<\/a>, <a href=\"https:\/\/todospelaeducacao.org.br\/noticias\/volta-as-aulas-recomendacoes-para-o-plano-de-reabertura-das-escolas-2021\/\" target=\"_blank\" rel=\"noopener noreferrer\">lan\u00e7ado em dezembro de 2020<\/a>.<\/p>\n<p><strong>\u00c9 poss\u00edvel fazer<\/strong><\/p>\n<p>A s\u00e9rie de reportagens veiculadas em dezembro de 2020 \u00e9 parte do projeto Educa\u00e7\u00e3o Que D\u00e1 Certo, do Todos Pela Educa\u00e7\u00e3o, que seleciona, analisa e dissemina iniciativas positivas nas redes p\u00fablicas de ensino, a fim de inspirar os gestores p\u00fablicos e a comunidade educacional a implementar medidas que, comprovadas pelas evid\u00eancias mais recentes, fazem a Educa\u00e7\u00e3o avan\u00e7ar.<\/p>\n","protected":false},"excerpt":{"rendered":"<p>Voc\u00ea talvez n\u00e3o saiba, mas tem escola p\u00fablica investindo em boas iniciativas apesar dos desafios impostos pela pandemia! A CNN Brasil, em parceria com o Todos Pela Educa\u00e7\u00e3o, viajou pelo Brasil para registrar boas pr\u00e1ticas de infraestrutura tecnol\u00f3gica e forma\u00e7\u00e3o docente no ensino remoto e medidas de busca ativa no combate \u00e0 evas\u00e3o escolar, pol\u00edticas [&hellip;]<\/p>\n","protected":false},"author":4,"featured_media":0,"comment_status":"closed","ping_status":"closed","sticky":false,"template":"","format":"standard","meta":{"footnotes":"","_links_to":"","_links_to_target":""},"categories":[9],"tags":[],"class_list":["post-13235","post","type-post","status-publish","format-standard","hentry","category-noticias-da-imprensa"],"yoast_head":"<!-- This site is optimized with the Yoast SEO plugin v15.1 - https:\/\/yoast.com\/wordpress\/plugins\/seo\/ -->\n<title>Busca Ativa e Tecnologia: Boas pr\u00e1ticas Pelo Pa\u00eds &raquo; Abrelivros<\/title>\n<meta name=\"robots\" content=\"index, follow, max-snippet:-1, max-image-preview:large, max-video-preview:-1\" \/>\n<link rel=\"canonical\" href=\"https:\/\/abrelivros.org.br\/site\/busca-ativa-e-tecnologia-boas-praticas-pelo-pais\/\" \/>\n<meta property=\"og:locale\" content=\"pt_BR\" \/>\n<meta property=\"og:type\" content=\"article\" \/>\n<meta property=\"og:title\" content=\"Busca Ativa e Tecnologia: Boas pr\u00e1ticas Pelo Pa\u00eds &raquo; Abrelivros\" \/>\n<meta property=\"og:description\" content=\"Voc\u00ea talvez n\u00e3o saiba, mas tem escola p\u00fablica investindo em boas iniciativas apesar dos desafios impostos pela pandemia! A CNN Brasil, em parceria com o Todos Pela Educa\u00e7\u00e3o, viajou pelo Brasil para registrar boas pr\u00e1ticas de infraestrutura tecnol\u00f3gica e forma\u00e7\u00e3o docente no ensino remoto e medidas de busca ativa no combate \u00e0 evas\u00e3o escolar, pol\u00edticas [&hellip;]\" \/>\n<meta property=\"og:url\" content=\"https:\/\/abrelivros.org.br\/site\/busca-ativa-e-tecnologia-boas-praticas-pelo-pais\/\" \/>\n<meta property=\"og:site_name\" content=\"Abrelivros\" \/>\n<meta property=\"article:published_time\" content=\"2021-02-19T17:10:59+00:00\" \/>\n<meta name=\"twitter:card\" content=\"summary_large_image\" \/>\n<script type=\"application\/ld+json\" class=\"yoast-schema-graph\">{\"@context\":\"https:\/\/schema.org\",\"@graph\":[{\"@type\":\"WebSite\",\"@id\":\"https:\/\/abrelivros.org.br\/site\/#website\",\"url\":\"https:\/\/abrelivros.org.br\/site\/\",\"name\":\"Abrelivros\",\"description\":\"\",\"potentialAction\":[{\"@type\":\"SearchAction\",\"target\":\"https:\/\/abrelivros.org.br\/site\/?s={search_term_string}\",\"query-input\":\"required name=search_term_string\"}],\"inLanguage\":\"pt-BR\"},{\"@type\":\"WebPage\",\"@id\":\"https:\/\/abrelivros.org.br\/site\/busca-ativa-e-tecnologia-boas-praticas-pelo-pais\/#webpage\",\"url\":\"https:\/\/abrelivros.org.br\/site\/busca-ativa-e-tecnologia-boas-praticas-pelo-pais\/\",\"name\":\"Busca Ativa e Tecnologia: Boas pr\\u00e1ticas Pelo Pa\\u00eds &raquo; Abrelivros\",\"isPartOf\":{\"@id\":\"https:\/\/abrelivros.org.br\/site\/#website\"},\"datePublished\":\"2021-02-19T17:10:59+00:00\",\"dateModified\":\"2021-02-19T17:10:59+00:00\",\"author\":{\"@id\":\"https:\/\/abrelivros.org.br\/site\/#\/schema\/person\/65db80e26409802ce15ac5feec6a15fd\"},\"breadcrumb\":{\"@id\":\"https:\/\/abrelivros.org.br\/site\/busca-ativa-e-tecnologia-boas-praticas-pelo-pais\/#breadcrumb\"},\"inLanguage\":\"pt-BR\",\"potentialAction\":[{\"@type\":\"ReadAction\",\"target\":[\"https:\/\/abrelivros.org.br\/site\/busca-ativa-e-tecnologia-boas-praticas-pelo-pais\/\"]}]},{\"@type\":\"BreadcrumbList\",\"@id\":\"https:\/\/abrelivros.org.br\/site\/busca-ativa-e-tecnologia-boas-praticas-pelo-pais\/#breadcrumb\",\"itemListElement\":[{\"@type\":\"ListItem\",\"position\":1,\"item\":{\"@type\":\"WebPage\",\"@id\":\"https:\/\/abrelivros.org.br\/site\/\",\"url\":\"https:\/\/abrelivros.org.br\/site\/\",\"name\":\"In\\u00edcio\"}},{\"@type\":\"ListItem\",\"position\":2,\"item\":{\"@type\":\"WebPage\",\"@id\":\"https:\/\/abrelivros.org.br\/site\/category\/noticias\/\",\"url\":\"https:\/\/abrelivros.org.br\/site\/category\/noticias\/\",\"name\":\"Not\\u00edcias\"}},{\"@type\":\"ListItem\",\"position\":3,\"item\":{\"@type\":\"WebPage\",\"@id\":\"https:\/\/abrelivros.org.br\/site\/category\/noticias\/noticias-da-imprensa\/\",\"url\":\"https:\/\/abrelivros.org.br\/site\/category\/noticias\/noticias-da-imprensa\/\",\"name\":\"Not\\u00edcias da imprensa\"}},{\"@type\":\"ListItem\",\"position\":4,\"item\":{\"@type\":\"WebPage\",\"@id\":\"https:\/\/abrelivros.org.br\/site\/busca-ativa-e-tecnologia-boas-praticas-pelo-pais\/\",\"url\":\"https:\/\/abrelivros.org.br\/site\/busca-ativa-e-tecnologia-boas-praticas-pelo-pais\/\",\"name\":\"Busca Ativa e Tecnologia: Boas pr\\u00e1ticas Pelo Pa\\u00eds\"}}]},{\"@type\":\"Person\",\"@id\":\"https:\/\/abrelivros.org.br\/site\/#\/schema\/person\/65db80e26409802ce15ac5feec6a15fd\",\"name\":\"Reda\\u00e7\\u00e3o Abrelivros\",\"image\":{\"@type\":\"ImageObject\",\"@id\":\"https:\/\/abrelivros.org.br\/site\/#personlogo\",\"inLanguage\":\"pt-BR\",\"url\":\"https:\/\/secure.gravatar.com\/avatar\/c4e57f9c7e3482965bd428192061218520756c39080b1d1820b679fa5e9af192?s=96&d=mm&r=g\",\"caption\":\"Reda\\u00e7\\u00e3o Abrelivros\"}}]}<\/script>\n<!-- \/ Yoast SEO plugin. -->","_links":{"self":[{"href":"https:\/\/abrelivros.org.br\/site\/wp-json\/wp\/v2\/posts\/13235","targetHints":{"allow":["GET"]}}],"collection":[{"href":"https:\/\/abrelivros.org.br\/site\/wp-json\/wp\/v2\/posts"}],"about":[{"href":"https:\/\/abrelivros.org.br\/site\/wp-json\/wp\/v2\/types\/post"}],"author":[{"embeddable":true,"href":"https:\/\/abrelivros.org.br\/site\/wp-json\/wp\/v2\/users\/4"}],"replies":[{"embeddable":true,"href":"https:\/\/abrelivros.org.br\/site\/wp-json\/wp\/v2\/comments?post=13235"}],"version-history":[{"count":1,"href":"https:\/\/abrelivros.org.br\/site\/wp-json\/wp\/v2\/posts\/13235\/revisions"}],"predecessor-version":[{"id":13236,"href":"https:\/\/abrelivros.org.br\/site\/wp-json\/wp\/v2\/posts\/13235\/revisions\/13236"}],"wp:attachment":[{"href":"https:\/\/abrelivros.org.br\/site\/wp-json\/wp\/v2\/media?parent=13235"}],"wp:term":[{"taxonomy":"category","embeddable":true,"href":"https:\/\/abrelivros.org.br\/site\/wp-json\/wp\/v2\/categories?post=13235"},{"taxonomy":"post_tag","embeddable":true,"href":"https:\/\/abrelivros.org.br\/site\/wp-json\/wp\/v2\/tags?post=13235"}],"curies":[{"name":"wp","href":"https:\/\/api.w.org\/{rel}","templated":true}]}}