{"id":13225,"date":"2021-02-18T14:08:16","date_gmt":"2021-02-18T17:08:16","guid":{"rendered":"https:\/\/abrelivros.org.br\/site\/?p=13225"},"modified":"2021-02-18T14:08:16","modified_gmt":"2021-02-18T17:08:16","slug":"pedido-para-suspender-trecho-de-edital-de-livros-didaticos-e-protocolado-na-camara","status":"publish","type":"post","link":"https:\/\/abrelivros.org.br\/site\/pedido-para-suspender-trecho-de-edital-de-livros-didaticos-e-protocolado-na-camara\/","title":{"rendered":"Pedido para suspender trecho de edital de livros did\u00e1ticos \u00e9 protocolado na C\u00e2mara"},"content":{"rendered":"<p>O Projeto de Decreto Legislativo (PDL) que pede a suspens\u00e3o do trecho de um edital com novas regras para livros did\u00e1ticos foi protocolado nesta quinta-feira (18) na C\u00e2mara dos Deputados. A deputada federal Tabata Amaral (PDT\/SP) assina o documento.<!--more--><\/p>\n<p>O edital do Programa Nacional do Livro Did\u00e1tico (PNLD) 2023, que traz as novas regras, foi publicado na \u00faltima sexta (12) no Di\u00e1rio Oficial da Uni\u00e3o. Ele define como dever\u00e3o ser as obras did\u00e1ticas de portugu\u00eas e matem\u00e1tica dos alunos do 1\u00b0 ao 5\u00b0 ano do ensino fundamental, com idades entre 6 e 10 anos. As regras v\u00e3o determinar se um livro did\u00e1tico ser\u00e1 aprovado ou rejeitado pelo governo para ado\u00e7\u00e3o na rede p\u00fablica brasileira dessa faixa escolar a partir de 2023.<\/p>\n<p><a href=\"https:\/\/g1.globo.com\/educacao\/noticia\/2021\/02\/17\/edital-de-livros-escolares-retira-mencao-especifica-a-violencia-contra-a-mulher-e-exclui-palavra-democraticos-dos-principios-eticos.ghtml\" target=\"_blank\" rel=\"noopener noreferrer\">Edital de livros escolares retira men\u00e7\u00e3o espec\u00edfica \u00e0 viol\u00eancia contra a mulher e exclui palavra &#8216;democr\u00e1ticos&#8217; dos princ\u00edpios \u00e9ticos<\/a><\/p>\n<p>Entre as especifica\u00e7\u00f5es, houve a retirada de trechos como &#8220;especial aten\u00e7\u00e3o para o compromisso educacional com a agenda da n\u00e3o-viol\u00eancia contra a mulher&#8221; e promover &#8220;negativamente a imagem da mulher&#8221;. Com as novas regras, agora as obras devem &#8220;promover positivamente a imagem dos brasileiros, homens e mulheres&#8221; e &#8220;estar isenta de qualquer forma de promo\u00e7\u00e3o da viol\u00eancia&#8221;.<\/p>\n<p>O trecho que traz os &#8220;princ\u00edpios \u00e9ticos&#8221; que devem nortear as obras retirou as express\u00f5es &#8220;democr\u00e1ticos&#8221; e &#8220;respeito \u00e0 diversidade&#8221;, que constavam no edital anterior, e ficou em 2023 como &#8220;obras observar\u00e3o os princ\u00edpios \u00e9ticos necess\u00e1rios \u00e0 constru\u00e7\u00e3o da cidadania e ao conv\u00edvio social republicano&#8221;.<\/p>\n<p>A \u00faltima vez que o processo tinha sido feito para os primeiros 5 anos do ensino fundamental foi no PNLD 2019. Naquele ano, segundo relat\u00f3rio da C\u00e2mara do Livro, do Sindicato Nacional das Editoras de Livros e Nielsen,<\/p>\n<p>a venda de livros movimentou R$ 1,6 bilh\u00e3o s\u00f3 em vendas ao PNLD,<\/p>\n<p>o que representa um crescimento de 18% em rela\u00e7\u00e3o ao per\u00edodo anterior,<\/p>\n<p>e o governo comprou mais da metade (50,45%) dos 434 milh\u00f5es de exemplares vendidos.<\/p>\n<p><strong>O que mudou no PNLD<\/strong><\/p>\n<p>O PNLD anterior falava especificamente da possibilidade de exclus\u00e3o de obras que promovem &#8220;postura negativa em rela\u00e7\u00e3o a cultura e hist\u00f3ria afro-brasileira e dos povos ind\u00edgenas brasileiros&#8221; ou que abordassem o tema do preconceito &#8220;de forma n\u00e3o solid\u00e1ria e injusta&#8221;<\/p>\n<p>No processo de 2023 a se\u00e7\u00e3o de &#8220;princ\u00edpios \u00e9ticos&#8221; n\u00e3o fala mais sobre exclus\u00e3o de obras e afirma que os livros dever\u00e3o &#8220;promover positivamente a imagem dos brasileiros, homens e mulheres, e valorizar as matrizes culturais do Brasil &#8211; ind\u00edgena, europeia e africana &#8211; incluindo as culturas das popula\u00e7\u00f5es do campo, afrobrasileira e quilombola&#8221;.<\/p>\n<p><strong>Cr\u00edticas<\/strong><\/p>\n<p>Quando o edital foi publicado, a deputada federal Tabata Amaral afirmou que havia protocolado um projeto de decreto legislativo (PDL) para derrubar essas novas regras do PNLD. O documento s\u00f3 foi oficializado nesta quinta (18).<\/p>\n<p>O presidente da C\u00e2mara, Arthur Lira (PP-AL), escreveu em uma rede social que &#8220;o racismo, o preconceito e a viol\u00eancia contra a mulher s\u00e3o abomin\u00e1veis e devem ser combatidos desde cedo&#8221; e que vai &#8220;ouvir e acolher todas as manifesta\u00e7\u00f5es&#8221;.<\/p>\n<p>O ministro da Educa\u00e7\u00e3o, Milton Ribeiro, foi \u00e0s redes sociais se manifestar.<\/p>\n<p>Ele fez uma sequ\u00eancia de 10 posts em que defende que o PNLD 2023 est\u00e1 dentro da lei, e que a BNCC (Base Nacional Comum Curricular, que orienta os curr\u00edculos de todas as escolas p\u00fablicas e privadas do pa\u00eds) prev\u00ea trabalhar o racismo a partir do 8\u00ba ano do ensino fundamental, e a viol\u00eancia contra a mulher, a partir do 9\u00ba ano.<\/p>\n<p>Tabata Amaral, por meio de sua assessoria, declarou que &#8220;os anos iniciais n\u00e3o s\u00e3o compostos apenas de portugu\u00eas e matem\u00e1tica, conforme o ministro Milton Ribeiro afirmou. Nesta fase, os curr\u00edculos j\u00e1 s\u00e3o ampliados, com as disciplinas de hist\u00f3ria, geografia e ci\u00eancias. Ou seja, a crian\u00e7a j\u00e1 tem contato com conceitos como escravid\u00e3o, culturas, descend\u00eancias, diversidade, dentre outros&#8221;.<\/p>\n<p>O G1 pediu ao Minist\u00e9rio da Educa\u00e7\u00e3o (MEC) esclarecimentos sobre os argumentos t\u00e9cnicos para a inclus\u00e3o e retirada de termos, mas n\u00e3o recebeu resposta.<\/p>\n<p><strong>O que pode mudar nas obras<\/strong><\/p>\n<p>Para a especialista em pol\u00edticas educacionais e ex-secret\u00e1ria da Educa\u00e7\u00e3o no RJ Claudia Costin, essa &#8220;quest\u00e3o sem\u00e2ntica&#8221; pode interferir no que ser\u00e1 abordado dentro das salas de aula.<\/p>\n<p>&#8220;Se trata de uma quest\u00e3o sem\u00e2ntica, que traz problemas. Elas podem significar a exclus\u00e3o ou a escolha de livros&#8221;, diz. &#8220;Com certeza \u00e9 importante desde a primeira inf\u00e2ncia se abordar o papel de homens e mulheres na sociedade para n\u00e3o cair em estere\u00f3tipo de g\u00eanero, como por exemplo, ter sempre a mulher como dona de casa ou em papel subserviente, ter a mulher negra como empregada dom\u00e9stica&#8221;.<\/p>\n<p>Sobre os posts de Milton Ribeiro, Costin disse que &#8220;o ministro contrap\u00f5e ao falar que no 9\u00ba ano tem uma quest\u00e3o de viol\u00eancia contra a mulher, mas por que n\u00e3o pode falar sobre isso antes? N\u00e3o tem nada na BNCC que permita obras com conte\u00fados que fomentem viol\u00eancia contra a mulher. N\u00f3s n\u00e3o temos que ter livros preconceituosos, isso seria motivo para rejeitar, como estava no edital de 2019&#8221;.<\/p>\n<p>Na vis\u00e3o de Augusto Buchweitz, cientista respons\u00e1vel pelo<a href=\"https:\/\/g1.globo.com\/educacao\/noticia\/2020\/11\/27\/mec-lanca-aplicativo-graphogame-para-alfabetizacao.ghtml\" target=\"_blank\" rel=\"noopener noreferrer\"> GraphoGame Brasil<\/a> (um app de alfabetiza\u00e7\u00e3o finland\u00eas adquirido pelo Minist\u00e9rio da Educa\u00e7\u00e3o), e um dos especialistas avaliadores do PNLD 2022 (voltado para obras did\u00e1ticas da educa\u00e7\u00e3o infantil), as altera\u00e7\u00f5es nos princ\u00edpios \u00e9ticos para o PNLD 2023 n\u00e3o ter\u00e3o efeito pr\u00e1tico nas obras did\u00e1ticas.<\/p>\n<p>&#8220;O PNLD, em primeiro lugar, observa a Constitui\u00e7\u00e3o e a BNCC (Base Nacional Comum Curricular). Depois, vem outras leis complementares. Voc\u00ea n\u00e3o pode, \u00e0 revelia da Constitui\u00e7\u00e3o, ter um material que afronte minoria, que afronte idoso. Isso n\u00e3o vai acontecer.&#8221;<\/p>\n<p>Para Buchweitz, a quest\u00e3o \u00e9 se o livro did\u00e1tico deve servir de instrumento para a preven\u00e7\u00e3o de viol\u00eancias.<\/p>\n<p>&#8220;Acho que come\u00e7a a misturar boas inten\u00e7\u00f5es com qual \u00e9 o instrumento adequado. Precisa \u00e9 trabalhar com professores para identificar a viol\u00eancia&#8221;, afirma. &#8220;Coloque ou n\u00e3o de volta [os termos], mas sinceramente, duvido que isso mude alguma coisa. Falta \u00e9 presen\u00e7a do estado, falta um Conselho Tutelar ativo&#8221;, defende.<\/p>\n<p><strong>Mercado editorial<\/strong><\/p>\n<p>A Associa\u00e7\u00e3o Brasileira de Editores e Produtores de Conte\u00fado e Tecnologia Educacional (Abrelivros) informou, em nota, que as obras did\u00e1ticas que integram a PNLD cumprem as legisla\u00e7\u00f5es, respeitam os princ\u00edpios \u00e9ticos e seguem agenda contra qualquer tipo de viol\u00eancia.<\/p>\n<p>&#8220;Os livros e conte\u00fados did\u00e1ticos brasileiros respeitam e observam os princ\u00edpios \u00e9ticos e as diferentes realidades socioecon\u00f4micas, regionais, \u00e9tnico-raciais, de g\u00eanero e de orienta\u00e7\u00e3o sexual. Tamb\u00e9m seguem uma agenda contra qualquer tipo de viol\u00eancia, inclusive contra a mulher, e promovem a defesa dos direitos humano&#8221;, diz a nota.<\/p>\n<p><strong>Prazos para o PNLD<\/strong><\/p>\n<p>Por enquanto, o edital do PNLD est\u00e1 v\u00e1lido e os prazos previstos no documento seguem em vigor. Se o debate gerar atraso no cronograma, poder\u00e1 haver interfer\u00eancia na distribui\u00e7\u00e3o de livros em 2023. As pr\u00f3ximas datas do PNLD s\u00e3o:<\/p>\n<p><strong>Obras gerais:<\/strong><\/p>\n<p>Cadastramento dos editores: de 28\/7 a 5\/8<\/p>\n<p>Cadastramento e carregamento das obras: de 28\/7 a 5\/8<\/p>\n<p><strong>Obras liter\u00e1rias:<\/strong><\/p>\n<p>Cadastramento dos editores: de 22 a 26\/11<\/p>\n<p>Cadastramento e carregamento das obras: de 22 a 26\/11<\/p>\n<p>&nbsp;<\/p>\n","protected":false},"excerpt":{"rendered":"<p>O Projeto de Decreto Legislativo (PDL) que pede a suspens\u00e3o do trecho de um edital com novas regras para livros did\u00e1ticos foi protocolado nesta quinta-feira (18) na C\u00e2mara dos Deputados. A deputada federal Tabata Amaral (PDT\/SP) assina o documento.<\/p>\n","protected":false},"author":4,"featured_media":0,"comment_status":"closed","ping_status":"closed","sticky":false,"template":"","format":"standard","meta":{"footnotes":"","_links_to":"","_links_to_target":""},"categories":[9,10],"tags":[],"class_list":["post-13225","post","type-post","status-publish","format-standard","hentry","category-noticias-da-imprensa","category-pnld-programa-nacional-do-livro-e-do-material-didatico"],"yoast_head":"<!-- This site is optimized with the Yoast SEO plugin v15.1 - https:\/\/yoast.com\/wordpress\/plugins\/seo\/ -->\n<title>Pedido para suspender trecho de edital de livros did\u00e1ticos \u00e9 protocolado na C\u00e2mara &raquo; Abrelivros<\/title>\n<meta name=\"robots\" content=\"index, follow, max-snippet:-1, max-image-preview:large, max-video-preview:-1\" \/>\n<link rel=\"canonical\" href=\"https:\/\/abrelivros.org.br\/site\/pedido-para-suspender-trecho-de-edital-de-livros-didaticos-e-protocolado-na-camara\/\" \/>\n<meta property=\"og:locale\" content=\"pt_BR\" \/>\n<meta property=\"og:type\" content=\"article\" \/>\n<meta property=\"og:title\" content=\"Pedido para suspender trecho de edital de livros did\u00e1ticos \u00e9 protocolado na C\u00e2mara &raquo; Abrelivros\" \/>\n<meta property=\"og:description\" content=\"O Projeto de Decreto Legislativo (PDL) que pede a suspens\u00e3o do trecho de um edital com novas regras para livros did\u00e1ticos foi protocolado nesta quinta-feira (18) na C\u00e2mara dos Deputados. A deputada federal Tabata Amaral (PDT\/SP) assina o documento.\" \/>\n<meta property=\"og:url\" content=\"https:\/\/abrelivros.org.br\/site\/pedido-para-suspender-trecho-de-edital-de-livros-didaticos-e-protocolado-na-camara\/\" \/>\n<meta property=\"og:site_name\" content=\"Abrelivros\" \/>\n<meta property=\"article:published_time\" content=\"2021-02-18T17:08:16+00:00\" \/>\n<meta name=\"twitter:card\" content=\"summary_large_image\" \/>\n<script type=\"application\/ld+json\" class=\"yoast-schema-graph\">{\"@context\":\"https:\/\/schema.org\",\"@graph\":[{\"@type\":\"WebSite\",\"@id\":\"https:\/\/abrelivros.org.br\/site\/#website\",\"url\":\"https:\/\/abrelivros.org.br\/site\/\",\"name\":\"Abrelivros\",\"description\":\"\",\"potentialAction\":[{\"@type\":\"SearchAction\",\"target\":\"https:\/\/abrelivros.org.br\/site\/?s={search_term_string}\",\"query-input\":\"required name=search_term_string\"}],\"inLanguage\":\"pt-BR\"},{\"@type\":\"WebPage\",\"@id\":\"https:\/\/abrelivros.org.br\/site\/pedido-para-suspender-trecho-de-edital-de-livros-didaticos-e-protocolado-na-camara\/#webpage\",\"url\":\"https:\/\/abrelivros.org.br\/site\/pedido-para-suspender-trecho-de-edital-de-livros-didaticos-e-protocolado-na-camara\/\",\"name\":\"Pedido para suspender trecho de edital de livros did\\u00e1ticos \\u00e9 protocolado na C\\u00e2mara &raquo; Abrelivros\",\"isPartOf\":{\"@id\":\"https:\/\/abrelivros.org.br\/site\/#website\"},\"datePublished\":\"2021-02-18T17:08:16+00:00\",\"dateModified\":\"2021-02-18T17:08:16+00:00\",\"author\":{\"@id\":\"https:\/\/abrelivros.org.br\/site\/#\/schema\/person\/65db80e26409802ce15ac5feec6a15fd\"},\"breadcrumb\":{\"@id\":\"https:\/\/abrelivros.org.br\/site\/pedido-para-suspender-trecho-de-edital-de-livros-didaticos-e-protocolado-na-camara\/#breadcrumb\"},\"inLanguage\":\"pt-BR\",\"potentialAction\":[{\"@type\":\"ReadAction\",\"target\":[\"https:\/\/abrelivros.org.br\/site\/pedido-para-suspender-trecho-de-edital-de-livros-didaticos-e-protocolado-na-camara\/\"]}]},{\"@type\":\"BreadcrumbList\",\"@id\":\"https:\/\/abrelivros.org.br\/site\/pedido-para-suspender-trecho-de-edital-de-livros-didaticos-e-protocolado-na-camara\/#breadcrumb\",\"itemListElement\":[{\"@type\":\"ListItem\",\"position\":1,\"item\":{\"@type\":\"WebPage\",\"@id\":\"https:\/\/abrelivros.org.br\/site\/\",\"url\":\"https:\/\/abrelivros.org.br\/site\/\",\"name\":\"In\\u00edcio\"}},{\"@type\":\"ListItem\",\"position\":2,\"item\":{\"@type\":\"WebPage\",\"@id\":\"https:\/\/abrelivros.org.br\/site\/category\/noticias\/\",\"url\":\"https:\/\/abrelivros.org.br\/site\/category\/noticias\/\",\"name\":\"Not\\u00edcias\"}},{\"@type\":\"ListItem\",\"position\":3,\"item\":{\"@type\":\"WebPage\",\"@id\":\"https:\/\/abrelivros.org.br\/site\/category\/noticias\/noticias-da-imprensa\/\",\"url\":\"https:\/\/abrelivros.org.br\/site\/category\/noticias\/noticias-da-imprensa\/\",\"name\":\"Not\\u00edcias da imprensa\"}},{\"@type\":\"ListItem\",\"position\":4,\"item\":{\"@type\":\"WebPage\",\"@id\":\"https:\/\/abrelivros.org.br\/site\/pedido-para-suspender-trecho-de-edital-de-livros-didaticos-e-protocolado-na-camara\/\",\"url\":\"https:\/\/abrelivros.org.br\/site\/pedido-para-suspender-trecho-de-edital-de-livros-didaticos-e-protocolado-na-camara\/\",\"name\":\"Pedido para suspender trecho de edital de livros did\\u00e1ticos \\u00e9 protocolado na C\\u00e2mara\"}}]},{\"@type\":\"Person\",\"@id\":\"https:\/\/abrelivros.org.br\/site\/#\/schema\/person\/65db80e26409802ce15ac5feec6a15fd\",\"name\":\"Reda\\u00e7\\u00e3o Abrelivros\",\"image\":{\"@type\":\"ImageObject\",\"@id\":\"https:\/\/abrelivros.org.br\/site\/#personlogo\",\"inLanguage\":\"pt-BR\",\"url\":\"https:\/\/secure.gravatar.com\/avatar\/c4e57f9c7e3482965bd428192061218520756c39080b1d1820b679fa5e9af192?s=96&d=mm&r=g\",\"caption\":\"Reda\\u00e7\\u00e3o Abrelivros\"}}]}<\/script>\n<!-- \/ Yoast SEO plugin. -->","_links":{"self":[{"href":"https:\/\/abrelivros.org.br\/site\/wp-json\/wp\/v2\/posts\/13225","targetHints":{"allow":["GET"]}}],"collection":[{"href":"https:\/\/abrelivros.org.br\/site\/wp-json\/wp\/v2\/posts"}],"about":[{"href":"https:\/\/abrelivros.org.br\/site\/wp-json\/wp\/v2\/types\/post"}],"author":[{"embeddable":true,"href":"https:\/\/abrelivros.org.br\/site\/wp-json\/wp\/v2\/users\/4"}],"replies":[{"embeddable":true,"href":"https:\/\/abrelivros.org.br\/site\/wp-json\/wp\/v2\/comments?post=13225"}],"version-history":[{"count":1,"href":"https:\/\/abrelivros.org.br\/site\/wp-json\/wp\/v2\/posts\/13225\/revisions"}],"predecessor-version":[{"id":13226,"href":"https:\/\/abrelivros.org.br\/site\/wp-json\/wp\/v2\/posts\/13225\/revisions\/13226"}],"wp:attachment":[{"href":"https:\/\/abrelivros.org.br\/site\/wp-json\/wp\/v2\/media?parent=13225"}],"wp:term":[{"taxonomy":"category","embeddable":true,"href":"https:\/\/abrelivros.org.br\/site\/wp-json\/wp\/v2\/categories?post=13225"},{"taxonomy":"post_tag","embeddable":true,"href":"https:\/\/abrelivros.org.br\/site\/wp-json\/wp\/v2\/tags?post=13225"}],"curies":[{"name":"wp","href":"https:\/\/api.w.org\/{rel}","templated":true}]}}