{"id":13223,"date":"2021-02-18T14:00:12","date_gmt":"2021-02-18T17:00:12","guid":{"rendered":"https:\/\/abrelivros.org.br\/site\/?p=13223"},"modified":"2021-02-18T14:00:12","modified_gmt":"2021-02-18T17:00:12","slug":"pesquisa-aponta-que-49-dos-pais-dizem-nao-confiar-se-escola-ira-se-adequar-as-medidas-contra-covid","status":"publish","type":"post","link":"https:\/\/abrelivros.org.br\/site\/pesquisa-aponta-que-49-dos-pais-dizem-nao-confiar-se-escola-ira-se-adequar-as-medidas-contra-covid\/","title":{"rendered":"Pesquisa aponta que 49% dos pais dizem n\u00e3o confiar se escola ir\u00e1 se adequar \u00e0s medidas contra Covid"},"content":{"rendered":"<p>O dado \u00e9 da pesquisa \u201cEduca\u00e7\u00e3o n\u00e3o presencial na perspectiva dos estudantes e suas fam\u00edlias\u201d, encomendada pela Funda\u00e7\u00e3o Lemann, Ita\u00fa Social e Imaginable Futures.<\/p>\n<p>Foram ouvidos 1.015 pais ou respons\u00e1veis de estudantes das redes p\u00fablicas municipais e estaduais, com idade entre 6 e 18 anos, entre 16 de novembro e 2 de dezembro de 2020.<!--more--><\/p>\n<p>A pesquisa tamb\u00e9m aponta que:<\/p>\n<p>65% dos pais ou respons\u00e1veis afirmam que as crian\u00e7as da pr\u00e9-escola ter\u00e3o o desenvolvimento comprometido;<\/p>\n<p>Nos primeiros anos do ensino fundamental, 69% dos pais ou respons\u00e1veis afirmam que os estudantes ter\u00e3o atraso na alfabetiza\u00e7\u00e3o e preju\u00edzo ao seu aprendizado;<\/p>\n<p>Sobre pais ou respons\u00e1veis por adolescentes, 58% t\u00eam a percep\u00e7\u00e3o de que os estudantes ter\u00e3o problemas emocionais por causa do isolamento;<\/p>\n<p>58% acreditam que os alunos do ensino m\u00e9dio correm risco de desistir dos estudos.<\/p>\n","protected":false},"excerpt":{"rendered":"<p>O dado \u00e9 da pesquisa \u201cEduca\u00e7\u00e3o n\u00e3o presencial na perspectiva dos estudantes e suas fam\u00edlias\u201d, encomendada pela Funda\u00e7\u00e3o Lemann, Ita\u00fa Social e Imaginable Futures. Foram ouvidos 1.015 pais ou respons\u00e1veis de estudantes das redes p\u00fablicas municipais e estaduais, com idade entre 6 e 18 anos, entre 16 de novembro e 2 de dezembro de 2020.<\/p>\n","protected":false},"author":4,"featured_media":0,"comment_status":"closed","ping_status":"closed","sticky":false,"template":"","format":"standard","meta":{"footnotes":"","_links_to":"","_links_to_target":""},"categories":[9],"tags":[],"class_list":["post-13223","post","type-post","status-publish","format-standard","hentry","category-noticias-da-imprensa"],"yoast_head":"<!-- This site is optimized with the Yoast SEO plugin v15.1 - https:\/\/yoast.com\/wordpress\/plugins\/seo\/ -->\n<title>Pesquisa aponta que 49% dos pais dizem n\u00e3o confiar se escola ir\u00e1 se adequar \u00e0s medidas contra Covid &raquo; Abrelivros<\/title>\n<meta name=\"robots\" content=\"index, follow, max-snippet:-1, max-image-preview:large, max-video-preview:-1\" \/>\n<link rel=\"canonical\" href=\"https:\/\/abrelivros.org.br\/site\/pesquisa-aponta-que-49-dos-pais-dizem-nao-confiar-se-escola-ira-se-adequar-as-medidas-contra-covid\/\" \/>\n<meta property=\"og:locale\" content=\"pt_BR\" \/>\n<meta property=\"og:type\" content=\"article\" \/>\n<meta property=\"og:title\" content=\"Pesquisa aponta que 49% dos pais dizem n\u00e3o confiar se escola ir\u00e1 se adequar \u00e0s medidas contra Covid &raquo; Abrelivros\" \/>\n<meta property=\"og:description\" content=\"O dado \u00e9 da pesquisa \u201cEduca\u00e7\u00e3o n\u00e3o presencial na perspectiva dos estudantes e suas fam\u00edlias\u201d, encomendada pela Funda\u00e7\u00e3o Lemann, Ita\u00fa Social e Imaginable Futures. Foram ouvidos 1.015 pais ou respons\u00e1veis de estudantes das redes p\u00fablicas municipais e estaduais, com idade entre 6 e 18 anos, entre 16 de novembro e 2 de dezembro de 2020.\" \/>\n<meta property=\"og:url\" content=\"https:\/\/abrelivros.org.br\/site\/pesquisa-aponta-que-49-dos-pais-dizem-nao-confiar-se-escola-ira-se-adequar-as-medidas-contra-covid\/\" \/>\n<meta property=\"og:site_name\" content=\"Abrelivros\" \/>\n<meta property=\"article:published_time\" content=\"2021-02-18T17:00:12+00:00\" \/>\n<meta name=\"twitter:card\" content=\"summary_large_image\" \/>\n<script type=\"application\/ld+json\" class=\"yoast-schema-graph\">{\"@context\":\"https:\/\/schema.org\",\"@graph\":[{\"@type\":\"WebSite\",\"@id\":\"https:\/\/abrelivros.org.br\/site\/#website\",\"url\":\"https:\/\/abrelivros.org.br\/site\/\",\"name\":\"Abrelivros\",\"description\":\"\",\"potentialAction\":[{\"@type\":\"SearchAction\",\"target\":\"https:\/\/abrelivros.org.br\/site\/?s={search_term_string}\",\"query-input\":\"required name=search_term_string\"}],\"inLanguage\":\"pt-BR\"},{\"@type\":\"WebPage\",\"@id\":\"https:\/\/abrelivros.org.br\/site\/pesquisa-aponta-que-49-dos-pais-dizem-nao-confiar-se-escola-ira-se-adequar-as-medidas-contra-covid\/#webpage\",\"url\":\"https:\/\/abrelivros.org.br\/site\/pesquisa-aponta-que-49-dos-pais-dizem-nao-confiar-se-escola-ira-se-adequar-as-medidas-contra-covid\/\",\"name\":\"Pesquisa aponta que 49% dos pais dizem n\\u00e3o confiar se escola ir\\u00e1 se adequar \\u00e0s medidas contra Covid &raquo; Abrelivros\",\"isPartOf\":{\"@id\":\"https:\/\/abrelivros.org.br\/site\/#website\"},\"datePublished\":\"2021-02-18T17:00:12+00:00\",\"dateModified\":\"2021-02-18T17:00:12+00:00\",\"author\":{\"@id\":\"https:\/\/abrelivros.org.br\/site\/#\/schema\/person\/65db80e26409802ce15ac5feec6a15fd\"},\"breadcrumb\":{\"@id\":\"https:\/\/abrelivros.org.br\/site\/pesquisa-aponta-que-49-dos-pais-dizem-nao-confiar-se-escola-ira-se-adequar-as-medidas-contra-covid\/#breadcrumb\"},\"inLanguage\":\"pt-BR\",\"potentialAction\":[{\"@type\":\"ReadAction\",\"target\":[\"https:\/\/abrelivros.org.br\/site\/pesquisa-aponta-que-49-dos-pais-dizem-nao-confiar-se-escola-ira-se-adequar-as-medidas-contra-covid\/\"]}]},{\"@type\":\"BreadcrumbList\",\"@id\":\"https:\/\/abrelivros.org.br\/site\/pesquisa-aponta-que-49-dos-pais-dizem-nao-confiar-se-escola-ira-se-adequar-as-medidas-contra-covid\/#breadcrumb\",\"itemListElement\":[{\"@type\":\"ListItem\",\"position\":1,\"item\":{\"@type\":\"WebPage\",\"@id\":\"https:\/\/abrelivros.org.br\/site\/\",\"url\":\"https:\/\/abrelivros.org.br\/site\/\",\"name\":\"In\\u00edcio\"}},{\"@type\":\"ListItem\",\"position\":2,\"item\":{\"@type\":\"WebPage\",\"@id\":\"https:\/\/abrelivros.org.br\/site\/category\/noticias\/\",\"url\":\"https:\/\/abrelivros.org.br\/site\/category\/noticias\/\",\"name\":\"Not\\u00edcias\"}},{\"@type\":\"ListItem\",\"position\":3,\"item\":{\"@type\":\"WebPage\",\"@id\":\"https:\/\/abrelivros.org.br\/site\/category\/noticias\/noticias-da-imprensa\/\",\"url\":\"https:\/\/abrelivros.org.br\/site\/category\/noticias\/noticias-da-imprensa\/\",\"name\":\"Not\\u00edcias da imprensa\"}},{\"@type\":\"ListItem\",\"position\":4,\"item\":{\"@type\":\"WebPage\",\"@id\":\"https:\/\/abrelivros.org.br\/site\/pesquisa-aponta-que-49-dos-pais-dizem-nao-confiar-se-escola-ira-se-adequar-as-medidas-contra-covid\/\",\"url\":\"https:\/\/abrelivros.org.br\/site\/pesquisa-aponta-que-49-dos-pais-dizem-nao-confiar-se-escola-ira-se-adequar-as-medidas-contra-covid\/\",\"name\":\"Pesquisa aponta que 49% dos pais dizem n\\u00e3o confiar se escola ir\\u00e1 se adequar \\u00e0s medidas contra Covid\"}}]},{\"@type\":\"Person\",\"@id\":\"https:\/\/abrelivros.org.br\/site\/#\/schema\/person\/65db80e26409802ce15ac5feec6a15fd\",\"name\":\"Reda\\u00e7\\u00e3o Abrelivros\",\"image\":{\"@type\":\"ImageObject\",\"@id\":\"https:\/\/abrelivros.org.br\/site\/#personlogo\",\"inLanguage\":\"pt-BR\",\"url\":\"https:\/\/secure.gravatar.com\/avatar\/c4e57f9c7e3482965bd428192061218520756c39080b1d1820b679fa5e9af192?s=96&d=mm&r=g\",\"caption\":\"Reda\\u00e7\\u00e3o Abrelivros\"}}]}<\/script>\n<!-- \/ Yoast SEO plugin. -->","_links":{"self":[{"href":"https:\/\/abrelivros.org.br\/site\/wp-json\/wp\/v2\/posts\/13223","targetHints":{"allow":["GET"]}}],"collection":[{"href":"https:\/\/abrelivros.org.br\/site\/wp-json\/wp\/v2\/posts"}],"about":[{"href":"https:\/\/abrelivros.org.br\/site\/wp-json\/wp\/v2\/types\/post"}],"author":[{"embeddable":true,"href":"https:\/\/abrelivros.org.br\/site\/wp-json\/wp\/v2\/users\/4"}],"replies":[{"embeddable":true,"href":"https:\/\/abrelivros.org.br\/site\/wp-json\/wp\/v2\/comments?post=13223"}],"version-history":[{"count":1,"href":"https:\/\/abrelivros.org.br\/site\/wp-json\/wp\/v2\/posts\/13223\/revisions"}],"predecessor-version":[{"id":13224,"href":"https:\/\/abrelivros.org.br\/site\/wp-json\/wp\/v2\/posts\/13223\/revisions\/13224"}],"wp:attachment":[{"href":"https:\/\/abrelivros.org.br\/site\/wp-json\/wp\/v2\/media?parent=13223"}],"wp:term":[{"taxonomy":"category","embeddable":true,"href":"https:\/\/abrelivros.org.br\/site\/wp-json\/wp\/v2\/categories?post=13223"},{"taxonomy":"post_tag","embeddable":true,"href":"https:\/\/abrelivros.org.br\/site\/wp-json\/wp\/v2\/tags?post=13223"}],"curies":[{"name":"wp","href":"https:\/\/api.w.org\/{rel}","templated":true}]}}