{"id":13221,"date":"2021-02-18T13:55:56","date_gmt":"2021-02-18T16:55:56","guid":{"rendered":"https:\/\/abrelivros.org.br\/site\/?p=13221"},"modified":"2021-02-18T13:55:56","modified_gmt":"2021-02-18T16:55:56","slug":"senadores-se-movimentam-para-sustar-edital-do-pnld-2023","status":"publish","type":"post","link":"https:\/\/abrelivros.org.br\/site\/senadores-se-movimentam-para-sustar-edital-do-pnld-2023\/","title":{"rendered":"Senadores se movimentam para sustar edital do PNLD 2023"},"content":{"rendered":"<p>Os senadores petistas Paulo Rocha (PA), Jean Paul Prates (RN), Paulo Paim (RS), Humberto Costa (PE), Rog\u00e9rio Carvalho (SE) e Jaques Wagner (BA) apresentaram um projeto de decreto legislativo (PDL) para sustar o edital do Programa Nacional do Livro Did\u00e1tico (PNLD) de 2023, que tem como objeto a compra de livros did\u00e1ticos e liter\u00e1rios para alunos e professores da primeira fase do Ensino Fundamental.<!--more--><\/p>\n<p>Como o <a href=\"https:\/\/www.publishnews.com.br\/materias\/2021\/02\/12\/pnld-2023-deixa-de-exigir-itens-de-observancia-a-principios-eticos-e-democraticos\" target=\"_blank\" rel=\"noopener noreferrer\">PublishNews<\/a> noticiou em primeira m\u00e3o, o edital elaborado pelo Minist\u00e9rio da Educa\u00e7\u00e3o em conjunto com o Fundo Nacional de Desenvolvimento da Educa\u00e7\u00e3o (FNDE) retirou a proibi\u00e7\u00e3o de escolha de obras que promovam &#8220;negativamente a imagem da mulher&#8221; e abordem \u201ca tem\u00e1tica de g\u00eanero segundo uma perspectiva sexista n\u00e3o igualit\u00e1ria, inclusive no que diz respeito \u00e0 homo e transfobia\u201d.<\/p>\n<p>\u201cN\u00e3o podemos aceitar mais esse retrocesso na \u00e1rea da educa\u00e7\u00e3o. \u00c9 exatamente nas primeiras fases de ensino que se inicia a constru\u00e7\u00e3o dos valores de uma pessoa, que inclui, por exemplo, a valoriza\u00e7\u00e3o da mulher e do homem, independente de regi\u00e3o, cor, g\u00eanero e condi\u00e7\u00f5es sociais. N\u00e3o podemos tolerar que princ\u00edpios racistas, preconceituosos e machistas sejam implementados nas nossas escolas\u201d, disse o senador Jean Paul Prates (PT-RN), presidente da Frente Parlamentar em Defesa do Livro, Leitura e Bibliotecas e L\u00edder da Minoria no Senado.<\/p>\n<p>No Congresso, o edital j\u00e1 \u00e9 alvo de outro PDL, apresentado pela deputada Tabata Amaral (PDT\/SP).<\/p>\n<p>O edital tamb\u00e9m foi intensamente criticado por entidades ligadas \u00e0 educa\u00e7\u00e3o, como a Associa\u00e7\u00e3o Brasileira de Alfabetiza\u00e7\u00e3o (ABAlf), a Uni\u00e3o Nacional dos Dirigentes Municipais de Educa\u00e7\u00e3o (Undime) e a Associa\u00e7\u00e3o Nacional de P\u00f3s-Gradua\u00e7\u00e3o e Pesquisa em Educa\u00e7\u00e3o (Anped). Segundo elas, o processo de compra de livros did\u00e1ticos de 2023 n\u00e3o respeita os princ\u00edpios da Lei de Diretrizes e Bases da Educa\u00e7\u00e3o Nacional e da Base Nacional Comum Curricular da Educa\u00e7\u00e3o Infantil.<\/p>\n","protected":false},"excerpt":{"rendered":"<p>Os senadores petistas Paulo Rocha (PA), Jean Paul Prates (RN), Paulo Paim (RS), Humberto Costa (PE), Rog\u00e9rio Carvalho (SE) e Jaques Wagner (BA) apresentaram um projeto de decreto legislativo (PDL) para sustar o edital do Programa Nacional do Livro Did\u00e1tico (PNLD) de 2023, que tem como objeto a compra de livros did\u00e1ticos e liter\u00e1rios para [&hellip;]<\/p>\n","protected":false},"author":4,"featured_media":0,"comment_status":"closed","ping_status":"closed","sticky":false,"template":"","format":"standard","meta":{"footnotes":"","_links_to":"","_links_to_target":""},"categories":[9,10],"tags":[],"class_list":["post-13221","post","type-post","status-publish","format-standard","hentry","category-noticias-da-imprensa","category-pnld-programa-nacional-do-livro-e-do-material-didatico"],"yoast_head":"<!-- This site is optimized with the Yoast SEO plugin v15.1 - https:\/\/yoast.com\/wordpress\/plugins\/seo\/ -->\n<title>Senadores se movimentam para sustar edital do PNLD 2023 &raquo; Abrelivros<\/title>\n<meta name=\"robots\" content=\"index, follow, max-snippet:-1, max-image-preview:large, max-video-preview:-1\" \/>\n<link rel=\"canonical\" href=\"https:\/\/abrelivros.org.br\/site\/senadores-se-movimentam-para-sustar-edital-do-pnld-2023\/\" \/>\n<meta property=\"og:locale\" content=\"pt_BR\" \/>\n<meta property=\"og:type\" content=\"article\" \/>\n<meta property=\"og:title\" content=\"Senadores se movimentam para sustar edital do PNLD 2023 &raquo; Abrelivros\" \/>\n<meta property=\"og:description\" content=\"Os senadores petistas Paulo Rocha (PA), Jean Paul Prates (RN), Paulo Paim (RS), Humberto Costa (PE), Rog\u00e9rio Carvalho (SE) e Jaques Wagner (BA) apresentaram um projeto de decreto legislativo (PDL) para sustar o edital do Programa Nacional do Livro Did\u00e1tico (PNLD) de 2023, que tem como objeto a compra de livros did\u00e1ticos e liter\u00e1rios para [&hellip;]\" \/>\n<meta property=\"og:url\" content=\"https:\/\/abrelivros.org.br\/site\/senadores-se-movimentam-para-sustar-edital-do-pnld-2023\/\" \/>\n<meta property=\"og:site_name\" content=\"Abrelivros\" \/>\n<meta property=\"article:published_time\" content=\"2021-02-18T16:55:56+00:00\" \/>\n<meta name=\"twitter:card\" content=\"summary_large_image\" \/>\n<script type=\"application\/ld+json\" class=\"yoast-schema-graph\">{\"@context\":\"https:\/\/schema.org\",\"@graph\":[{\"@type\":\"WebSite\",\"@id\":\"https:\/\/abrelivros.org.br\/site\/#website\",\"url\":\"https:\/\/abrelivros.org.br\/site\/\",\"name\":\"Abrelivros\",\"description\":\"\",\"potentialAction\":[{\"@type\":\"SearchAction\",\"target\":\"https:\/\/abrelivros.org.br\/site\/?s={search_term_string}\",\"query-input\":\"required name=search_term_string\"}],\"inLanguage\":\"pt-BR\"},{\"@type\":\"WebPage\",\"@id\":\"https:\/\/abrelivros.org.br\/site\/senadores-se-movimentam-para-sustar-edital-do-pnld-2023\/#webpage\",\"url\":\"https:\/\/abrelivros.org.br\/site\/senadores-se-movimentam-para-sustar-edital-do-pnld-2023\/\",\"name\":\"Senadores se movimentam para sustar edital do PNLD 2023 &raquo; Abrelivros\",\"isPartOf\":{\"@id\":\"https:\/\/abrelivros.org.br\/site\/#website\"},\"datePublished\":\"2021-02-18T16:55:56+00:00\",\"dateModified\":\"2021-02-18T16:55:56+00:00\",\"author\":{\"@id\":\"https:\/\/abrelivros.org.br\/site\/#\/schema\/person\/65db80e26409802ce15ac5feec6a15fd\"},\"breadcrumb\":{\"@id\":\"https:\/\/abrelivros.org.br\/site\/senadores-se-movimentam-para-sustar-edital-do-pnld-2023\/#breadcrumb\"},\"inLanguage\":\"pt-BR\",\"potentialAction\":[{\"@type\":\"ReadAction\",\"target\":[\"https:\/\/abrelivros.org.br\/site\/senadores-se-movimentam-para-sustar-edital-do-pnld-2023\/\"]}]},{\"@type\":\"BreadcrumbList\",\"@id\":\"https:\/\/abrelivros.org.br\/site\/senadores-se-movimentam-para-sustar-edital-do-pnld-2023\/#breadcrumb\",\"itemListElement\":[{\"@type\":\"ListItem\",\"position\":1,\"item\":{\"@type\":\"WebPage\",\"@id\":\"https:\/\/abrelivros.org.br\/site\/\",\"url\":\"https:\/\/abrelivros.org.br\/site\/\",\"name\":\"In\\u00edcio\"}},{\"@type\":\"ListItem\",\"position\":2,\"item\":{\"@type\":\"WebPage\",\"@id\":\"https:\/\/abrelivros.org.br\/site\/category\/noticias\/\",\"url\":\"https:\/\/abrelivros.org.br\/site\/category\/noticias\/\",\"name\":\"Not\\u00edcias\"}},{\"@type\":\"ListItem\",\"position\":3,\"item\":{\"@type\":\"WebPage\",\"@id\":\"https:\/\/abrelivros.org.br\/site\/category\/noticias\/noticias-da-imprensa\/\",\"url\":\"https:\/\/abrelivros.org.br\/site\/category\/noticias\/noticias-da-imprensa\/\",\"name\":\"Not\\u00edcias da imprensa\"}},{\"@type\":\"ListItem\",\"position\":4,\"item\":{\"@type\":\"WebPage\",\"@id\":\"https:\/\/abrelivros.org.br\/site\/senadores-se-movimentam-para-sustar-edital-do-pnld-2023\/\",\"url\":\"https:\/\/abrelivros.org.br\/site\/senadores-se-movimentam-para-sustar-edital-do-pnld-2023\/\",\"name\":\"Senadores se movimentam para sustar edital do PNLD 2023\"}}]},{\"@type\":\"Person\",\"@id\":\"https:\/\/abrelivros.org.br\/site\/#\/schema\/person\/65db80e26409802ce15ac5feec6a15fd\",\"name\":\"Reda\\u00e7\\u00e3o Abrelivros\",\"image\":{\"@type\":\"ImageObject\",\"@id\":\"https:\/\/abrelivros.org.br\/site\/#personlogo\",\"inLanguage\":\"pt-BR\",\"url\":\"https:\/\/secure.gravatar.com\/avatar\/c4e57f9c7e3482965bd428192061218520756c39080b1d1820b679fa5e9af192?s=96&d=mm&r=g\",\"caption\":\"Reda\\u00e7\\u00e3o Abrelivros\"}}]}<\/script>\n<!-- \/ Yoast SEO plugin. -->","_links":{"self":[{"href":"https:\/\/abrelivros.org.br\/site\/wp-json\/wp\/v2\/posts\/13221","targetHints":{"allow":["GET"]}}],"collection":[{"href":"https:\/\/abrelivros.org.br\/site\/wp-json\/wp\/v2\/posts"}],"about":[{"href":"https:\/\/abrelivros.org.br\/site\/wp-json\/wp\/v2\/types\/post"}],"author":[{"embeddable":true,"href":"https:\/\/abrelivros.org.br\/site\/wp-json\/wp\/v2\/users\/4"}],"replies":[{"embeddable":true,"href":"https:\/\/abrelivros.org.br\/site\/wp-json\/wp\/v2\/comments?post=13221"}],"version-history":[{"count":1,"href":"https:\/\/abrelivros.org.br\/site\/wp-json\/wp\/v2\/posts\/13221\/revisions"}],"predecessor-version":[{"id":13222,"href":"https:\/\/abrelivros.org.br\/site\/wp-json\/wp\/v2\/posts\/13221\/revisions\/13222"}],"wp:attachment":[{"href":"https:\/\/abrelivros.org.br\/site\/wp-json\/wp\/v2\/media?parent=13221"}],"wp:term":[{"taxonomy":"category","embeddable":true,"href":"https:\/\/abrelivros.org.br\/site\/wp-json\/wp\/v2\/categories?post=13221"},{"taxonomy":"post_tag","embeddable":true,"href":"https:\/\/abrelivros.org.br\/site\/wp-json\/wp\/v2\/tags?post=13221"}],"curies":[{"name":"wp","href":"https:\/\/api.w.org\/{rel}","templated":true}]}}