{"id":13216,"date":"2021-02-17T14:07:27","date_gmt":"2021-02-17T17:07:27","guid":{"rendered":"https:\/\/abrelivros.org.br\/site\/?p=13216"},"modified":"2021-02-17T14:07:27","modified_gmt":"2021-02-17T17:07:27","slug":"parlamentares-comentam-afrouxamento-do-pnld-nas-observancias-de-principios-eticos-e-democraticos","status":"publish","type":"post","link":"https:\/\/abrelivros.org.br\/site\/parlamentares-comentam-afrouxamento-do-pnld-nas-observancias-de-principios-eticos-e-democraticos\/","title":{"rendered":"Parlamentares comentam afrouxamento do PNLD nas observ\u00e2ncias de princ\u00edpios \u00e9ticos e democr\u00e1ticos"},"content":{"rendered":"<p>Na \u00faltima sexta-feira (12), o <a href=\"https:\/\/www.publishnews.com.br\/materias\/2021\/02\/12\/pnld-2023-deixa-de-exigir-itens-de-observancia-a-principios-eticos-e-democraticos\" target=\"_blank\" rel=\"noopener noreferrer\">PublishNews<\/a> trouxe, em primeira m\u00e3o, a informa\u00e7\u00e3o sobre mudan\u00e7as no anexo III do edital do Programa Nacional do Livro e do Material Did\u00e1tico (PNLD) 2023. Na compara\u00e7\u00e3o com o edital de 2019, quando tamb\u00e9m se compraram livros para os anos iniciais do Ensino Fundamental, o edital perdeu itens de observ\u00e2ncia a princ\u00edpios \u00e9ticos e democr\u00e1ticos, como a proibi\u00e7\u00e3o de veicular estere\u00f3tipos e de conte\u00fados homo e transf\u00f3bicos.<!--more--><\/p>\n<p>Durante o carnaval, parlamentares comentaram o caso. Arthur Lira (PP-AL), presidente da C\u00e2mara dos Deputados, manifestou-se pelas suas redes sociais: \u201cSou nordestino antes de tudo e penso tamb\u00e9m que o racismo, o preconceito e a viol\u00eancia contra a mulher s\u00e3o abomin\u00e1veis e devem ser combatidos desde cedo. A educa\u00e7\u00e3o deve dar a cada cidad\u00e3o a capacidade cr\u00edtica para seguir a sua caminhada formando seus julgamentos e pontos de vista\u201d. Ele completou dizendo que vai acolher todas as manifesta\u00e7\u00f5es.<\/p>\n<p>A deputada Tabata Amaral (PDT-SP) tamb\u00e9m usou suas redes sociais para comentar o que taxou de \u201cabsurdo\u201d. \u201cProtocolei um PDL [Projeto de Decreto Legislativo] para suspender esse absurdo. Pluralismo de ideias e respeito \u00e0 diversidade s\u00e3o base da educa\u00e7\u00e3o\u201d, disse.<\/p>\n<p>Carlos Nadalim, secret\u00e1rio de alfabetiza\u00e7\u00e3o \u2013 um dos \u00f3rg\u00e3os do MEC respons\u00e1vel pela elabora\u00e7\u00e3o do edital \u2013 gravou v\u00eddeos ao lado de Fabio Gomes Filho, diretor de pol\u00edticas de alfabetiza\u00e7\u00e3o, dizendo que a \u201cpol\u00eamica\u201d em torno do caso \u00e9 \u201cdesnecess\u00e1ria\u201d. Os executivos ressaltaram que o edital \u00e9 fruto de discuss\u00f5es que aconteceram desde 2019; que as mudan\u00e7as s\u00e3o baseadas em evid\u00eancias cient\u00edficas e que usa modelos exitosos de outros pa\u00edses. Na pr\u00f3pria sexta-feira, o PN enviou e-mail \u00e0 assessoria de imprensa do Fundo Nacional de Desenvolvimento da Educa\u00e7\u00e3o (FNDE), mas at\u00e9 agora n\u00e3o teve retorno.<\/p>\n","protected":false},"excerpt":{"rendered":"<p>Na \u00faltima sexta-feira (12), o PublishNews trouxe, em primeira m\u00e3o, a informa\u00e7\u00e3o sobre mudan\u00e7as no anexo III do edital do Programa Nacional do Livro e do Material Did\u00e1tico (PNLD) 2023. Na compara\u00e7\u00e3o com o edital de 2019, quando tamb\u00e9m se compraram livros para os anos iniciais do Ensino Fundamental, o edital perdeu itens de observ\u00e2ncia [&hellip;]<\/p>\n","protected":false},"author":4,"featured_media":0,"comment_status":"closed","ping_status":"closed","sticky":false,"template":"","format":"standard","meta":{"footnotes":"","_links_to":"","_links_to_target":""},"categories":[9,10],"tags":[],"class_list":["post-13216","post","type-post","status-publish","format-standard","hentry","category-noticias-da-imprensa","category-pnld-programa-nacional-do-livro-e-do-material-didatico"],"yoast_head":"<!-- This site is optimized with the Yoast SEO plugin v15.1 - https:\/\/yoast.com\/wordpress\/plugins\/seo\/ -->\n<title>Parlamentares comentam afrouxamento do PNLD nas observ\u00e2ncias de princ\u00edpios \u00e9ticos e democr\u00e1ticos &raquo; Abrelivros<\/title>\n<meta name=\"robots\" content=\"index, follow, max-snippet:-1, max-image-preview:large, max-video-preview:-1\" \/>\n<link rel=\"canonical\" href=\"https:\/\/abrelivros.org.br\/site\/parlamentares-comentam-afrouxamento-do-pnld-nas-observancias-de-principios-eticos-e-democraticos\/\" \/>\n<meta property=\"og:locale\" content=\"pt_BR\" \/>\n<meta property=\"og:type\" content=\"article\" \/>\n<meta property=\"og:title\" content=\"Parlamentares comentam afrouxamento do PNLD nas observ\u00e2ncias de princ\u00edpios \u00e9ticos e democr\u00e1ticos &raquo; Abrelivros\" \/>\n<meta property=\"og:description\" content=\"Na \u00faltima sexta-feira (12), o PublishNews trouxe, em primeira m\u00e3o, a informa\u00e7\u00e3o sobre mudan\u00e7as no anexo III do edital do Programa Nacional do Livro e do Material Did\u00e1tico (PNLD) 2023. Na compara\u00e7\u00e3o com o edital de 2019, quando tamb\u00e9m se compraram livros para os anos iniciais do Ensino Fundamental, o edital perdeu itens de observ\u00e2ncia [&hellip;]\" \/>\n<meta property=\"og:url\" content=\"https:\/\/abrelivros.org.br\/site\/parlamentares-comentam-afrouxamento-do-pnld-nas-observancias-de-principios-eticos-e-democraticos\/\" \/>\n<meta property=\"og:site_name\" content=\"Abrelivros\" \/>\n<meta property=\"article:published_time\" content=\"2021-02-17T17:07:27+00:00\" \/>\n<meta name=\"twitter:card\" content=\"summary_large_image\" \/>\n<script type=\"application\/ld+json\" class=\"yoast-schema-graph\">{\"@context\":\"https:\/\/schema.org\",\"@graph\":[{\"@type\":\"WebSite\",\"@id\":\"https:\/\/abrelivros.org.br\/site\/#website\",\"url\":\"https:\/\/abrelivros.org.br\/site\/\",\"name\":\"Abrelivros\",\"description\":\"\",\"potentialAction\":[{\"@type\":\"SearchAction\",\"target\":\"https:\/\/abrelivros.org.br\/site\/?s={search_term_string}\",\"query-input\":\"required name=search_term_string\"}],\"inLanguage\":\"pt-BR\"},{\"@type\":\"WebPage\",\"@id\":\"https:\/\/abrelivros.org.br\/site\/parlamentares-comentam-afrouxamento-do-pnld-nas-observancias-de-principios-eticos-e-democraticos\/#webpage\",\"url\":\"https:\/\/abrelivros.org.br\/site\/parlamentares-comentam-afrouxamento-do-pnld-nas-observancias-de-principios-eticos-e-democraticos\/\",\"name\":\"Parlamentares comentam afrouxamento do PNLD nas observ\\u00e2ncias de princ\\u00edpios \\u00e9ticos e democr\\u00e1ticos &raquo; Abrelivros\",\"isPartOf\":{\"@id\":\"https:\/\/abrelivros.org.br\/site\/#website\"},\"datePublished\":\"2021-02-17T17:07:27+00:00\",\"dateModified\":\"2021-02-17T17:07:27+00:00\",\"author\":{\"@id\":\"https:\/\/abrelivros.org.br\/site\/#\/schema\/person\/65db80e26409802ce15ac5feec6a15fd\"},\"breadcrumb\":{\"@id\":\"https:\/\/abrelivros.org.br\/site\/parlamentares-comentam-afrouxamento-do-pnld-nas-observancias-de-principios-eticos-e-democraticos\/#breadcrumb\"},\"inLanguage\":\"pt-BR\",\"potentialAction\":[{\"@type\":\"ReadAction\",\"target\":[\"https:\/\/abrelivros.org.br\/site\/parlamentares-comentam-afrouxamento-do-pnld-nas-observancias-de-principios-eticos-e-democraticos\/\"]}]},{\"@type\":\"BreadcrumbList\",\"@id\":\"https:\/\/abrelivros.org.br\/site\/parlamentares-comentam-afrouxamento-do-pnld-nas-observancias-de-principios-eticos-e-democraticos\/#breadcrumb\",\"itemListElement\":[{\"@type\":\"ListItem\",\"position\":1,\"item\":{\"@type\":\"WebPage\",\"@id\":\"https:\/\/abrelivros.org.br\/site\/\",\"url\":\"https:\/\/abrelivros.org.br\/site\/\",\"name\":\"In\\u00edcio\"}},{\"@type\":\"ListItem\",\"position\":2,\"item\":{\"@type\":\"WebPage\",\"@id\":\"https:\/\/abrelivros.org.br\/site\/category\/noticias\/\",\"url\":\"https:\/\/abrelivros.org.br\/site\/category\/noticias\/\",\"name\":\"Not\\u00edcias\"}},{\"@type\":\"ListItem\",\"position\":3,\"item\":{\"@type\":\"WebPage\",\"@id\":\"https:\/\/abrelivros.org.br\/site\/category\/noticias\/noticias-da-imprensa\/\",\"url\":\"https:\/\/abrelivros.org.br\/site\/category\/noticias\/noticias-da-imprensa\/\",\"name\":\"Not\\u00edcias da imprensa\"}},{\"@type\":\"ListItem\",\"position\":4,\"item\":{\"@type\":\"WebPage\",\"@id\":\"https:\/\/abrelivros.org.br\/site\/parlamentares-comentam-afrouxamento-do-pnld-nas-observancias-de-principios-eticos-e-democraticos\/\",\"url\":\"https:\/\/abrelivros.org.br\/site\/parlamentares-comentam-afrouxamento-do-pnld-nas-observancias-de-principios-eticos-e-democraticos\/\",\"name\":\"Parlamentares comentam afrouxamento do PNLD nas observ\\u00e2ncias de princ\\u00edpios \\u00e9ticos e democr\\u00e1ticos\"}}]},{\"@type\":\"Person\",\"@id\":\"https:\/\/abrelivros.org.br\/site\/#\/schema\/person\/65db80e26409802ce15ac5feec6a15fd\",\"name\":\"Reda\\u00e7\\u00e3o Abrelivros\",\"image\":{\"@type\":\"ImageObject\",\"@id\":\"https:\/\/abrelivros.org.br\/site\/#personlogo\",\"inLanguage\":\"pt-BR\",\"url\":\"https:\/\/secure.gravatar.com\/avatar\/c4e57f9c7e3482965bd428192061218520756c39080b1d1820b679fa5e9af192?s=96&d=mm&r=g\",\"caption\":\"Reda\\u00e7\\u00e3o Abrelivros\"}}]}<\/script>\n<!-- \/ Yoast SEO plugin. -->","_links":{"self":[{"href":"https:\/\/abrelivros.org.br\/site\/wp-json\/wp\/v2\/posts\/13216","targetHints":{"allow":["GET"]}}],"collection":[{"href":"https:\/\/abrelivros.org.br\/site\/wp-json\/wp\/v2\/posts"}],"about":[{"href":"https:\/\/abrelivros.org.br\/site\/wp-json\/wp\/v2\/types\/post"}],"author":[{"embeddable":true,"href":"https:\/\/abrelivros.org.br\/site\/wp-json\/wp\/v2\/users\/4"}],"replies":[{"embeddable":true,"href":"https:\/\/abrelivros.org.br\/site\/wp-json\/wp\/v2\/comments?post=13216"}],"version-history":[{"count":1,"href":"https:\/\/abrelivros.org.br\/site\/wp-json\/wp\/v2\/posts\/13216\/revisions"}],"predecessor-version":[{"id":13217,"href":"https:\/\/abrelivros.org.br\/site\/wp-json\/wp\/v2\/posts\/13216\/revisions\/13217"}],"wp:attachment":[{"href":"https:\/\/abrelivros.org.br\/site\/wp-json\/wp\/v2\/media?parent=13216"}],"wp:term":[{"taxonomy":"category","embeddable":true,"href":"https:\/\/abrelivros.org.br\/site\/wp-json\/wp\/v2\/categories?post=13216"},{"taxonomy":"post_tag","embeddable":true,"href":"https:\/\/abrelivros.org.br\/site\/wp-json\/wp\/v2\/tags?post=13216"}],"curies":[{"name":"wp","href":"https:\/\/api.w.org\/{rel}","templated":true}]}}