{"id":13214,"date":"2021-02-17T14:01:57","date_gmt":"2021-02-17T17:01:57","guid":{"rendered":"https:\/\/abrelivros.org.br\/site\/?p=13214"},"modified":"2021-02-17T14:16:39","modified_gmt":"2021-02-17T17:16:39","slug":"apanhadao-os-livros-ficaram-mais-caros-no-ultimo-ano","status":"publish","type":"post","link":"https:\/\/abrelivros.org.br\/site\/apanhadao-os-livros-ficaram-mais-caros-no-ultimo-ano\/","title":{"rendered":"Apanhad\u00e3o: Os livros ficaram mais caros no \u00faltimo ano?"},"content":{"rendered":"<p>A coluna <a href=\"https:\/\/www1.folha.uol.com.br\/colunas\/walter-porto\/2021\/02\/entenda-se-afinal-os-livros-ficaram-mais-caros-ou-nao-neste-ultimo-ano.shtml?utm_campaign=apanhadao_17022021_-_teste&amp;utm_medium=email&amp;utm_source=RD+Station\" target=\"_blank\" rel=\"noopener noreferrer\">Painel das Letras<\/a> desse final de semana fez uma an\u00e1lise para entender se os livros, realmente, ficaram mais caros no \u00faltimo ano. Segundo a coluna, quando se olha o quadro geral de forma fria, a ideia perde for\u00e7a. De acordo com o balan\u00e7o anual da consultoria Nielsen, feito com o SNEL, o pre\u00e7o m\u00e9dio do livro caiu 1,34% de 2019 para 2020. Mas boa parte disso se deve a uma pol\u00edtica de descontos agressiva praticada por causa da pandemia. A varia\u00e7\u00e3o no desconto m\u00e9dio saltou 4,5 pontos percentuais de um ano para outro.<!--more--><\/p>\n<p><a href=\"https:\/\/oglobo.globo.com\/ela\/gente\/conheca-trajetoria-de-marlene-taschen-ceo-da-editora-de-arte-mais-prestigiada-do-mundo-1-24885151?utm_campaign=apanhadao_17022021_-_teste&amp;utm_medium=email&amp;utm_source=RD+Station\" target=\"_blank\" rel=\"noopener noreferrer\">O Globo<\/a> dedicou uma mat\u00e9ria \u00e0 Marlene Taschen, CEO da editora de arte mais prestigiada do mundo. Marlene dirige as cria\u00e7\u00f5es e os neg\u00f3cios da editora alem\u00e3, que tem sede na cidade alem\u00e3 de Col\u00f4nia e 13 livrarias no mundo. A Taschen nasceu em 1980 como uma livraria de HQs em um modesto espa\u00e7o de 25 metros quadrados em Col\u00f4nia e logo se tornou uma marca de refer\u00eancia por suas edi\u00e7\u00f5es sobre artes em geral, fotografia, arquitetura, design, erotismo, viagem ou lifestyle, em parcerias exclusivas com grandes nomes internacionais. E o Brasil continua presente nos planos da editora. Para este ano, al\u00e9m de uma nova obra de Sebasti\u00e3o Salgado, sobre a Amaz\u00f4nia, est\u00e1 prevista uma reedi\u00e7\u00e3o atualizada do livro da artista Beatriz Milhazes. Mais do que isso: o pa\u00eds poder\u00e1 ter em breve sua primeira livraria Taschen. \u201cH\u00e1 uma possibilidade, hoje, de uma parceria bem interessante para uma loja em S\u00e3o Paulo. Acho que seria bem bom\u201d, disse ao jornal.<\/p>\n<p>Mat\u00e9ria publicada no The New York Times e reproduzida na <a href=\"https:\/\/www1.folha.uol.com.br\/ilustrada\/2021\/02\/afrofuturismo-floresce-nos-quadrinhos-muito-alem-de-pantera-negra.shtml?utm_campaign=apanhadao_17022021_-_teste&amp;utm_medium=email&amp;utm_source=RD+Station\" target=\"_blank\" rel=\"noopener noreferrer\">Folha<\/a> falou sobre o afrofuturismo que floresce nos quadrinhos muito al\u00e9m de Pantera Negra. Este ano, uma safra recorde trar\u00e1 uma nova linha dedicada a fic\u00e7\u00e3o especulativa negra e relan\u00e7amento de t\u00edtulos de grandes editoras. O afrofuturismo, quer em romances, quer em filmes, quer na m\u00fasica, imagina mundos e futuros nos quais a di\u00e1spora africana e a fic\u00e7\u00e3o cient\u00edfica se entrecruzam. J\u00e1 o termo, foi cunhado pelo escritor Mark Dery em 1993 e desde ent\u00e3o foi aplicado aos romances de Octavia Butler (Kindred), \u00e0 m\u00fasica do compositor de jazz Sun Ra e, mais recentemente, a filmes como Corra! e Pantera Negra.<\/p>\n<p>Faleceu na \u00faltima ter\u00e7a (16), aos 82 anos, o poeta e arquiteto espanhol <a href=\"https:\/\/cultura.estadao.com.br\/noticias\/literatura,morre-o-poeta-espanhol-joan-margarit-vencedor-do-premio-cervantes-2019-aos-82-anos,70003617961?utm_campaign=apanhadao_17022021_-_teste&amp;utm_medium=email&amp;utm_source=RD+Station\" target=\"_blank\" rel=\"noopener noreferrer\">Joan Margarit<\/a>, dois meses depois de ter recebido pessoalmente o prestigioso Pr\u00eamio Cervantes 2019. Segundo a imprensa espanhola, a morte se deu em decorr\u00eancia de um c\u00e2ncer diagnosticado no ano passado. Em recente entrevista ao jornal catal\u00e3o La Vanguardia, o poeta explicou que havia recebido nove sess\u00f5es de quimioterapia, mas que n\u00e3o funcionaram. O poeta catal\u00e3o \u00e9 autor de uma importante obra, que inclui t\u00edtulos como Estaci\u00f3n de Francia (1999), Joana (2002), Misteriosamente feliz (2008) ou Para tener casa hay que ganar la guerra (2018).<\/p>\n<p>A <a href=\"https:\/\/cultura.estadao.com.br\/blogs\/babel\/um-livro-por-semana-42-sobre-muros-medo-preconceito-violencia-e-tolerancia-para-criancas\/?utm_campaign=apanhadao_17022021_-_teste&amp;utm_medium=email&amp;utm_source=RD+Station\" target=\"_blank\" rel=\"noopener noreferrer\">coluna da Babel<\/a> informou que o Suplemento Pernambuco inicia em mar\u00e7o a segunda s\u00e9rie do projeto Bot\u00e3o Vermelho, em parceria com o Instituto Serrapilheira. A cada m\u00eas ser\u00e1 publicado um conto in\u00e9dito inspirado em alguma pesquisa cient\u00edfica feita em universidade p\u00fablica. Os convidados s\u00e3o: Cristhiano Aguiar, Cidinha da Silva, Bruno Ribeiro, Veronica Stigger, Jeferson Ten\u00f3rio e Nat\u00e1lia Borges Polesso.<\/p>\n<p>A <a href=\"https:\/\/www1.folha.uol.com.br\/ilustrada\/2021\/02\/contos-eroticos-de-anais-nin-inspiram-serie-sensual-e-bem-produzida.shtml?utm_campaign=apanhadao_17022021_-_teste&amp;utm_medium=email&amp;utm_source=RD+Station\" target=\"_blank\" rel=\"noopener noreferrer\">Folha<\/a> dedicou uma mat\u00e9ria \u00e0 nova s\u00e9rie Little Birds. Baseada na cole\u00e7\u00e3o de contos er\u00f3ticos Pequenos P\u00e1ssaros, da escritora francesa Ana\u00efs Nin (1903-1977), publicada postumamente no final da d\u00e9cada de 1970, a s\u00e9rie estreou no \u00faltimo domingo no canal Starzplay e tem tramas que interagem entre si divididas em seis epis\u00f3dios, com mais ou menos 45 minutos cada. Escritas provavelmente nos anos 1940, as hist\u00f3rias que deram origem a esse roteiro acabaram por se transformar em uma das obras fundamentais da literatura er\u00f3tica de Nin, ao lado de Delta de V\u00eanus. Little Birds, a s\u00e9rie tem como protagonista a jovem nova-iorquina Lucy Savage (Juno Temple), filha de um comerciante rico e uma m\u00e3e entediada e que se muda para T\u00e2nger, no Marrocos, no meio da d\u00e9cada de 1950, para se casar com um aristocrata ingl\u00eas chamado Hugh Cavendish-Smyth (Hugh Skinner).<\/p>\n<p>&#8216;Racismo delirante&#8217; \u00e9 tratamento grotesco, Monteiro Lobato merece respeito. <a href=\"https:\/\/www1.folha.uol.com.br\/ilustrada\/2021\/02\/contos-eroticos-de-anais-nin-inspiram-serie-sensual-e-bem-produzida.shtml?utm_campaign=apanhadao_17022021_-_teste&amp;utm_medium=email&amp;utm_source=RD+Station\" target=\"_blank\" rel=\"noopener noreferrer\">Folha<\/a> publica artigo da pesquisadora Ana L\u00facia Brand\u00e3o que questiona<a href=\"https:\/\/www1.folha.uol.com.br\/colunas\/marcelocoelho\/2021\/01\/pode-ser-chato-saber-disso-mas-monteiro-lobato-era-de-um-racismo-delirante.shtml\" target=\"_blank\" rel=\"noopener noreferrer\"> coluna de Marcelo Coelho sobre autor brasileiro<\/a>. Em seu texto, Marcelo classifica Lobato como \u201ctremendamente, monstruosamente, escandalosamente racista \u2014um racista delirante\u201d. Segundo Ana L\u00facia, \u201ca obra deste grande escritor s\u00e3o um verdadeiro jogo de espelhos, que exige muito f\u00f4lego e capacidade de discernimento dos que desejem opinar sobre ela ou sobre o escritor\u201d.<\/p>\n<p>No prelo das editoras, a coluna <a href=\"https:\/\/www1.folha.uol.com.br\/colunas\/walter-porto\/2021\/02\/entenda-se-afinal-os-livros-ficaram-mais-caros-ou-nao-neste-ultimo-ano.shtml?utm_campaign=apanhadao_17022021_-_teste&amp;utm_medium=email&amp;utm_source=RD+Station\" target=\"_blank\" rel=\"noopener noreferrer\">Painel das Letras<\/a> adiantou que em mar\u00e7o, a Planeta publica Solid\u00e3o e companhia, obra em que a jornalista colombiana Silvana Paternostro reconta a vida de Gabriel Garc\u00eda M\u00e1rquez. E a Jos\u00e9 Olympio prepara Ch\u00e3o em chamas, de Juan Rulfo, para maio.<\/p>\n","protected":false},"excerpt":{"rendered":"<p>A coluna Painel das Letras desse final de semana fez uma an\u00e1lise para entender se os livros, realmente, ficaram mais caros no \u00faltimo ano. Segundo a coluna, quando se olha o quadro geral de forma fria, a ideia perde for\u00e7a. De acordo com o balan\u00e7o anual da consultoria Nielsen, feito com o SNEL, o pre\u00e7o [&hellip;]<\/p>\n","protected":false},"author":4,"featured_media":0,"comment_status":"closed","ping_status":"closed","sticky":false,"template":"","format":"standard","meta":{"footnotes":"","_links_to":"","_links_to_target":""},"categories":[9],"tags":[],"class_list":["post-13214","post","type-post","status-publish","format-standard","hentry","category-noticias-da-imprensa"],"yoast_head":"<!-- This site is optimized with the Yoast SEO plugin v15.1 - https:\/\/yoast.com\/wordpress\/plugins\/seo\/ -->\n<title>Apanhad\u00e3o: Os livros ficaram mais caros no \u00faltimo ano? &raquo; Abrelivros<\/title>\n<meta name=\"robots\" content=\"index, follow, max-snippet:-1, max-image-preview:large, max-video-preview:-1\" \/>\n<link rel=\"canonical\" href=\"https:\/\/abrelivros.org.br\/site\/apanhadao-os-livros-ficaram-mais-caros-no-ultimo-ano\/\" \/>\n<meta property=\"og:locale\" content=\"pt_BR\" \/>\n<meta property=\"og:type\" content=\"article\" \/>\n<meta property=\"og:title\" content=\"Apanhad\u00e3o: Os livros ficaram mais caros no \u00faltimo ano? &raquo; Abrelivros\" \/>\n<meta property=\"og:description\" content=\"A coluna Painel das Letras desse final de semana fez uma an\u00e1lise para entender se os livros, realmente, ficaram mais caros no \u00faltimo ano. Segundo a coluna, quando se olha o quadro geral de forma fria, a ideia perde for\u00e7a. De acordo com o balan\u00e7o anual da consultoria Nielsen, feito com o SNEL, o pre\u00e7o [&hellip;]\" \/>\n<meta property=\"og:url\" content=\"https:\/\/abrelivros.org.br\/site\/apanhadao-os-livros-ficaram-mais-caros-no-ultimo-ano\/\" \/>\n<meta property=\"og:site_name\" content=\"Abrelivros\" \/>\n<meta property=\"article:published_time\" content=\"2021-02-17T17:01:57+00:00\" \/>\n<meta property=\"article:modified_time\" content=\"2021-02-17T17:16:39+00:00\" \/>\n<meta name=\"twitter:card\" content=\"summary_large_image\" \/>\n<script type=\"application\/ld+json\" class=\"yoast-schema-graph\">{\"@context\":\"https:\/\/schema.org\",\"@graph\":[{\"@type\":\"WebSite\",\"@id\":\"https:\/\/abrelivros.org.br\/site\/#website\",\"url\":\"https:\/\/abrelivros.org.br\/site\/\",\"name\":\"Abrelivros\",\"description\":\"\",\"potentialAction\":[{\"@type\":\"SearchAction\",\"target\":\"https:\/\/abrelivros.org.br\/site\/?s={search_term_string}\",\"query-input\":\"required name=search_term_string\"}],\"inLanguage\":\"pt-BR\"},{\"@type\":\"WebPage\",\"@id\":\"https:\/\/abrelivros.org.br\/site\/apanhadao-os-livros-ficaram-mais-caros-no-ultimo-ano\/#webpage\",\"url\":\"https:\/\/abrelivros.org.br\/site\/apanhadao-os-livros-ficaram-mais-caros-no-ultimo-ano\/\",\"name\":\"Apanhad\\u00e3o: Os livros ficaram mais caros no \\u00faltimo ano? &raquo; Abrelivros\",\"isPartOf\":{\"@id\":\"https:\/\/abrelivros.org.br\/site\/#website\"},\"datePublished\":\"2021-02-17T17:01:57+00:00\",\"dateModified\":\"2021-02-17T17:16:39+00:00\",\"author\":{\"@id\":\"https:\/\/abrelivros.org.br\/site\/#\/schema\/person\/65db80e26409802ce15ac5feec6a15fd\"},\"breadcrumb\":{\"@id\":\"https:\/\/abrelivros.org.br\/site\/apanhadao-os-livros-ficaram-mais-caros-no-ultimo-ano\/#breadcrumb\"},\"inLanguage\":\"pt-BR\",\"potentialAction\":[{\"@type\":\"ReadAction\",\"target\":[\"https:\/\/abrelivros.org.br\/site\/apanhadao-os-livros-ficaram-mais-caros-no-ultimo-ano\/\"]}]},{\"@type\":\"BreadcrumbList\",\"@id\":\"https:\/\/abrelivros.org.br\/site\/apanhadao-os-livros-ficaram-mais-caros-no-ultimo-ano\/#breadcrumb\",\"itemListElement\":[{\"@type\":\"ListItem\",\"position\":1,\"item\":{\"@type\":\"WebPage\",\"@id\":\"https:\/\/abrelivros.org.br\/site\/\",\"url\":\"https:\/\/abrelivros.org.br\/site\/\",\"name\":\"In\\u00edcio\"}},{\"@type\":\"ListItem\",\"position\":2,\"item\":{\"@type\":\"WebPage\",\"@id\":\"https:\/\/abrelivros.org.br\/site\/category\/noticias\/\",\"url\":\"https:\/\/abrelivros.org.br\/site\/category\/noticias\/\",\"name\":\"Not\\u00edcias\"}},{\"@type\":\"ListItem\",\"position\":3,\"item\":{\"@type\":\"WebPage\",\"@id\":\"https:\/\/abrelivros.org.br\/site\/category\/noticias\/noticias-da-imprensa\/\",\"url\":\"https:\/\/abrelivros.org.br\/site\/category\/noticias\/noticias-da-imprensa\/\",\"name\":\"Not\\u00edcias da imprensa\"}},{\"@type\":\"ListItem\",\"position\":4,\"item\":{\"@type\":\"WebPage\",\"@id\":\"https:\/\/abrelivros.org.br\/site\/apanhadao-os-livros-ficaram-mais-caros-no-ultimo-ano\/\",\"url\":\"https:\/\/abrelivros.org.br\/site\/apanhadao-os-livros-ficaram-mais-caros-no-ultimo-ano\/\",\"name\":\"Apanhad\\u00e3o: Os livros ficaram mais caros no \\u00faltimo ano?\"}}]},{\"@type\":\"Person\",\"@id\":\"https:\/\/abrelivros.org.br\/site\/#\/schema\/person\/65db80e26409802ce15ac5feec6a15fd\",\"name\":\"Reda\\u00e7\\u00e3o Abrelivros\",\"image\":{\"@type\":\"ImageObject\",\"@id\":\"https:\/\/abrelivros.org.br\/site\/#personlogo\",\"inLanguage\":\"pt-BR\",\"url\":\"https:\/\/secure.gravatar.com\/avatar\/c4e57f9c7e3482965bd428192061218520756c39080b1d1820b679fa5e9af192?s=96&d=mm&r=g\",\"caption\":\"Reda\\u00e7\\u00e3o Abrelivros\"}}]}<\/script>\n<!-- \/ Yoast SEO plugin. -->","_links":{"self":[{"href":"https:\/\/abrelivros.org.br\/site\/wp-json\/wp\/v2\/posts\/13214","targetHints":{"allow":["GET"]}}],"collection":[{"href":"https:\/\/abrelivros.org.br\/site\/wp-json\/wp\/v2\/posts"}],"about":[{"href":"https:\/\/abrelivros.org.br\/site\/wp-json\/wp\/v2\/types\/post"}],"author":[{"embeddable":true,"href":"https:\/\/abrelivros.org.br\/site\/wp-json\/wp\/v2\/users\/4"}],"replies":[{"embeddable":true,"href":"https:\/\/abrelivros.org.br\/site\/wp-json\/wp\/v2\/comments?post=13214"}],"version-history":[{"count":1,"href":"https:\/\/abrelivros.org.br\/site\/wp-json\/wp\/v2\/posts\/13214\/revisions"}],"predecessor-version":[{"id":13215,"href":"https:\/\/abrelivros.org.br\/site\/wp-json\/wp\/v2\/posts\/13214\/revisions\/13215"}],"wp:attachment":[{"href":"https:\/\/abrelivros.org.br\/site\/wp-json\/wp\/v2\/media?parent=13214"}],"wp:term":[{"taxonomy":"category","embeddable":true,"href":"https:\/\/abrelivros.org.br\/site\/wp-json\/wp\/v2\/categories?post=13214"},{"taxonomy":"post_tag","embeddable":true,"href":"https:\/\/abrelivros.org.br\/site\/wp-json\/wp\/v2\/tags?post=13214"}],"curies":[{"name":"wp","href":"https:\/\/api.w.org\/{rel}","templated":true}]}}