{"id":13212,"date":"2021-02-17T13:50:06","date_gmt":"2021-02-17T16:50:06","guid":{"rendered":"https:\/\/abrelivros.org.br\/site\/?p=13212"},"modified":"2021-02-17T13:50:06","modified_gmt":"2021-02-17T16:50:06","slug":"programa-de-livros-didaticos-vira-alvo-de-educadores-e-deputados-entenda-por-que","status":"publish","type":"post","link":"https:\/\/abrelivros.org.br\/site\/programa-de-livros-didaticos-vira-alvo-de-educadores-e-deputados-entenda-por-que\/","title":{"rendered":"Programa de livros did\u00e1ticos vira alvo de educadores e deputados. Entenda por qu\u00ea"},"content":{"rendered":"<p>A publica\u00e7\u00e3o do edital do Programa Nacional de Livros Did\u00e1ticos (PNLD) 2023, na \u00faltima sexta-feira (12), foi recebida com cr\u00edticas por parte de alguns educadores e parlamentares, que pedem a suspens\u00e3o do certame. Para opositores, o PNLD teria deixado de observar princ\u00edpios \u00e9ticos e democr\u00e1ticos imprescind\u00edveis. Representantes do Minist\u00e9rio da Educa\u00e7\u00e3o (MEC), por sua vez, negam a retirada de temas importantes e falam em &#8220;pol\u00eamica desnecess\u00e1ria&#8221;.<!--more--><\/p>\n<p>O edital para a sele\u00e7\u00e3o dos materiais e seu conte\u00fado \u00e9, em \u00faltima inst\u00e2ncia, responsabilidade do Fundo Nacional de Desenvolvimento da Educa\u00e7\u00e3o (FNDE), autarquia ligada MEC. Trata-se de um dos programas que envolve mais recursos e que demanda uma log\u00edstica intensa para a distribui\u00e7\u00e3o de mais de 150 milh\u00f5es de livros todos os anos.<\/p>\n<p>Nesta edi\u00e7\u00e3o, s\u00e3o contemplados livros did\u00e1ticos para alunos e professores do ensino fundamental I, etapa voltada a crian\u00e7as entre seis e dez anos. Segundo o MEC, a principal mudan\u00e7a do PNLD 2023 \u00e9 que o edital prioriza as \u00e1reas de portugu\u00eas e matem\u00e1tica, aprimorando conte\u00fados voltados, sobretudo, \u00e0 alfabetiza\u00e7\u00e3o &#8211; aposta do governo na Educa\u00e7\u00e3o.<\/p>\n<p>A deputada Tabata Amaral (PDT) foi uma das primeiras a criticar o documento, horas ap\u00f3s sua publica\u00e7\u00e3o. Nas redes sociais, ela denunciou o que considerou como &#8220;uma s\u00e9rie de problemas muito preocupantes&#8221; no edital. A parlamentar se referia ao fato de que temas relacionados ao respeito \u00e0 diversidade teriam sido &#8220;retirados&#8221; do PNLD 2023. Ela apontou, ainda, que os \u00faltimos editais estabeleciam proibi\u00e7\u00f5es claras a livros de cunho racista e que colocavam mulheres em posi\u00e7\u00e3o de inferioridade ou que reproduziam preconceitos regionais. Ela cita ainda que falta incluir &#8220;tem\u00e1tica de g\u00eanero&#8221;, inclusive &#8220;no que diz respeito \u00e0 homo e transfobia&#8221;.<\/p>\n<p><strong>&#8220;Supress\u00e3o de princ\u00edpios \u00e9ticos e democr\u00e1ticos&#8221;<\/strong><\/p>\n<p>As cr\u00edticas levantadas pela deputada dizem respeito ao fato de que o certame de 2019 estabelecia &#8220;crit\u00e9rios mais claros&#8221; quanto \u00e0 import\u00e2ncia das obras adotarem compromisso educacional com pautas contra a viol\u00eancia \u00e0 mulher e contra o preconceito regional, por exemplo. Para Tabata, h\u00e1 uma &#8220;supress\u00e3o de diversos princ\u00edpios \u00e9ticos e democr\u00e1ticos que constavam no edital anterior&#8221;. &#8220;Tais mudan\u00e7as contrariam as diretrizes do [pr\u00f3prio] PNLD&#8221;, disse ela.<\/p>\n<p>&#8220;N\u00e3o podemos deixar que livros de cunho racista, que reproduzem a desigualdade entre homens e mulheres, preconceituosos, com nordestinos, por exemplo, sejam comprados com dinheiro p\u00fablico e colocados em sala de aula. \u00c9 isso que quero evitar&#8221;, publicou ela no Twitter.<\/p>\n<p>A atualiza\u00e7\u00e3o, ainda para a deputada, &#8220;deturpa a Base Nacional Comum Curricular (BNCC)&#8221;. O documento, de fato, direciona as metodologias de educa\u00e7\u00e3o a partir de uma perspectiva de &#8220;respeito \u00e0s diversidades&#8221;, mas trata-se apenas de uma orienta\u00e7\u00e3o os curr\u00edculos a n\u00edvel municipal e estadual.<\/p>\n<p>&#8220;53% dos estupros que acontecem no Brasil, acontecem com meninas de menos de 13 anos de idade. Fingir que essa realidade n\u00e3o existe, tapar os olhos, n\u00e3o ajuda a ningu\u00e9m. E s\u00f3 coloca nossas crian\u00e7as em maior risco&#8221;, escreve ela. &#8220;\u00c9 claro que h\u00e1 metodologias adequadas para tratarmos de temas t\u00e3o complexos com cada crian\u00e7a dependendo da sua idade. Mas \u00e9 na escola que elas ter\u00e3o alguma chance de aprender que ningu\u00e9m deve toc\u00e1-la sem o seu consentimento, e aprender a denunciar esse tipo de abuso&#8221;.<\/p>\n<p><strong>&#8220;Pol\u00eamica desnecess\u00e1ria&#8221;<\/strong><\/p>\n<p>De fato, o edital do PNLD 2023 atualiza os crit\u00e9rios gerais para a avalia\u00e7\u00e3o pedag\u00f3gica das obras. Muitos dos t\u00f3picos apresentados na edi\u00e7\u00e3o anterior s\u00e3o substitu\u00eddos por termos mais amplos, como a promo\u00e7\u00e3o de &#8220;valores c\u00edvicos, como respeito, patriotismo, cidadania, solidariedade, responsabilidade, urbanidade, coopera\u00e7\u00e3o e honestidade&#8221;.<\/p>\n<p>A edi\u00e7\u00e3o de 2023 tamb\u00e9m condiciona a sele\u00e7\u00e3o das obras \u00e0 necessidade de estarem &#8220;livre de preconceitos ou discrimina\u00e7\u00f5es de qualquer ordem e estarem isentas de qualquer forma de promo\u00e7\u00e3o da viol\u00eancia ou da viola\u00e7\u00e3o de direitos humanos&#8221;. O MEC, contudo, deixa de estabelecer proibi\u00e7\u00f5es claras a livros com abordagem de &#8220;tem\u00e1tica de g\u00eanero segundo uma perspectiva sexista n\u00e3o igualit\u00e1ria, inclusive no que diz respeito \u00e0 homo e transfobia&#8221; e abordagens de &#8220;rela\u00e7\u00f5es \u00e9tnico-raciais, do preconceito, da discrimina\u00e7\u00e3o racial e da viol\u00eancia correlata, de forma n\u00e3o solid\u00e1ria e injusta&#8221;, por exemplo.<\/p>\n<p>O Minist\u00e9rio justifica que o certame, al\u00e9m de cumprir os requisitos legais aplic\u00e1veis, est\u00e1 em alinhamento com a Base, documento que estabelece, entre outras coisas, que temas como &#8220;viol\u00eancia contra a mulher&#8221; devem ser abordados na disciplina de Hist\u00f3ria no 9\u00ba ano &#8211; grupo para o qual n\u00e3o se destina o atual edital do PNLD.<\/p>\n<p>&#8220;Essa foi uma escolha feita pelo Conselho Nacional de Educa\u00e7\u00e3o (CNE) em 2017 e est\u00e1 claramente descrita na habilidade EF09HI26&#8221;, escreveu o titular da pasta, Milton Ribeiro, em seu perfil no Twitter. &#8220;A respeito do preconceito regional, o edital preconiza o respeito a todos os brasileiros e \u00e0 Constitui\u00e7\u00e3o e, em seu item 2.3.10, destaca que deve ser representada a diversidade cultural do pa\u00eds nos enfoques e exemplos das obras. Diversos minist\u00e9rios, al\u00e9m do MEC, est\u00e3o engajados para enfrentar os problemas da viol\u00eancia, do racismo, da pobreza, entre outros&#8221;.<\/p>\n<p>&#8220;Al\u00e9m disso, sabemos que, infelizmente, muitos professores s\u00e3o agredidos e desrespeitados todos os dias. Os novos livros did\u00e1ticos dever\u00e3o promover valores c\u00edvicos, como o respeito, patriotismo, responsabilidade e honestidade, bem como o respeito aos mais velhos&#8221;.<\/p>\n<p>Carlos Nadalim, da Secretaria de Alfabetiza\u00e7\u00e3o (Sealf), tamb\u00e9m saiu em defesa do edital nas redes sociais. Em v\u00eddeo, ele fala em &#8220;pol\u00eamica desnecess\u00e1ria&#8221; que decorre da m\u00e1 compreens\u00e3o do edital. &#8220;\u00c9 um edital baseado em evid\u00eancias cient\u00edficas [&#8230;] apresenta crit\u00e9rios muito claros e objetivos para a elabora\u00e7\u00e3o de materiais did\u00e1ticos&#8221;, defende.<\/p>\n<p>Na esteira das discuss\u00f5es, e ap\u00f3s Tabata Amaral e o deputado Felipe Rigoni (PSB) terem protocolado um Projeto de Decreto Legislativo (DPL) a fim de sustar o edital, internautas pressionaram o presidente da C\u00e2mara dos Deputados, Arthur Lira (PP), por meio de hashtags no Twitter como #LiraAprovaPNLD. O assunto chegou a ser um dos mais comentados da rede na segunda-feira (15).<\/p>\n<p>Lira n\u00e3o fez men\u00e7\u00e3o direta ao PNLD. &#8220;Sou nordestino antes de tudo e penso tamb\u00e9m que o racismo, o preconceito e a viol\u00eancia contra a mulher s\u00e3o abomin\u00e1veis e devem ser combatidos desde cedo. A educa\u00e7\u00e3o deve dar a cada cidad\u00e3o a capacidade cr\u00edtica para seguir a sua caminhada formando seus julgamentos e pontos de vista&#8221;, escreveu Lira.<\/p>\n<p>&#8220;Aqui na C\u00e2mara a hora \u00e9 do n\u00f3s &#8211; e vamos ouvir e acolher todas as manifesta\u00e7\u00f5es. A maioria prevalecer\u00e1 como acontece na democracia. E o povo tem legitimidade de manifestar -se e mobilizar seus representantes&#8221;.<\/p>\n<p><strong>Sexualidade deve ser abordada em escolas?<\/strong><\/p>\n<p>Especialistas divergem sobre se e em quais etapas o tema deve ser abordado nas escolas. <a href=\"https:\/\/www.gazetadopovo.com.br\/educacao\/estupro-e-aborto-como-uma-boa-educacao-sexual-poderia-ajudar-a-prevenir-o-abuso-de-criancas\/?ref=link-interno-materia\" target=\"_blank\" rel=\"noopener noreferrer\">Ouvidos<\/a> pela Gazeta do Povo no \u00faltimo ano, educadores concordam, de modo geral, que o assunto deve come\u00e7ar a ser introduzido em casa, da maneira como parecer conveniente aos pais e de acordo com valores familiares.<\/p>\n<p>Os dados, contudo, apontam para uma conjuntura preocupante. Mapeamento de 2019 do Minist\u00e9rio da Mulher, da Fam\u00edlia e dos Direitos Humanos (MMFDH), por exemplo, aponta que pelos menos 40% dos crimes de viol\u00eancia sexual infantil no pa\u00eds foram cometidos por pais ou padrastos.<\/p>\n<p>Ainda, 14% dos crimes dessa natureza foram cometidos pelas m\u00e3es das v\u00edtimas, 9% pelos tios, 7% por vizinhos e os outros 30% dos casos s\u00e3o de responsabilidade de &#8220;outros&#8221;. Pelo menos 73% dos crimes de viol\u00eancia sexual infantil aconteceram na casa da pr\u00f3pria v\u00edtima, e as autoridades estimam que apenas 10% dos crimes s\u00e3o denunciados.<\/p>\n<p>Portanto, para grande parte dos especialistas, uma educa\u00e7\u00e3o sexual escolar que respeite o desenvolvimento f\u00edsico, psicol\u00f3gico, afetivo, cognitivo e, sobretudo, sexual de uma crian\u00e7a oferece ferramentas e caminhos para diagnosticar poss\u00edveis abusos ou, atrav\u00e9s de den\u00fancia, interromp\u00ea-los.<\/p>\n<p>Um dos principais fatores que impede um di\u00e1logo aberto sobre o tema, no entanto, \u00e9 a confus\u00e3o em torno do termo &#8220;educa\u00e7\u00e3o sexual&#8221;, que tem sido, muitas vezes, interpretado de forma equivocada. H\u00e1 pessoas que costumam associar \u00e0 terminologia, rapidamente, imagens de professores ensinando alunos do ensino fundamental a colocar camisinhas em \u00f3rg\u00e3os sexuais ou, por exemplo, aulas sobre &#8220;como fazer sexo&#8221;. Embora (e infelizmente) exemplos como esses tenham realmente ocorrido, n\u00e3o \u00e9 disso que se trata a verdadeira educa\u00e7\u00e3o sexual. A recusa por parte das institui\u00e7\u00f5es em abordar o tema &#8211; visto como tabu &#8211; ou, at\u00e9 mesmo, de denunciar \u00e0s autoridades casos de viol\u00eancia sexual, tem sido uma porta facilitadora para os abusadores.<\/p>\n<p><strong>Leia a \u00edntegra do edital do PNLD 2023:<\/strong><\/p>\n<p><strong>Leia a \u00edntegra do edital do PNLD 2019:<\/strong><\/p>\n<p><strong>Leia o PDL protocolado pela deputada Tabata Amaral (PDT):<\/strong><\/p>\n","protected":false},"excerpt":{"rendered":"<p>A publica\u00e7\u00e3o do edital do Programa Nacional de Livros Did\u00e1ticos (PNLD) 2023, na \u00faltima sexta-feira (12), foi recebida com cr\u00edticas por parte de alguns educadores e parlamentares, que pedem a suspens\u00e3o do certame. Para opositores, o PNLD teria deixado de observar princ\u00edpios \u00e9ticos e democr\u00e1ticos imprescind\u00edveis. Representantes do Minist\u00e9rio da Educa\u00e7\u00e3o (MEC), por sua vez, [&hellip;]<\/p>\n","protected":false},"author":4,"featured_media":0,"comment_status":"closed","ping_status":"closed","sticky":false,"template":"","format":"standard","meta":{"footnotes":"","_links_to":"","_links_to_target":""},"categories":[9,10],"tags":[],"class_list":["post-13212","post","type-post","status-publish","format-standard","hentry","category-noticias-da-imprensa","category-pnld-programa-nacional-do-livro-e-do-material-didatico"],"yoast_head":"<!-- This site is optimized with the Yoast SEO plugin v15.1 - https:\/\/yoast.com\/wordpress\/plugins\/seo\/ -->\n<title>Programa de livros did\u00e1ticos vira alvo de educadores e deputados. Entenda por qu\u00ea &raquo; Abrelivros<\/title>\n<meta name=\"robots\" content=\"index, follow, max-snippet:-1, max-image-preview:large, max-video-preview:-1\" \/>\n<link rel=\"canonical\" href=\"https:\/\/abrelivros.org.br\/site\/programa-de-livros-didaticos-vira-alvo-de-educadores-e-deputados-entenda-por-que\/\" \/>\n<meta property=\"og:locale\" content=\"pt_BR\" \/>\n<meta property=\"og:type\" content=\"article\" \/>\n<meta property=\"og:title\" content=\"Programa de livros did\u00e1ticos vira alvo de educadores e deputados. Entenda por qu\u00ea &raquo; Abrelivros\" \/>\n<meta property=\"og:description\" content=\"A publica\u00e7\u00e3o do edital do Programa Nacional de Livros Did\u00e1ticos (PNLD) 2023, na \u00faltima sexta-feira (12), foi recebida com cr\u00edticas por parte de alguns educadores e parlamentares, que pedem a suspens\u00e3o do certame. Para opositores, o PNLD teria deixado de observar princ\u00edpios \u00e9ticos e democr\u00e1ticos imprescind\u00edveis. Representantes do Minist\u00e9rio da Educa\u00e7\u00e3o (MEC), por sua vez, [&hellip;]\" \/>\n<meta property=\"og:url\" content=\"https:\/\/abrelivros.org.br\/site\/programa-de-livros-didaticos-vira-alvo-de-educadores-e-deputados-entenda-por-que\/\" \/>\n<meta property=\"og:site_name\" content=\"Abrelivros\" \/>\n<meta property=\"article:published_time\" content=\"2021-02-17T16:50:06+00:00\" \/>\n<meta name=\"twitter:card\" content=\"summary_large_image\" \/>\n<script type=\"application\/ld+json\" class=\"yoast-schema-graph\">{\"@context\":\"https:\/\/schema.org\",\"@graph\":[{\"@type\":\"WebSite\",\"@id\":\"https:\/\/abrelivros.org.br\/site\/#website\",\"url\":\"https:\/\/abrelivros.org.br\/site\/\",\"name\":\"Abrelivros\",\"description\":\"\",\"potentialAction\":[{\"@type\":\"SearchAction\",\"target\":\"https:\/\/abrelivros.org.br\/site\/?s={search_term_string}\",\"query-input\":\"required name=search_term_string\"}],\"inLanguage\":\"pt-BR\"},{\"@type\":\"WebPage\",\"@id\":\"https:\/\/abrelivros.org.br\/site\/programa-de-livros-didaticos-vira-alvo-de-educadores-e-deputados-entenda-por-que\/#webpage\",\"url\":\"https:\/\/abrelivros.org.br\/site\/programa-de-livros-didaticos-vira-alvo-de-educadores-e-deputados-entenda-por-que\/\",\"name\":\"Programa de livros did\\u00e1ticos vira alvo de educadores e deputados. Entenda por qu\\u00ea &raquo; Abrelivros\",\"isPartOf\":{\"@id\":\"https:\/\/abrelivros.org.br\/site\/#website\"},\"datePublished\":\"2021-02-17T16:50:06+00:00\",\"dateModified\":\"2021-02-17T16:50:06+00:00\",\"author\":{\"@id\":\"https:\/\/abrelivros.org.br\/site\/#\/schema\/person\/65db80e26409802ce15ac5feec6a15fd\"},\"breadcrumb\":{\"@id\":\"https:\/\/abrelivros.org.br\/site\/programa-de-livros-didaticos-vira-alvo-de-educadores-e-deputados-entenda-por-que\/#breadcrumb\"},\"inLanguage\":\"pt-BR\",\"potentialAction\":[{\"@type\":\"ReadAction\",\"target\":[\"https:\/\/abrelivros.org.br\/site\/programa-de-livros-didaticos-vira-alvo-de-educadores-e-deputados-entenda-por-que\/\"]}]},{\"@type\":\"BreadcrumbList\",\"@id\":\"https:\/\/abrelivros.org.br\/site\/programa-de-livros-didaticos-vira-alvo-de-educadores-e-deputados-entenda-por-que\/#breadcrumb\",\"itemListElement\":[{\"@type\":\"ListItem\",\"position\":1,\"item\":{\"@type\":\"WebPage\",\"@id\":\"https:\/\/abrelivros.org.br\/site\/\",\"url\":\"https:\/\/abrelivros.org.br\/site\/\",\"name\":\"In\\u00edcio\"}},{\"@type\":\"ListItem\",\"position\":2,\"item\":{\"@type\":\"WebPage\",\"@id\":\"https:\/\/abrelivros.org.br\/site\/category\/noticias\/\",\"url\":\"https:\/\/abrelivros.org.br\/site\/category\/noticias\/\",\"name\":\"Not\\u00edcias\"}},{\"@type\":\"ListItem\",\"position\":3,\"item\":{\"@type\":\"WebPage\",\"@id\":\"https:\/\/abrelivros.org.br\/site\/category\/noticias\/noticias-da-imprensa\/\",\"url\":\"https:\/\/abrelivros.org.br\/site\/category\/noticias\/noticias-da-imprensa\/\",\"name\":\"Not\\u00edcias da imprensa\"}},{\"@type\":\"ListItem\",\"position\":4,\"item\":{\"@type\":\"WebPage\",\"@id\":\"https:\/\/abrelivros.org.br\/site\/programa-de-livros-didaticos-vira-alvo-de-educadores-e-deputados-entenda-por-que\/\",\"url\":\"https:\/\/abrelivros.org.br\/site\/programa-de-livros-didaticos-vira-alvo-de-educadores-e-deputados-entenda-por-que\/\",\"name\":\"Programa de livros did\\u00e1ticos vira alvo de educadores e deputados. Entenda por qu\\u00ea\"}}]},{\"@type\":\"Person\",\"@id\":\"https:\/\/abrelivros.org.br\/site\/#\/schema\/person\/65db80e26409802ce15ac5feec6a15fd\",\"name\":\"Reda\\u00e7\\u00e3o Abrelivros\",\"image\":{\"@type\":\"ImageObject\",\"@id\":\"https:\/\/abrelivros.org.br\/site\/#personlogo\",\"inLanguage\":\"pt-BR\",\"url\":\"https:\/\/secure.gravatar.com\/avatar\/c4e57f9c7e3482965bd428192061218520756c39080b1d1820b679fa5e9af192?s=96&d=mm&r=g\",\"caption\":\"Reda\\u00e7\\u00e3o Abrelivros\"}}]}<\/script>\n<!-- \/ Yoast SEO plugin. -->","_links":{"self":[{"href":"https:\/\/abrelivros.org.br\/site\/wp-json\/wp\/v2\/posts\/13212","targetHints":{"allow":["GET"]}}],"collection":[{"href":"https:\/\/abrelivros.org.br\/site\/wp-json\/wp\/v2\/posts"}],"about":[{"href":"https:\/\/abrelivros.org.br\/site\/wp-json\/wp\/v2\/types\/post"}],"author":[{"embeddable":true,"href":"https:\/\/abrelivros.org.br\/site\/wp-json\/wp\/v2\/users\/4"}],"replies":[{"embeddable":true,"href":"https:\/\/abrelivros.org.br\/site\/wp-json\/wp\/v2\/comments?post=13212"}],"version-history":[{"count":1,"href":"https:\/\/abrelivros.org.br\/site\/wp-json\/wp\/v2\/posts\/13212\/revisions"}],"predecessor-version":[{"id":13213,"href":"https:\/\/abrelivros.org.br\/site\/wp-json\/wp\/v2\/posts\/13212\/revisions\/13213"}],"wp:attachment":[{"href":"https:\/\/abrelivros.org.br\/site\/wp-json\/wp\/v2\/media?parent=13212"}],"wp:term":[{"taxonomy":"category","embeddable":true,"href":"https:\/\/abrelivros.org.br\/site\/wp-json\/wp\/v2\/categories?post=13212"},{"taxonomy":"post_tag","embeddable":true,"href":"https:\/\/abrelivros.org.br\/site\/wp-json\/wp\/v2\/tags?post=13212"}],"curies":[{"name":"wp","href":"https:\/\/api.w.org\/{rel}","templated":true}]}}