{"id":13210,"date":"2021-02-16T12:34:11","date_gmt":"2021-02-16T15:34:11","guid":{"rendered":"https:\/\/abrelivros.org.br\/site\/?p=13210"},"modified":"2021-02-16T12:34:11","modified_gmt":"2021-02-16T15:34:11","slug":"varejo-livro-fechou-o-ano-com-crescimento","status":"publish","type":"post","link":"https:\/\/abrelivros.org.br\/site\/varejo-livro-fechou-o-ano-com-crescimento\/","title":{"rendered":"Varejo livro fechou o ano com crescimento"},"content":{"rendered":"<p>O segmento do varejo do livro brasileiro fechou 2020 com um crescimento de faturamento de 2%, comparativamente ao mesmo per\u00edodo de 2019. Com um volume de R$ 2,1 bilh\u00f5es. impulsionado pela recupera\u00e7\u00e3o no quarto trimestre. Houve, ainda, expans\u00e3o de 4% em volume de venda no varejo.<!--more--><\/p>\n<p>O ano de 2020 foi um ano de reinven\u00e7\u00e3o e supera\u00e7\u00e3o de adversidades para as livrarias. Segundo o presidente da ANL, Bernardo Gurbanov, a pandemia acelerou alguns processos que j\u00e1 estavam em curso, um deles \u00e9 o do com\u00e9rcio eletr\u00f4nico e o uso das m\u00eddias digitais. \u201cAs livrarias est\u00e3o se conscientizando, cada vez mais, da necessidade de aproveitamento desses recursos para minimizar o impacto na queda de vendas e at\u00e9 para impulsion\u00e1-las novamente. Estamos caminhando para um modelo h\u00edbrido, em que as livrarias precisam trabalhar entre o mundo f\u00edsico e o mundo virtual, comunicando-se das mais variadas formas com seu cliente e nesse novo cen\u00e1rio, a ANL quer ser um facilitador.\u201d<\/p>\n<p>A GFK, em parceria com a Associa\u00e7\u00e3o Nacional de Livrarias-ANL, disponibiliza mensalmente o retrato sobre o comportamento do varejo no mercado do livro no Brasil. A Associa\u00e7\u00e3o Nacional de Livrarias \u2013 ANL e a GFK, uma das empresas l\u00edderes em Intelig\u00eancia de Mercado no mundo disponibiliza mensalmente, pelo site da ANL, um retrato sobre o comportamento do varejo no mercado do livro no Brasil.<\/p>\n<p>Veja o Relat\u00f3rio Completo: <a href=\"https:\/\/www.anl.org.br\/docs\/GfK_Mercado_de_Livros_2020_ANL.pdf\" target=\"_blank\" rel=\"noopener noreferrer\">GfK &#8211; Mercado de Livros 2020_ANL<\/a><\/p>\n<p>Mais informa\u00e7\u00f5es: <a href=\"https:\/\/www.anl.org.br\/v1\/numeros-do-setor\" target=\"_blank\" rel=\"noopener noreferrer\">https:\/\/www.anl.org.br\/v1\/numeros-do-setor<\/a><\/p>\n","protected":false},"excerpt":{"rendered":"<p>O segmento do varejo do livro brasileiro fechou 2020 com um crescimento de faturamento de 2%, comparativamente ao mesmo per\u00edodo de 2019. Com um volume de R$ 2,1 bilh\u00f5es. impulsionado pela recupera\u00e7\u00e3o no quarto trimestre. Houve, ainda, expans\u00e3o de 4% em volume de venda no varejo.<\/p>\n","protected":false},"author":4,"featured_media":0,"comment_status":"closed","ping_status":"closed","sticky":false,"template":"","format":"standard","meta":{"footnotes":"","_links_to":"","_links_to_target":""},"categories":[9],"tags":[],"class_list":["post-13210","post","type-post","status-publish","format-standard","hentry","category-noticias-da-imprensa"],"yoast_head":"<!-- This site is optimized with the Yoast SEO plugin v15.1 - https:\/\/yoast.com\/wordpress\/plugins\/seo\/ -->\n<title>Varejo livro fechou o ano com crescimento &raquo; Abrelivros<\/title>\n<meta name=\"robots\" content=\"index, follow, max-snippet:-1, max-image-preview:large, max-video-preview:-1\" \/>\n<link rel=\"canonical\" href=\"https:\/\/abrelivros.org.br\/site\/varejo-livro-fechou-o-ano-com-crescimento\/\" \/>\n<meta property=\"og:locale\" content=\"pt_BR\" \/>\n<meta property=\"og:type\" content=\"article\" \/>\n<meta property=\"og:title\" content=\"Varejo livro fechou o ano com crescimento &raquo; Abrelivros\" \/>\n<meta property=\"og:description\" content=\"O segmento do varejo do livro brasileiro fechou 2020 com um crescimento de faturamento de 2%, comparativamente ao mesmo per\u00edodo de 2019. Com um volume de R$ 2,1 bilh\u00f5es. impulsionado pela recupera\u00e7\u00e3o no quarto trimestre. Houve, ainda, expans\u00e3o de 4% em volume de venda no varejo.\" \/>\n<meta property=\"og:url\" content=\"https:\/\/abrelivros.org.br\/site\/varejo-livro-fechou-o-ano-com-crescimento\/\" \/>\n<meta property=\"og:site_name\" content=\"Abrelivros\" \/>\n<meta property=\"article:published_time\" content=\"2021-02-16T15:34:11+00:00\" \/>\n<meta name=\"twitter:card\" content=\"summary_large_image\" \/>\n<script type=\"application\/ld+json\" class=\"yoast-schema-graph\">{\"@context\":\"https:\/\/schema.org\",\"@graph\":[{\"@type\":\"WebSite\",\"@id\":\"https:\/\/abrelivros.org.br\/site\/#website\",\"url\":\"https:\/\/abrelivros.org.br\/site\/\",\"name\":\"Abrelivros\",\"description\":\"\",\"potentialAction\":[{\"@type\":\"SearchAction\",\"target\":\"https:\/\/abrelivros.org.br\/site\/?s={search_term_string}\",\"query-input\":\"required name=search_term_string\"}],\"inLanguage\":\"pt-BR\"},{\"@type\":\"WebPage\",\"@id\":\"https:\/\/abrelivros.org.br\/site\/varejo-livro-fechou-o-ano-com-crescimento\/#webpage\",\"url\":\"https:\/\/abrelivros.org.br\/site\/varejo-livro-fechou-o-ano-com-crescimento\/\",\"name\":\"Varejo livro fechou o ano com crescimento &raquo; Abrelivros\",\"isPartOf\":{\"@id\":\"https:\/\/abrelivros.org.br\/site\/#website\"},\"datePublished\":\"2021-02-16T15:34:11+00:00\",\"dateModified\":\"2021-02-16T15:34:11+00:00\",\"author\":{\"@id\":\"https:\/\/abrelivros.org.br\/site\/#\/schema\/person\/65db80e26409802ce15ac5feec6a15fd\"},\"breadcrumb\":{\"@id\":\"https:\/\/abrelivros.org.br\/site\/varejo-livro-fechou-o-ano-com-crescimento\/#breadcrumb\"},\"inLanguage\":\"pt-BR\",\"potentialAction\":[{\"@type\":\"ReadAction\",\"target\":[\"https:\/\/abrelivros.org.br\/site\/varejo-livro-fechou-o-ano-com-crescimento\/\"]}]},{\"@type\":\"BreadcrumbList\",\"@id\":\"https:\/\/abrelivros.org.br\/site\/varejo-livro-fechou-o-ano-com-crescimento\/#breadcrumb\",\"itemListElement\":[{\"@type\":\"ListItem\",\"position\":1,\"item\":{\"@type\":\"WebPage\",\"@id\":\"https:\/\/abrelivros.org.br\/site\/\",\"url\":\"https:\/\/abrelivros.org.br\/site\/\",\"name\":\"In\\u00edcio\"}},{\"@type\":\"ListItem\",\"position\":2,\"item\":{\"@type\":\"WebPage\",\"@id\":\"https:\/\/abrelivros.org.br\/site\/category\/noticias\/\",\"url\":\"https:\/\/abrelivros.org.br\/site\/category\/noticias\/\",\"name\":\"Not\\u00edcias\"}},{\"@type\":\"ListItem\",\"position\":3,\"item\":{\"@type\":\"WebPage\",\"@id\":\"https:\/\/abrelivros.org.br\/site\/category\/noticias\/noticias-da-imprensa\/\",\"url\":\"https:\/\/abrelivros.org.br\/site\/category\/noticias\/noticias-da-imprensa\/\",\"name\":\"Not\\u00edcias da imprensa\"}},{\"@type\":\"ListItem\",\"position\":4,\"item\":{\"@type\":\"WebPage\",\"@id\":\"https:\/\/abrelivros.org.br\/site\/varejo-livro-fechou-o-ano-com-crescimento\/\",\"url\":\"https:\/\/abrelivros.org.br\/site\/varejo-livro-fechou-o-ano-com-crescimento\/\",\"name\":\"Varejo livro fechou o ano com crescimento\"}}]},{\"@type\":\"Person\",\"@id\":\"https:\/\/abrelivros.org.br\/site\/#\/schema\/person\/65db80e26409802ce15ac5feec6a15fd\",\"name\":\"Reda\\u00e7\\u00e3o Abrelivros\",\"image\":{\"@type\":\"ImageObject\",\"@id\":\"https:\/\/abrelivros.org.br\/site\/#personlogo\",\"inLanguage\":\"pt-BR\",\"url\":\"https:\/\/secure.gravatar.com\/avatar\/c4e57f9c7e3482965bd428192061218520756c39080b1d1820b679fa5e9af192?s=96&d=mm&r=g\",\"caption\":\"Reda\\u00e7\\u00e3o Abrelivros\"}}]}<\/script>\n<!-- \/ Yoast SEO plugin. -->","_links":{"self":[{"href":"https:\/\/abrelivros.org.br\/site\/wp-json\/wp\/v2\/posts\/13210","targetHints":{"allow":["GET"]}}],"collection":[{"href":"https:\/\/abrelivros.org.br\/site\/wp-json\/wp\/v2\/posts"}],"about":[{"href":"https:\/\/abrelivros.org.br\/site\/wp-json\/wp\/v2\/types\/post"}],"author":[{"embeddable":true,"href":"https:\/\/abrelivros.org.br\/site\/wp-json\/wp\/v2\/users\/4"}],"replies":[{"embeddable":true,"href":"https:\/\/abrelivros.org.br\/site\/wp-json\/wp\/v2\/comments?post=13210"}],"version-history":[{"count":1,"href":"https:\/\/abrelivros.org.br\/site\/wp-json\/wp\/v2\/posts\/13210\/revisions"}],"predecessor-version":[{"id":13211,"href":"https:\/\/abrelivros.org.br\/site\/wp-json\/wp\/v2\/posts\/13210\/revisions\/13211"}],"wp:attachment":[{"href":"https:\/\/abrelivros.org.br\/site\/wp-json\/wp\/v2\/media?parent=13210"}],"wp:term":[{"taxonomy":"category","embeddable":true,"href":"https:\/\/abrelivros.org.br\/site\/wp-json\/wp\/v2\/categories?post=13210"},{"taxonomy":"post_tag","embeddable":true,"href":"https:\/\/abrelivros.org.br\/site\/wp-json\/wp\/v2\/tags?post=13210"}],"curies":[{"name":"wp","href":"https:\/\/api.w.org\/{rel}","templated":true}]}}